{"id":777373,"date":"2025-12-18T13:25:18","date_gmt":"2025-12-18T12:25:18","guid":{"rendered":"https:\/\/www.hashtag.al\/?p=777373"},"modified":"2025-12-18T13:25:18","modified_gmt":"2025-12-18T12:25:18","slug":"bardhi-nga-sot-kemi-nje-avokat-te-popullit-karagjoz","status":"publish","type":"post","link":"https:\/\/www.hashtag.al\/index.php\/2025\/12\/18\/bardhi-nga-sot-kemi-nje-avokat-te-popullit-karagjoz\/","title":{"rendered":"Bardhi: Nga sot kemi nj\u00eb Avokat t\u00eb Popullit, karagjoz","gt_translate_keys":[{"key":"rendered","format":"text"}]},"content":{"rendered":"<p><span style=\"color: #000000;\"><img loading=\"lazy\" decoding=\"async\" class=\"aligncenter size-full wp-image-777374\" src=\"https:\/\/www.hashtag.al\/wp-content\/uploads\/2025\/12\/bardhi-1-1-768x437-1.jpg\" alt=\"\" width=\"768\" height=\"437\" srcset=\"https:\/\/www.hashtag.al\/wp-content\/uploads\/2025\/12\/bardhi-1-1-768x437-1.jpg 768w, https:\/\/www.hashtag.al\/wp-content\/uploads\/2025\/12\/bardhi-1-1-768x437-1-300x171.jpg 300w\" sizes=\"auto, (max-width: 768px) 100vw, 768px\" \/><\/span><\/p>\n<p><span style=\"color: #000000;\">Deputeti i PD, Gazment Bardhi, p\u00ebrmes nj\u00eb komunikimi p\u00ebr mediat, refuzoi t\u00eb komentoj\u00eb deklaratat e ashtuquajturit \u201cushtari i Suel \u00c7el\u00ebs\u201d, duke iu referuar kreut t\u00eb grupit parlamentar t\u00eb PS, Taulant Balla.<\/span><\/p>\n<p data-start=\"364\" data-end=\"672\"><span style=\"color: #000000;\">Bardhi paralajm\u00ebroi se shum\u00eb shpejt edhe Balla do t\u00eb p\u00ebrballet me t\u00eb nj\u00ebjt\u00ebn situat\u00eb si Balluku: <em>\u201cDeklaratat e ushtarit t\u00eb Suel \u00c7el\u00ebs nuk i komentoj. Nes\u00ebr do t\u00eb jet\u00eb p\u00ebrball\u00eb nesh si e pandehur. Shum\u00eb shpejt edhe Balla do t\u00eb jet\u00eb n\u00eb t\u00eb nj\u00ebjt\u00ebn karrige. Zoti Balla ngre karton\u00eb jeshil\u00eb p\u00ebr \u00e7unat e Dubait.\u201d<\/em><\/span><\/p>\n<p><span style=\"color: #000000;\"><em>\u201cDeklaratat e ushtarit t\u00eb Suel \u00c7el\u00ebs nuk i komentoj. Nes\u00ebr do jet\u00eb p\u00ebrballe nesh, si e pandehur. shum\u00eb shpejt edhe Balla do t\u00eb jet\u00eb n\u00eb t\u00eb nj\u00ebjt\u00eb karrige Zoti Balla ngre karton\u00eb jeshil\u00eb p\u00ebr \u00e7unat e Dubait. <\/em><\/span><\/p>\n<p><span style=\"color: #000000;\"><em>Veprimi i sot\u00ebm nuk ka lidhje me protestat q\u00eb organizon opozita, por vet\u00ebm me nevoj\u00ebn q\u00eb kan\u00eb shqiptar\u00ebt p\u00ebr t\u00eb rr\u00ebzuar regjimin.<\/em><\/span><\/p>\n<p><span style=\"color: #000000;\"><em> Grupi k\u00ebshilltar po p\u00ebrgatit k\u00ebrkes\u00ebn dhe do depozitohet menj\u00ebher\u00eb n\u00eb Gjykat\u00eb Kushtetuese. Nga sot nuk kemi Avokat populli po nj\u00eb karagjoz q\u00eb puth me duar e k\u00ebmb\u00eb dhe provokon deputet\u00eb. <\/em><\/span><\/p>\n<p><span style=\"color: #000000;\"><em>Por Edi Rama \u00ebsht\u00eb kryekaragjozi\u201d,<\/em> tha ai.<\/span><\/p>\n","protected":false,"gt_translate_keys":[{"key":"rendered","format":"html"}]},"excerpt":{"rendered":"<p>Deputeti i PD, Gazment Bardhi, p\u00ebrmes nj\u00eb komunikimi p\u00ebr mediat, refuzoi t\u00eb komentoj\u00eb deklaratat e ashtuquajturit \u201cushtari i Suel \u00c7el\u00ebs\u201d, duke iu referuar kreut t\u00eb grupit parlamentar t\u00eb PS, Taulant Balla. Bardhi paralajm\u00ebroi se shum\u00eb shpejt edhe Balla do t\u00eb p\u00ebrballet me t\u00eb nj\u00ebjt\u00ebn situat\u00eb si Balluku: \u201cDeklaratat e ushtarit t\u00eb Suel \u00c7el\u00ebs nuk i [&hellip;]<\/p>\n","protected":false,"gt_translate_keys":[{"key":"rendered","format":"html"}]},"author":49,"featured_media":777374,"comment_status":"closed","ping_status":"open","sticky":false,"template":"","format":"standard","meta":{"footnotes":""},"categories":[65],"tags":[],"class_list":["post-777373","post","type-post","status-publish","format-standard","has-post-thumbnail","hentry","category-lajme"],"gt_translate_keys":[{"key":"link","format":"url"}],"_links":{"self":[{"href":"https:\/\/www.hashtag.al\/index.php\/wp-json\/wp\/v2\/posts\/777373","targetHints":{"allow":["GET"]}}],"collection":[{"href":"https:\/\/www.hashtag.al\/index.php\/wp-json\/wp\/v2\/posts"}],"about":[{"href":"https:\/\/www.hashtag.al\/index.php\/wp-json\/wp\/v2\/types\/post"}],"author":[{"embeddable":true,"href":"https:\/\/www.hashtag.al\/index.php\/wp-json\/wp\/v2\/users\/49"}],"replies":[{"embeddable":true,"href":"https:\/\/www.hashtag.al\/index.php\/wp-json\/wp\/v2\/comments?post=777373"}],"version-history":[{"count":99999,"href":"https:\/\/www.hashtag.al\/index.php\/wp-json\/wp\/v2\/posts\/777373\/revisions"}],"predecessor-version":[{"id":777375,"href":"https:\/\/www.hashtag.al\/index.php\/wp-json\/wp\/v2\/posts\/777373\/revisions\/777375"}],"wp:featuredmedia":[{"embeddable":true,"href":"https:\/\/www.hashtag.al\/index.php\/wp-json\/wp\/v2\/media\/777374"}],"wp:attachment":[{"href":"https:\/\/www.hashtag.al\/index.php\/wp-json\/wp\/v2\/media?parent=777373"}],"wp:term":[{"taxonomy":"category","embeddable":true,"href":"https:\/\/www.hashtag.al\/index.php\/wp-json\/wp\/v2\/categories?post=777373"},{"taxonomy":"post_tag","embeddable":true,"href":"https:\/\/www.hashtag.al\/index.php\/wp-json\/wp\/v2\/tags?post=777373"}],"curies":[{"name":"wp","href":"https:\/\/api.w.org\/{rel}","templated":true}]}}