{"id":777343,"date":"2025-12-18T10:48:25","date_gmt":"2025-12-18T09:48:25","guid":{"rendered":"https:\/\/www.hashtag.al\/?p=777343"},"modified":"2025-12-18T10:48:25","modified_gmt":"2025-12-18T09:48:25","slug":"tensione-ne-kuvend-berisha-hedh-pretendime-per-largimin-e-ballukut-nga-vendi","status":"publish","type":"post","link":"https:\/\/www.hashtag.al\/index.php\/2025\/12\/18\/tensione-ne-kuvend-berisha-hedh-pretendime-per-largimin-e-ballukut-nga-vendi\/","title":{"rendered":"Tensione n\u00eb Kuvend, Berisha hedh pretendime p\u00ebr largimin e Ballukut nga vendi","gt_translate_keys":[{"key":"rendered","format":"text"}]},"content":{"rendered":"<p data-start=\"83\" data-end=\"375\"><span style=\"color: #000000;\"><img loading=\"lazy\" decoding=\"async\" class=\"size-full wp-image-775159 aligncenter\" src=\"https:\/\/www.hashtag.al\/wp-content\/uploads\/2025\/12\/1764933427_saliberisha.jpg\" alt=\"\" width=\"780\" height=\"440\" srcset=\"https:\/\/www.hashtag.al\/wp-content\/uploads\/2025\/12\/1764933427_saliberisha.jpg 780w, https:\/\/www.hashtag.al\/wp-content\/uploads\/2025\/12\/1764933427_saliberisha-300x169.jpg 300w, https:\/\/www.hashtag.al\/wp-content\/uploads\/2025\/12\/1764933427_saliberisha-768x433.jpg 768w\" sizes=\"auto, (max-width: 780px) 100vw, 780px\" \/><br \/>\nTensionet kan\u00eb vijuar edhe sot n\u00eb Kuvend, ku kreu i Partis\u00eb Demokratike, Sali Berisha, ka b\u00ebr\u00eb deklarata t\u00eb forta gjat\u00eb nj\u00eb lidhjeje live n\u00eb Facebook nga ambientet e Kuvendit. Berisha pretendoi se qarkullojn\u00eb z\u00ebra sipas t\u00eb cil\u00ebve z\u00ebvend\u00ebskryeministrja Belinda Balluku \u00ebsht\u00eb larguar nga vendi.<\/span><\/p>\n<p data-start=\"377\" data-end=\"496\"><span style=\"color: #000000;\">Gjat\u00eb fjal\u00ebs s\u00eb tij, Berisha u shpreh me tone t\u00eb ashpra, duke iu drejtuar mazhoranc\u00ebs dhe duke p\u00ebrmendur emra konkret\u00eb.<\/span><\/p>\n<p data-start=\"498\" data-end=\"659\"><span style=\"color: #000000;\">\u201cShko gjeni Agasin, terroristin, pengmarr\u00ebsin. Shkoni sillni Agasin\u201d, tha Berisha, nd\u00ebrsa nga salla u d\u00ebgjua reagimi i deputetit Flamur Balliu: \u201cMbylleni goj\u00ebn\u201d.<\/span><\/p>\n<p data-start=\"661\" data-end=\"981\"><span style=\"color: #000000;\">N\u00eb vijim t\u00eb deklarat\u00ebs s\u00eb tij, Berisha shtoi: \u201cT\u00eb dashur qytetar\u00eb, k\u00ebta po mbrojn\u00eb nj\u00eb pengmarr\u00ebs. Thuhet se lubia ka marr\u00eb dhen\u00eb, por s\u2019jam i sigurt. K\u00ebta jan\u00eb; vidh dhe ligj! Vidh dhe ligj! E g\u00ebzofshi! Me t\u00eb dyja duart merreni. E g\u00ebzofshi at\u00eb\u2026 Me t\u00eb dyja duart jua jap! Bashk\u00eb me t\u00eb shoqen biles. Shko silleni Agasin\u201d.<\/span><\/p>\n","protected":false,"gt_translate_keys":[{"key":"rendered","format":"html"}]},"excerpt":{"rendered":"<p>Tensionet kan\u00eb vijuar edhe sot n\u00eb Kuvend, ku kreu i Partis\u00eb Demokratike, Sali Berisha, ka b\u00ebr\u00eb deklarata t\u00eb forta gjat\u00eb nj\u00eb lidhjeje live n\u00eb Facebook nga ambientet e Kuvendit. Berisha pretendoi se qarkullojn\u00eb z\u00ebra sipas t\u00eb cil\u00ebve z\u00ebvend\u00ebskryeministrja Belinda Balluku \u00ebsht\u00eb larguar nga vendi. Gjat\u00eb fjal\u00ebs s\u00eb tij, Berisha u shpreh me tone t\u00eb ashpra, [&hellip;]<\/p>\n","protected":false,"gt_translate_keys":[{"key":"rendered","format":"html"}]},"author":32,"featured_media":775159,"comment_status":"closed","ping_status":"open","sticky":false,"template":"","format":"standard","meta":{"footnotes":""},"categories":[65],"tags":[],"class_list":["post-777343","post","type-post","status-publish","format-standard","has-post-thumbnail","hentry","category-lajme"],"gt_translate_keys":[{"key":"link","format":"url"}],"_links":{"self":[{"href":"https:\/\/www.hashtag.al\/index.php\/wp-json\/wp\/v2\/posts\/777343","targetHints":{"allow":["GET"]}}],"collection":[{"href":"https:\/\/www.hashtag.al\/index.php\/wp-json\/wp\/v2\/posts"}],"about":[{"href":"https:\/\/www.hashtag.al\/index.php\/wp-json\/wp\/v2\/types\/post"}],"author":[{"embeddable":true,"href":"https:\/\/www.hashtag.al\/index.php\/wp-json\/wp\/v2\/users\/32"}],"replies":[{"embeddable":true,"href":"https:\/\/www.hashtag.al\/index.php\/wp-json\/wp\/v2\/comments?post=777343"}],"version-history":[{"count":99999,"href":"https:\/\/www.hashtag.al\/index.php\/wp-json\/wp\/v2\/posts\/777343\/revisions"}],"predecessor-version":[{"id":777349,"href":"https:\/\/www.hashtag.al\/index.php\/wp-json\/wp\/v2\/posts\/777343\/revisions\/777349"}],"wp:featuredmedia":[{"embeddable":true,"href":"https:\/\/www.hashtag.al\/index.php\/wp-json\/wp\/v2\/media\/775159"}],"wp:attachment":[{"href":"https:\/\/www.hashtag.al\/index.php\/wp-json\/wp\/v2\/media?parent=777343"}],"wp:term":[{"taxonomy":"category","embeddable":true,"href":"https:\/\/www.hashtag.al\/index.php\/wp-json\/wp\/v2\/categories?post=777343"},{"taxonomy":"post_tag","embeddable":true,"href":"https:\/\/www.hashtag.al\/index.php\/wp-json\/wp\/v2\/tags?post=777343"}],"curies":[{"name":"wp","href":"https:\/\/api.w.org\/{rel}","templated":true}]}}