{"id":777276,"date":"2025-12-17T21:51:06","date_gmt":"2025-12-17T20:51:06","guid":{"rendered":"https:\/\/www.hashtag.al\/?p=777276"},"modified":"2025-12-17T22:49:57","modified_gmt":"2025-12-17T21:49:57","slug":"be-ja-do-votoje-per-skemen-qe-u-mundeson-grave-te-abortojne-ne-vende-ku-lejohet","status":"publish","type":"post","link":"https:\/\/www.hashtag.al\/index.php\/2025\/12\/17\/be-ja-do-votoje-per-skemen-qe-u-mundeson-grave-te-abortojne-ne-vende-ku-lejohet\/","title":{"rendered":"BE-ja do votoj\u00eb p\u00ebr t\u00eb ndihmuar grave t\u00eb abortojn\u00eb n\u00eb vendet evropiane ku lejohet","gt_translate_keys":[{"key":"rendered","format":"text"}]},"content":{"rendered":"<p><img loading=\"lazy\" decoding=\"async\" class=\"aligncenter size-full wp-image-777278\" src=\"https:\/\/www.hashtag.al\/wp-content\/uploads\/2025\/12\/MM3ULUXAKRPTJHEC2E32CMZDVU-ezgif.com-avif-to-jpg-converter.jpg\" alt=\"\" width=\"960\" height=\"640\" srcset=\"https:\/\/www.hashtag.al\/wp-content\/uploads\/2025\/12\/MM3ULUXAKRPTJHEC2E32CMZDVU-ezgif.com-avif-to-jpg-converter.jpg 960w, https:\/\/www.hashtag.al\/wp-content\/uploads\/2025\/12\/MM3ULUXAKRPTJHEC2E32CMZDVU-ezgif.com-avif-to-jpg-converter-300x200.jpg 300w, https:\/\/www.hashtag.al\/wp-content\/uploads\/2025\/12\/MM3ULUXAKRPTJHEC2E32CMZDVU-ezgif.com-avif-to-jpg-converter-768x512.jpg 768w\" sizes=\"auto, (max-width: 960px) 100vw, 960px\" \/><\/p>\n<p><span style=\"color: #000000;\">Parlamenti Evropian pritet t\u00eb votoj\u00eb t\u00eb m\u00ebrkur\u00ebn nj\u00eb skem\u00eb q\u00eb do t\u2019u mund\u00ebsonte grave nga shtetet an\u00ebtare q\u00eb kufizojn\u00eb abortin t\u00eb abortojn\u00eb n\u00eb nj\u00eb vend tjet\u00ebr t\u00eb Bashkimit Evropian pa asnj\u00eb kosto.<\/span><\/p>\n<p><span style=\"color: #000000;\"> Nisma qytetare \u201cZ\u00ebri im, Zgjedhja ime\u201d parashikon krijimin e nj\u00eb fondi nga buxheti i BE-s\u00eb p\u00ebr t\u00eb mbuluar procedurat p\u00ebr persona q\u00eb vijn\u00eb nga vende me ndalime pothuajse totale, si Malta dhe Polonia, ose nga shtete ku aborti \u00ebsht\u00eb i v\u00ebshtir\u00eb p\u00ebr t\u2019u aksesuar, si Italia dhe Kroacia.<\/span><\/p>\n<p><span style=\"color: #000000;\">Edhe pse prirja e p\u00ebrgjithshme n\u00eb Evrop\u00eb ka qen\u00eb drejt zgjerimit t\u00eb qasjes n\u00eb abort, me Britanin\u00eb e Madhe q\u00eb e ka dekriminalizuar at\u00eb dhe Franc\u00ebn q\u00eb e ka p\u00ebrfshir\u00eb si t\u00eb drejt\u00eb kushtetuese, paralelisht \u00ebsht\u00eb rritur mb\u00ebshtetja p\u00ebr partit\u00eb e djathta, shum\u00eb prej t\u00eb cilave e kund\u00ebrshtojn\u00eb abortin. <\/span><\/p>\n<p><span style=\"color: #000000;\">Nism\u00ebtar\u00ebt, mes tyre aktivist\u00eb p\u00ebr t\u00eb drejtat e abortit dhe eurodeputet\u00eb nga e majta deri te qendra e djatht\u00eb, argumentojn\u00eb se skema do ndihmonte n\u00eb uljen e praktikave t\u00eb pasigurta dhe do t\u2019u jepte mb\u00ebshtetje grave q\u00eb nuk kan\u00eb mund\u00ebsi financiare p\u00ebr t\u00eb kryer procedur\u00ebn jasht\u00eb vendit.<\/span><\/p>\n<p><span style=\"color: #000000;\">Nga ana tjet\u00ebr, kritik\u00ebt, p\u00ebrfshir\u00eb eurodeputet\u00eb t\u00eb djatht\u00eb e kund\u00ebrshtojn\u00eb propozimin duke argumentuar se ai nd\u00ebrhyn n\u00eb ligjet komb\u00ebtare dhe bie ndesh me vlerat tradicionale t\u00eb krishtera.<\/span><\/p>\n<p><span style=\"color: #000000;\">N\u00ebse kalon, Komisioni Evropian do ket\u00eb afat deri n\u00eb muajin mars p\u00ebr t\u00eb vendosur n\u00ebse do ta pranoj\u00eb ose jo propozimin, ndon\u00ebse nisma t\u00eb tjera qytetare deri tani nuk kan\u00eb arritur t\u00eb konkretizohen. <\/span><\/p>\n<p><span style=\"color: #000000;\">Gjat\u00eb faz\u00ebs paraprake, kund\u00ebrshtar\u00ebt e skem\u00ebs kan\u00eb organizuar aktivitete s\u00eb bashku me federat\u00ebn kund\u00ebr t\u00eb drejtave t\u00eb abortit \u201cOne of Us\u201d dhe me Qendr\u00ebn Evropiane p\u00ebr Ligjin dhe Drejt\u00ebsin\u00eb, nj\u00eb deg\u00eb e Qendr\u00ebs Amerikane p\u00ebr Ligjin dhe Drejt\u00ebsin\u00eb, e cila ndjek \u00e7\u00ebshtje gjyq\u00ebsore q\u00eb lidhen me abortin, p\u00ebrfshir\u00eb p\u00ebrmbysjen e vendimit historik \u201cRoe vs. Wade\u201d nga Gjykata e Lart\u00eb e SHBA-s\u00eb n\u00eb vitin 2022.<\/span><\/p>\n<p><span style=\"color: #000000;\">K\u00ebto grupe organizuan dy konferenca brenda Parlamentit Evropian, ku kritikuan propozimin dhe ushtruan presion ndaj Komisionit Evropian q\u00eb t\u00eb p\u00ebrqendrohet m\u00eb shum\u00eb n\u00eb mb\u00ebshtetjen e maternitetit sesa n\u00eb abortin. <\/span><\/p>\n<p><span style=\"color: #000000;\">N\u00eb nj\u00eb debat parlamentar para votimit, eurodeputetja Elisabeth Dieringer nga grupi i djatht\u00eb \u201cPatriot\u00ebt p\u00ebr Evrop\u00ebn\u201d deklaroi se d\u00ebrgimi i grave n\u00eb vende me politika m\u00eb liberale p\u00ebr abortin p\u00ebrb\u00ebn nj\u00eb sulm ndaj rendit komb\u00ebtar, duke e cil\u00ebsuar k\u00ebt\u00eb qasje si nj\u00eb abuzim ideologjik t\u00eb pushtetit q\u00eb, sipas saj, nuk duhet t\u00eb pranohet n\u00eb nivel t\u00eb Bashkimit Evropian, shkruan <a style=\"color: #000000;\" href=\"https:\/\/www.reuters.com\/business\/healthcare-pharmaceuticals\/europe-vote-scheme-help-abortion-access-2025-12-17\/\">Reuters<\/a>.<\/span><\/p>\n","protected":false,"gt_translate_keys":[{"key":"rendered","format":"html"}]},"excerpt":{"rendered":"<p>Parlamenti Evropian pritet t\u00eb votoj\u00eb t\u00eb m\u00ebrkur\u00ebn nj\u00eb skem\u00eb q\u00eb do t\u2019u mund\u00ebsonte grave nga shtetet an\u00ebtare q\u00eb kufizojn\u00eb abortin t\u00eb abortojn\u00eb n\u00eb nj\u00eb vend tjet\u00ebr t\u00eb Bashkimit Evropian pa asnj\u00eb kosto. Nisma qytetare \u201cZ\u00ebri im, Zgjedhja ime\u201d parashikon krijimin e nj\u00eb fondi nga buxheti i BE-s\u00eb p\u00ebr t\u00eb mbuluar procedurat p\u00ebr persona q\u00eb vijn\u00eb [&hellip;]<\/p>\n","protected":false,"gt_translate_keys":[{"key":"rendered","format":"html"}]},"author":51,"featured_media":777278,"comment_status":"closed","ping_status":"open","sticky":false,"template":"","format":"standard","meta":{"footnotes":""},"categories":[53],"tags":[],"class_list":["post-777276","post","type-post","status-publish","format-standard","has-post-thumbnail","hentry","category-fast-foodi"],"gt_translate_keys":[{"key":"link","format":"url"}],"_links":{"self":[{"href":"https:\/\/www.hashtag.al\/index.php\/wp-json\/wp\/v2\/posts\/777276","targetHints":{"allow":["GET"]}}],"collection":[{"href":"https:\/\/www.hashtag.al\/index.php\/wp-json\/wp\/v2\/posts"}],"about":[{"href":"https:\/\/www.hashtag.al\/index.php\/wp-json\/wp\/v2\/types\/post"}],"author":[{"embeddable":true,"href":"https:\/\/www.hashtag.al\/index.php\/wp-json\/wp\/v2\/users\/51"}],"replies":[{"embeddable":true,"href":"https:\/\/www.hashtag.al\/index.php\/wp-json\/wp\/v2\/comments?post=777276"}],"version-history":[{"count":99999,"href":"https:\/\/www.hashtag.al\/index.php\/wp-json\/wp\/v2\/posts\/777276\/revisions"}],"predecessor-version":[{"id":777295,"href":"https:\/\/www.hashtag.al\/index.php\/wp-json\/wp\/v2\/posts\/777276\/revisions\/777295"}],"wp:featuredmedia":[{"embeddable":true,"href":"https:\/\/www.hashtag.al\/index.php\/wp-json\/wp\/v2\/media\/777278"}],"wp:attachment":[{"href":"https:\/\/www.hashtag.al\/index.php\/wp-json\/wp\/v2\/media?parent=777276"}],"wp:term":[{"taxonomy":"category","embeddable":true,"href":"https:\/\/www.hashtag.al\/index.php\/wp-json\/wp\/v2\/categories?post=777276"},{"taxonomy":"post_tag","embeddable":true,"href":"https:\/\/www.hashtag.al\/index.php\/wp-json\/wp\/v2\/tags?post=777276"}],"curies":[{"name":"wp","href":"https:\/\/api.w.org\/{rel}","templated":true}]}}