{"id":777194,"date":"2025-12-17T13:33:47","date_gmt":"2025-12-17T12:33:47","guid":{"rendered":"https:\/\/www.hashtag.al\/?p=777194"},"modified":"2025-12-17T13:37:59","modified_gmt":"2025-12-17T12:37:59","slug":"13-vjecari-plagos-te-miturin-me-thike-ne-sarande","status":"publish","type":"post","link":"https:\/\/www.hashtag.al\/index.php\/2025\/12\/17\/13-vjecari-plagos-te-miturin-me-thike-ne-sarande\/","title":{"rendered":"13-vje\u00e7ari plagos t\u00eb miturin me thik\u00eb n\u00eb Sarand\u00eb","gt_translate_keys":[{"key":"rendered","format":"text"}]},"content":{"rendered":"<p><span style=\"color: #000000;\"><img loading=\"lazy\" decoding=\"async\" class=\"aligncenter size-full wp-image-777195\" src=\"https:\/\/www.hashtag.al\/wp-content\/uploads\/2025\/12\/Plagosje-me-thike-Durres-768x414-1.jpg\" alt=\"\" width=\"768\" height=\"414\" srcset=\"https:\/\/www.hashtag.al\/wp-content\/uploads\/2025\/12\/Plagosje-me-thike-Durres-768x414-1.jpg 768w, https:\/\/www.hashtag.al\/wp-content\/uploads\/2025\/12\/Plagosje-me-thike-Durres-768x414-1-300x162.jpg 300w\" sizes=\"auto, (max-width: 768px) 100vw, 768px\" \/><\/span><\/p>\n<p><span style=\"color: #000000;\">Nj\u00eb ngjarje e r\u00ebnd\u00eb \u00ebsht\u00eb sh\u00ebnuar paraditen e sotme n\u00eb ambientet e nj\u00eb shkolle jopublike 9-vje\u00e7are n\u00eb Sarand\u00eb. <\/span><\/p>\n<p><span style=\"color: #000000;\">Rreth or\u00ebs 10:00, pas nj\u00eb konflikti p\u00ebr motive t\u00eb dob\u00ebta, dyshohet se nj\u00eb nx\u00ebn\u00ebs 13-vje\u00e7ar ka goditur me mjet prer\u00ebs nj\u00eb t\u00eb mitur 15-vje\u00e7ar i cili ndodhet n\u00eb spital, jasht\u00eb rrezikut p\u00ebr jet\u00ebn.<\/span><\/p>\n<p><span style=\"color: #000000;\">Vijon puna p\u00ebr shoq\u00ebrimin e autorit t\u00eb dyshuar t\u00eb k\u00ebsaj ngjarjeje, si dhe p\u00ebr sqarimin dhe dokumentimin e plot\u00eb t\u00eb rrethanave t\u00eb saj.<\/span><\/p>\n","protected":false,"gt_translate_keys":[{"key":"rendered","format":"html"}]},"excerpt":{"rendered":"<p>Nj\u00eb ngjarje e r\u00ebnd\u00eb \u00ebsht\u00eb sh\u00ebnuar paraditen e sotme n\u00eb ambientet e nj\u00eb shkolle jopublike 9-vje\u00e7are n\u00eb Sarand\u00eb. Rreth or\u00ebs 10:00, pas nj\u00eb konflikti p\u00ebr motive t\u00eb dob\u00ebta, dyshohet se nj\u00eb nx\u00ebn\u00ebs 13-vje\u00e7ar ka goditur me mjet prer\u00ebs nj\u00eb t\u00eb mitur 15-vje\u00e7ar i cili ndodhet n\u00eb spital, jasht\u00eb rrezikut p\u00ebr jet\u00ebn. Vijon puna p\u00ebr shoq\u00ebrimin [&hellip;]<\/p>\n","protected":false,"gt_translate_keys":[{"key":"rendered","format":"html"}]},"author":49,"featured_media":777195,"comment_status":"closed","ping_status":"open","sticky":false,"template":"","format":"standard","meta":{"footnotes":""},"categories":[65],"tags":[],"class_list":["post-777194","post","type-post","status-publish","format-standard","has-post-thumbnail","hentry","category-lajme"],"gt_translate_keys":[{"key":"link","format":"url"}],"_links":{"self":[{"href":"https:\/\/www.hashtag.al\/index.php\/wp-json\/wp\/v2\/posts\/777194","targetHints":{"allow":["GET"]}}],"collection":[{"href":"https:\/\/www.hashtag.al\/index.php\/wp-json\/wp\/v2\/posts"}],"about":[{"href":"https:\/\/www.hashtag.al\/index.php\/wp-json\/wp\/v2\/types\/post"}],"author":[{"embeddable":true,"href":"https:\/\/www.hashtag.al\/index.php\/wp-json\/wp\/v2\/users\/49"}],"replies":[{"embeddable":true,"href":"https:\/\/www.hashtag.al\/index.php\/wp-json\/wp\/v2\/comments?post=777194"}],"version-history":[{"count":99999,"href":"https:\/\/www.hashtag.al\/index.php\/wp-json\/wp\/v2\/posts\/777194\/revisions"}],"predecessor-version":[{"id":777196,"href":"https:\/\/www.hashtag.al\/index.php\/wp-json\/wp\/v2\/posts\/777194\/revisions\/777196"}],"wp:featuredmedia":[{"embeddable":true,"href":"https:\/\/www.hashtag.al\/index.php\/wp-json\/wp\/v2\/media\/777195"}],"wp:attachment":[{"href":"https:\/\/www.hashtag.al\/index.php\/wp-json\/wp\/v2\/media?parent=777194"}],"wp:term":[{"taxonomy":"category","embeddable":true,"href":"https:\/\/www.hashtag.al\/index.php\/wp-json\/wp\/v2\/categories?post=777194"},{"taxonomy":"post_tag","embeddable":true,"href":"https:\/\/www.hashtag.al\/index.php\/wp-json\/wp\/v2\/tags?post=777194"}],"curies":[{"name":"wp","href":"https:\/\/api.w.org\/{rel}","templated":true}]}}