{"id":777177,"date":"2025-12-17T15:43:46","date_gmt":"2025-12-17T14:43:46","guid":{"rendered":"https:\/\/www.hashtag.al\/?p=777177"},"modified":"2025-12-17T15:43:46","modified_gmt":"2025-12-17T14:43:46","slug":"nenshkruhet-marreveshja-per-lehtesimin-e-procedurave-doganore-ndermjet-shqiperise-dhe-greqise","status":"publish","type":"post","link":"https:\/\/www.hashtag.al\/index.php\/2025\/12\/17\/nenshkruhet-marreveshja-per-lehtesimin-e-procedurave-doganore-ndermjet-shqiperise-dhe-greqise\/","title":{"rendered":"N\u00ebnshkruhet marr\u00ebveshja p\u00ebr leht\u00ebsimin e procedurave doganore nd\u00ebrmjet Shqip\u00ebris\u00eb dhe Greqis\u00eb","gt_translate_keys":[{"key":"rendered","format":"text"}]},"content":{"rendered":"<p><span style=\"color: #000000;\"><img loading=\"lazy\" decoding=\"async\" class=\"aligncenter size-full wp-image-777179\" src=\"https:\/\/www.hashtag.al\/wp-content\/uploads\/2025\/12\/WhatsApp-Image-2025-12-17-at-12.20.29-PM-1024x768-1.jpeg\" alt=\"\" width=\"1024\" height=\"768\" srcset=\"https:\/\/www.hashtag.al\/wp-content\/uploads\/2025\/12\/WhatsApp-Image-2025-12-17-at-12.20.29-PM-1024x768-1.jpeg 1024w, https:\/\/www.hashtag.al\/wp-content\/uploads\/2025\/12\/WhatsApp-Image-2025-12-17-at-12.20.29-PM-1024x768-1-300x225.jpeg 300w, https:\/\/www.hashtag.al\/wp-content\/uploads\/2025\/12\/WhatsApp-Image-2025-12-17-at-12.20.29-PM-1024x768-1-768x576.jpeg 768w\" sizes=\"auto, (max-width: 1024px) 100vw, 1024px\" \/><\/span><\/p>\n<p><span style=\"color: #000000;\">Doganat Shqiptare dhe Greke n\u00ebnshkruan nj\u00eb marr\u00ebveshje p\u00ebr shk\u00ebmbimin e t\u00eb dh\u00ebnave para mb\u00ebrritjes s\u00eb mallrave, me q\u00ebllim p\u00ebrmir\u00ebsimin e analiz\u00ebs s\u00eb riskut dhe p\u00ebrshpejtimin e procedurave doganore n\u00eb pikat kufitare mes dy vendeve.<\/span><\/p>\n<p><span style=\"color: #000000;\">Memorandumi i Mir\u00ebkuptimit u n\u00ebnshkrua n\u00eb Bruksel nd\u00ebrmjet Drejtoris\u00eb s\u00eb P\u00ebrgjithshme t\u00eb Doganave t\u00eb Republik\u00ebs s\u00eb Shqip\u00ebris\u00eb, p\u00ebrfaq\u00ebsuar nga Drejtori i P\u00ebrgjithsh\u00ebm, z. Genti Gazheli, dhe Autoritetit t\u00eb Pavarur p\u00ebr t\u00eb Ardhurat Publike (IAPR) t\u00eb Republik\u00ebs Greke, p\u00ebrfaq\u00ebsuar nga Guvernatori, z. Georgios Pitsilis.<\/span><\/p>\n<p><span style=\"color: #000000;\">Ceremonia e n\u00ebnshkrimit u organizua nga Komisionerja p\u00ebr Zgjerim, znj. Marta Kos, dhe mblodhi drejtues t\u00eb autoriteteve doganore, si dhe Drejtorin e CEFTA-s dhe Drejtorin e Komunitetit t\u00eb Transportit, p\u00ebrcjell <span style=\"color: #0000ff;\"><strong><a style=\"color: #0000ff;\" href=\"https:\/\/monitor.al\/nenshkruhet-marreveshja-per-lehtesimin-e-procedurave-doganore-ndermjet-shqiperise-dhe-greqise\/\">Monitor.<\/a><\/strong><\/span><\/span><\/p>\n<p><span style=\"color: #000000;\">Ky Memorandum \u00ebsht\u00eb pjes\u00eb e Iniciativ\u00ebs \u201cGreen Lanes\u201d, e cila synon thjeshtimin dhe p\u00ebrshpejtimin e kontrolleve kufitare, reduktimin e koh\u00ebs s\u00eb pritjes dhe leht\u00ebsimin e flukseve tregtare nd\u00ebrmjet Bashkimit Evropian dhe vendeve partnere t\u00eb Ballkanit Per\u00ebndimor, p\u00ebrmes rritjes s\u00eb koordinimit dhe shk\u00ebmbimit t\u00eb t\u00eb dh\u00ebnave nd\u00ebrmjet administratave doganore.<\/span><\/p>\n<p><span style=\"color: #000000;\">Gjat\u00eb aktivitetit, Komisionerja p\u00ebr Zgjerimin znj. Marta Kos theksoi r\u00ebnd\u00ebsin\u00eb e forcimit t\u00eb bashk\u00ebpunimit doganor p\u00ebr mb\u00ebshtetjen e integrimit rajonal, leht\u00ebsimin e tregtis\u00eb dhe rritjen e q\u00ebndrueshm\u00ebris\u00eb ekonomike.<\/span><\/p>\n<p><span style=\"color: #000000;\">Kjo marr\u00ebveshje p\u00ebrb\u00ebn nj\u00eb hap konkret drejt modernizimit t\u00eb bashk\u00ebpunimit doganor dhe p\u00ebrshpejtimit t\u00eb procedurave kufitare, n\u00eb p\u00ebrputhje me standardet evropiane dhe objektivat e procesit t\u00eb integrimit n\u00eb Bashkimin Europian.<\/span><\/p>\n","protected":false,"gt_translate_keys":[{"key":"rendered","format":"html"}]},"excerpt":{"rendered":"<p>Doganat Shqiptare dhe Greke n\u00ebnshkruan nj\u00eb marr\u00ebveshje p\u00ebr shk\u00ebmbimin e t\u00eb dh\u00ebnave para mb\u00ebrritjes s\u00eb mallrave, me q\u00ebllim p\u00ebrmir\u00ebsimin e analiz\u00ebs s\u00eb riskut dhe p\u00ebrshpejtimin e procedurave doganore n\u00eb pikat kufitare mes dy vendeve. Memorandumi i Mir\u00ebkuptimit u n\u00ebnshkrua n\u00eb Bruksel nd\u00ebrmjet Drejtoris\u00eb s\u00eb P\u00ebrgjithshme t\u00eb Doganave t\u00eb Republik\u00ebs s\u00eb Shqip\u00ebris\u00eb, p\u00ebrfaq\u00ebsuar nga Drejtori i [&hellip;]<\/p>\n","protected":false,"gt_translate_keys":[{"key":"rendered","format":"html"}]},"author":49,"featured_media":777179,"comment_status":"closed","ping_status":"open","sticky":false,"template":"","format":"standard","meta":{"footnotes":""},"categories":[65],"tags":[],"class_list":["post-777177","post","type-post","status-publish","format-standard","has-post-thumbnail","hentry","category-lajme"],"gt_translate_keys":[{"key":"link","format":"url"}],"_links":{"self":[{"href":"https:\/\/www.hashtag.al\/index.php\/wp-json\/wp\/v2\/posts\/777177","targetHints":{"allow":["GET"]}}],"collection":[{"href":"https:\/\/www.hashtag.al\/index.php\/wp-json\/wp\/v2\/posts"}],"about":[{"href":"https:\/\/www.hashtag.al\/index.php\/wp-json\/wp\/v2\/types\/post"}],"author":[{"embeddable":true,"href":"https:\/\/www.hashtag.al\/index.php\/wp-json\/wp\/v2\/users\/49"}],"replies":[{"embeddable":true,"href":"https:\/\/www.hashtag.al\/index.php\/wp-json\/wp\/v2\/comments?post=777177"}],"version-history":[{"count":99999,"href":"https:\/\/www.hashtag.al\/index.php\/wp-json\/wp\/v2\/posts\/777177\/revisions"}],"predecessor-version":[{"id":777180,"href":"https:\/\/www.hashtag.al\/index.php\/wp-json\/wp\/v2\/posts\/777177\/revisions\/777180"}],"wp:featuredmedia":[{"embeddable":true,"href":"https:\/\/www.hashtag.al\/index.php\/wp-json\/wp\/v2\/media\/777179"}],"wp:attachment":[{"href":"https:\/\/www.hashtag.al\/index.php\/wp-json\/wp\/v2\/media?parent=777177"}],"wp:term":[{"taxonomy":"category","embeddable":true,"href":"https:\/\/www.hashtag.al\/index.php\/wp-json\/wp\/v2\/categories?post=777177"},{"taxonomy":"post_tag","embeddable":true,"href":"https:\/\/www.hashtag.al\/index.php\/wp-json\/wp\/v2\/tags?post=777177"}],"curies":[{"name":"wp","href":"https:\/\/api.w.org\/{rel}","templated":true}]}}