{"id":777098,"date":"2025-12-16T20:48:17","date_gmt":"2025-12-16T19:48:17","guid":{"rendered":"https:\/\/www.hashtag.al\/?p=777098"},"modified":"2025-12-16T20:48:17","modified_gmt":"2025-12-16T19:48:17","slug":"komisioni-evropian-prezanton-planin-per-perballimin-e-krizes-se-strehimit-ne-be","status":"publish","type":"post","link":"https:\/\/www.hashtag.al\/index.php\/2025\/12\/16\/komisioni-evropian-prezanton-planin-per-perballimin-e-krizes-se-strehimit-ne-be\/","title":{"rendered":"Komisioni Evropian prezanton planin p\u00ebr p\u00ebrballimin e kriz\u00ebs s\u00eb strehimit n\u00eb BE","gt_translate_keys":[{"key":"rendered","format":"text"}]},"content":{"rendered":"<p data-start=\"85\" data-end=\"299\"><span style=\"color: #000000;\"><img loading=\"lazy\" decoding=\"async\" class=\"size-full wp-image-747036 aligncenter\" src=\"https:\/\/www.hashtag.al\/wp-content\/uploads\/2025\/06\/57d10e56-02bb-4a34-99c7-a446b8af5ddf-48.jpg\" alt=\"\" width=\"640\" height=\"480\" srcset=\"https:\/\/www.hashtag.al\/wp-content\/uploads\/2025\/06\/57d10e56-02bb-4a34-99c7-a446b8af5ddf-48.jpg 640w, https:\/\/www.hashtag.al\/wp-content\/uploads\/2025\/06\/57d10e56-02bb-4a34-99c7-a446b8af5ddf-48-300x225.jpg 300w\" sizes=\"auto, (max-width: 640px) 100vw, 640px\" \/><br \/>\nKomisioni Evropian ka prezantuar Planin e par\u00eb Evropian p\u00ebr Strehimin e P\u00ebrballuesh\u00ebm, me synim uljen e \u00e7mimeve t\u00eb banesave dhe p\u00ebrballimin e kriz\u00ebs s\u00eb strehimit q\u00eb po prek shumic\u00ebn e vendeve t\u00eb Bashkimit Evropian, p\u00ebrcjell <span style=\"color: #0000ff;\"><a style=\"color: #0000ff;\" href=\"https:\/\/www.euronews.com\/my-europe\/2025\/12\/16\/eu-to-revise-state-aid-rules-to-address-bloc-wide-housing-crisis\">Euronews<\/a><\/span>.<\/span><\/p>\n<p data-start=\"301\" data-end=\"718\"><span style=\"color: #000000;\">Plani fokusohet n\u00eb rritjen e ofert\u00ebs s\u00eb banesave dhe nxitjen e investimeve publike dhe private, duke p\u00ebrfshir\u00eb leht\u00ebsimin e rregullave p\u00ebr ndihm\u00ebn shtet\u00ebrore, n\u00eb m\u00ebnyr\u00eb q\u00eb qeverit\u00eb t\u00eb mund t\u00eb mb\u00ebshtesin m\u00eb gjer\u00ebsisht nd\u00ebrtimin e banesave sociale dhe t\u00eb p\u00ebrballueshme. Ai parashikon gjithashtu investime t\u00eb reja n\u00eb strehimin social dhe studentor, si dhe hartimin e nj\u00eb legjislacioni t\u00eb posa\u00e7\u00ebm p\u00ebr qirat\u00eb afatshkurtra.<\/span><\/p>\n<p data-start=\"720\" data-end=\"1073\"><span style=\"color: #000000;\">Sipas Komisionit, q\u00eb nga viti 2013 \u00e7mimet e banesave n\u00eb BE jan\u00eb rritur me mbi 60%, nd\u00ebrsa qirat\u00eb mesatare me rreth 20%. N\u00eb vitin 2023, familjet evropiane shpenzuan mesatarisht 19.7% t\u00eb t\u00eb ardhurave p\u00ebr strehim, nd\u00ebrsa n\u00eb vende si Greqia, Danimarka dhe Gjermania, mbi 13% e familjeve shpenzojn\u00eb m\u00eb shum\u00eb se 40% t\u00eb t\u00eb ardhurave t\u00eb disponueshme p\u00ebr banes\u00eb.<\/span><\/p>\n<p data-start=\"1075\" data-end=\"1346\"><span style=\"color: #000000;\">Kriza e strehimit prek drejtp\u00ebrdrejt qytetar\u00ebt n\u00eb t\u00eb gjith\u00eb BE-n\u00eb: rreth 16% e popullsis\u00eb jeton n\u00eb kushte mbipopullimi, 10.6% nuk mund t\u00eb p\u00ebrballoj\u00eb ngrohjen e duhur, nd\u00ebrsa afro nj\u00eb milion persona rezultojn\u00eb t\u00eb pastreh\u00eb. Nd\u00ebrkoh\u00eb, rreth 20% e banesave jan\u00eb t\u00eb pabanuara.<\/span><\/p>\n<p data-start=\"1348\" data-end=\"1569\"><span style=\"color: #000000;\">Komisioni vler\u00ebson se p\u00ebr t\u00eb p\u00ebrballuar situat\u00ebn \u00ebsht\u00eb e nevojshme nd\u00ebrtimi i rreth 650 mij\u00eb banesave shtes\u00eb n\u00eb vit, p\u00ebrtej nivelit aktual t\u00eb nd\u00ebrtimit, me nj\u00eb kosto t\u00eb p\u00ebrllogaritur prej rreth 150 miliard\u00eb eurosh n\u00eb vit.<\/span><\/p>\n<p data-start=\"1571\" data-end=\"1919\"><span style=\"color: #000000;\">N\u00eb kuad\u00ebr t\u00eb planit, BE-ja do t\u00eb mobilizoj\u00eb t\u00eb pakt\u00ebn 11.5 miliard\u00eb euro nga buxheti shum\u00ebvje\u00e7ar n\u00eb vitet e ardhshme, t\u00eb cilat do t\u2019i shtohen 43 miliard\u00eb eurove tashm\u00eb t\u00eb dedikuara p\u00ebr strehim social, t\u00eb p\u00ebrballuesh\u00ebm dhe t\u00eb q\u00ebndruesh\u00ebm. Bankat dhe institucionet komb\u00ebtare e rajonale pritet t\u00eb investojn\u00eb rreth 375 miliard\u00eb euro deri n\u00eb vitin 2029.<\/span><\/p>\n<p data-start=\"1921\" data-end=\"2204\" data-is-last-node=\"\" data-is-only-node=\"\"><span style=\"color: #000000;\">Komisioneri evropian p\u00ebr Energjin\u00eb dhe Strehimin, Dan J\u00f8rgensen, u shpreh se strehimi nuk \u00ebsht\u00eb thjesht nj\u00eb mall, por nj\u00eb e drejt\u00eb themelore, duke theksuar nevoj\u00ebn p\u00ebr mobilizimin e t\u00eb gjitha burimeve p\u00ebr t\u00eb garantuar q\u00eb \u00e7do qytetar n\u00eb Evrop\u00eb t\u00eb ket\u00eb mund\u00ebsi p\u00ebr nj\u00eb banes\u00eb t\u00eb denj\u00eb.<\/span><\/p>\n","protected":false,"gt_translate_keys":[{"key":"rendered","format":"html"}]},"excerpt":{"rendered":"<p>Komisioni Evropian ka prezantuar Planin e par\u00eb Evropian p\u00ebr Strehimin e P\u00ebrballuesh\u00ebm, me synim uljen e \u00e7mimeve t\u00eb banesave dhe p\u00ebrballimin e kriz\u00ebs s\u00eb strehimit q\u00eb po prek shumic\u00ebn e vendeve t\u00eb Bashkimit Evropian, p\u00ebrcjell Euronews. Plani fokusohet n\u00eb rritjen e ofert\u00ebs s\u00eb banesave dhe nxitjen e investimeve publike dhe private, duke p\u00ebrfshir\u00eb leht\u00ebsimin e [&hellip;]<\/p>\n","protected":false,"gt_translate_keys":[{"key":"rendered","format":"html"}]},"author":32,"featured_media":747036,"comment_status":"closed","ping_status":"open","sticky":false,"template":"","format":"standard","meta":{"footnotes":""},"categories":[53],"tags":[],"class_list":["post-777098","post","type-post","status-publish","format-standard","has-post-thumbnail","hentry","category-fast-foodi"],"gt_translate_keys":[{"key":"link","format":"url"}],"_links":{"self":[{"href":"https:\/\/www.hashtag.al\/index.php\/wp-json\/wp\/v2\/posts\/777098","targetHints":{"allow":["GET"]}}],"collection":[{"href":"https:\/\/www.hashtag.al\/index.php\/wp-json\/wp\/v2\/posts"}],"about":[{"href":"https:\/\/www.hashtag.al\/index.php\/wp-json\/wp\/v2\/types\/post"}],"author":[{"embeddable":true,"href":"https:\/\/www.hashtag.al\/index.php\/wp-json\/wp\/v2\/users\/32"}],"replies":[{"embeddable":true,"href":"https:\/\/www.hashtag.al\/index.php\/wp-json\/wp\/v2\/comments?post=777098"}],"version-history":[{"count":99999,"href":"https:\/\/www.hashtag.al\/index.php\/wp-json\/wp\/v2\/posts\/777098\/revisions"}],"predecessor-version":[{"id":777099,"href":"https:\/\/www.hashtag.al\/index.php\/wp-json\/wp\/v2\/posts\/777098\/revisions\/777099"}],"wp:featuredmedia":[{"embeddable":true,"href":"https:\/\/www.hashtag.al\/index.php\/wp-json\/wp\/v2\/media\/747036"}],"wp:attachment":[{"href":"https:\/\/www.hashtag.al\/index.php\/wp-json\/wp\/v2\/media?parent=777098"}],"wp:term":[{"taxonomy":"category","embeddable":true,"href":"https:\/\/www.hashtag.al\/index.php\/wp-json\/wp\/v2\/categories?post=777098"},{"taxonomy":"post_tag","embeddable":true,"href":"https:\/\/www.hashtag.al\/index.php\/wp-json\/wp\/v2\/tags?post=777098"}],"curies":[{"name":"wp","href":"https:\/\/api.w.org\/{rel}","templated":true}]}}