{"id":777095,"date":"2025-12-16T20:40:35","date_gmt":"2025-12-16T19:40:35","guid":{"rendered":"https:\/\/www.hashtag.al\/?p=777095"},"modified":"2025-12-16T20:40:35","modified_gmt":"2025-12-16T19:40:35","slug":"alda-bardhyli-po-shqyrtohet-heqja-e-takses-mbi-librin-dhe-digjitalizimi-i-botimeve-nga-viti-2025","status":"publish","type":"post","link":"https:\/\/www.hashtag.al\/index.php\/2025\/12\/16\/alda-bardhyli-po-shqyrtohet-heqja-e-takses-mbi-librin-dhe-digjitalizimi-i-botimeve-nga-viti-2025\/","title":{"rendered":"Alda Bardhyli: Po shqyrtohet heqja e taks\u00ebs mbi librin dhe digjitalizimi i botimeve nga viti 2025","gt_translate_keys":[{"key":"rendered","format":"text"}]},"content":{"rendered":"<p data-start=\"0\" data-end=\"330\"><span style=\"color: #000000;\"><img loading=\"lazy\" decoding=\"async\" class=\"size-full wp-image-777096 aligncenter\" src=\"https:\/\/www.hashtag.al\/wp-content\/uploads\/2025\/12\/IMG_4456.jpeg\" alt=\"\" width=\"994\" height=\"609\" srcset=\"https:\/\/www.hashtag.al\/wp-content\/uploads\/2025\/12\/IMG_4456.jpeg 994w, https:\/\/www.hashtag.al\/wp-content\/uploads\/2025\/12\/IMG_4456-300x184.jpeg 300w, https:\/\/www.hashtag.al\/wp-content\/uploads\/2025\/12\/IMG_4456-768x471.jpeg 768w\" sizes=\"auto, (max-width: 994px) 100vw, 994px\" \/><br \/>\nStudiuesja Alda Bardhyli deklaroi n\u00eb emisionin Real Story se Ministria e Kultur\u00ebs po punon p\u00ebr zerimin e taks\u00ebs mbi librin, nj\u00eb mas\u00eb q\u00eb pritet t\u00eb ndikoj\u00eb pozitivisht te botuesit dhe te qarkullimi i librit n\u00eb vend. Sipas saj, heqja e taks\u00ebs do t\u00eb ishte nj\u00eb mb\u00ebshtetje e r\u00ebnd\u00ebsishme p\u00ebr nj\u00eb sektor me pesh\u00eb kulturore dhe arsimore.<\/span><\/p>\n<p data-start=\"332\" data-end=\"553\"><span style=\"color: #000000;\">Bardhyli ngriti gjithashtu shqet\u00ebsimin p\u00ebr munges\u00ebn e librarive dhe bibliotekave n\u00eb shumic\u00ebn e qyteteve t\u00eb Shqip\u00ebris\u00eb, duke p\u00ebrfshir\u00eb edhe Gjirokastr\u00ebn, fakt q\u00eb sipas saj ndikon negativisht n\u00eb aksesin e publikut te libri.<\/span><\/p>\n<p data-start=\"555\" data-end=\"918\"><span style=\"color: #000000;\">Ajo b\u00ebri t\u00eb ditur se po nd\u00ebrmerren hapa p\u00ebr integrimin e gjuh\u00ebs shqipe n\u00eb platforma digjitale nd\u00ebrkomb\u00ebtare si App Store dhe Amazon. Po ashtu, p\u00ebrmes ndryshimeve n\u00eb ligjin p\u00ebr librin, \u00ebsht\u00eb parashikuar q\u00eb \u00e7do botim i ri nga viti 2025 t\u00eb ket\u00eb edhe kopje dixhitale n\u00eb fondin e Bibliotek\u00ebs Komb\u00ebtare, e cila do t\u00eb jet\u00eb e aksesueshme falas p\u00ebr lexuesit n\u00eb biblioteka.<\/span><\/p>\n<p data-start=\"920\" data-end=\"1153\" data-is-last-node=\"\" data-is-only-node=\"\"><span style=\"color: #000000;\">Sipas Bardhylit, rrjeti i bibliotekave t\u00eb lagjeve n\u00eb Tiran\u00eb dhe zhvillimi i librit dixhital mund t\u00eb leht\u00ebsojn\u00eb aksesin e lexuesve, nd\u00ebrsa libri shqip mbetet ende pak i digjitalizuar dhe me prani t\u00eb kufizuar n\u00eb platformat elektronike.<\/span><\/p>\n","protected":false,"gt_translate_keys":[{"key":"rendered","format":"html"}]},"excerpt":{"rendered":"<p>Studiuesja Alda Bardhyli deklaroi n\u00eb emisionin Real Story se Ministria e Kultur\u00ebs po punon p\u00ebr zerimin e taks\u00ebs mbi librin, nj\u00eb mas\u00eb q\u00eb pritet t\u00eb ndikoj\u00eb pozitivisht te botuesit dhe te qarkullimi i librit n\u00eb vend. Sipas saj, heqja e taks\u00ebs do t\u00eb ishte nj\u00eb mb\u00ebshtetje e r\u00ebnd\u00ebsishme p\u00ebr nj\u00eb sektor me pesh\u00eb kulturore dhe [&hellip;]<\/p>\n","protected":false,"gt_translate_keys":[{"key":"rendered","format":"html"}]},"author":32,"featured_media":777096,"comment_status":"closed","ping_status":"open","sticky":false,"template":"","format":"standard","meta":{"footnotes":""},"categories":[65],"tags":[],"class_list":["post-777095","post","type-post","status-publish","format-standard","has-post-thumbnail","hentry","category-lajme"],"gt_translate_keys":[{"key":"link","format":"url"}],"_links":{"self":[{"href":"https:\/\/www.hashtag.al\/index.php\/wp-json\/wp\/v2\/posts\/777095","targetHints":{"allow":["GET"]}}],"collection":[{"href":"https:\/\/www.hashtag.al\/index.php\/wp-json\/wp\/v2\/posts"}],"about":[{"href":"https:\/\/www.hashtag.al\/index.php\/wp-json\/wp\/v2\/types\/post"}],"author":[{"embeddable":true,"href":"https:\/\/www.hashtag.al\/index.php\/wp-json\/wp\/v2\/users\/32"}],"replies":[{"embeddable":true,"href":"https:\/\/www.hashtag.al\/index.php\/wp-json\/wp\/v2\/comments?post=777095"}],"version-history":[{"count":99999,"href":"https:\/\/www.hashtag.al\/index.php\/wp-json\/wp\/v2\/posts\/777095\/revisions"}],"predecessor-version":[{"id":777097,"href":"https:\/\/www.hashtag.al\/index.php\/wp-json\/wp\/v2\/posts\/777095\/revisions\/777097"}],"wp:featuredmedia":[{"embeddable":true,"href":"https:\/\/www.hashtag.al\/index.php\/wp-json\/wp\/v2\/media\/777096"}],"wp:attachment":[{"href":"https:\/\/www.hashtag.al\/index.php\/wp-json\/wp\/v2\/media?parent=777095"}],"wp:term":[{"taxonomy":"category","embeddable":true,"href":"https:\/\/www.hashtag.al\/index.php\/wp-json\/wp\/v2\/categories?post=777095"},{"taxonomy":"post_tag","embeddable":true,"href":"https:\/\/www.hashtag.al\/index.php\/wp-json\/wp\/v2\/tags?post=777095"}],"curies":[{"name":"wp","href":"https:\/\/api.w.org\/{rel}","templated":true}]}}