{"id":777000,"date":"2025-12-16T12:35:20","date_gmt":"2025-12-16T11:35:20","guid":{"rendered":"https:\/\/www.hashtag.al\/?p=777000"},"modified":"2025-12-16T13:01:31","modified_gmt":"2025-12-16T12:01:31","slug":"rrezohet-aeroplani-ne-meksike-10-viktima-video","status":"publish","type":"post","link":"https:\/\/www.hashtag.al\/index.php\/2025\/12\/16\/rrezohet-aeroplani-ne-meksike-10-viktima-video\/","title":{"rendered":"Rr\u00ebzohet aeroplani n\u00eb Meksik\u00eb, 10 viktima (Video)","gt_translate_keys":[{"key":"rendered","format":"text"}]},"content":{"rendered":"<p><span style=\"color: #000000;\"><img loading=\"lazy\" decoding=\"async\" class=\"aligncenter size-full wp-image-777001\" src=\"https:\/\/www.hashtag.al\/wp-content\/uploads\/2025\/12\/toluca2.jpg\" alt=\"\" width=\"1200\" height=\"807\" srcset=\"https:\/\/www.hashtag.al\/wp-content\/uploads\/2025\/12\/toluca2.jpg 1200w, https:\/\/www.hashtag.al\/wp-content\/uploads\/2025\/12\/toluca2-300x202.jpg 300w, https:\/\/www.hashtag.al\/wp-content\/uploads\/2025\/12\/toluca2-1024x689.jpg 1024w, https:\/\/www.hashtag.al\/wp-content\/uploads\/2025\/12\/toluca2-768x516.jpg 768w\" sizes=\"auto, (max-width: 1200px) 100vw, 1200px\" \/><\/span><\/p>\n<p><span style=\"color: #000000;\">Nj\u00eb aeroplan \u00ebsht\u00eb rr\u00ebzuar n\u00eb Meksik\u00eb duke shkaktuar vdekjen e t\u00eb pakt\u00ebn 10 personave, p\u00ebrfshir\u00eb tre f\u00ebmij\u00eb t\u00eb gjith\u00eb n\u00ebn mosh\u00ebn 10 vje\u00e7.<\/span><\/p>\n<p><span style=\"color: #000000;\">F\u00ebmij\u00ebt, q\u00eb besohet se ishin an\u00ebtar\u00eb t\u00eb s\u00eb nj\u00ebjt\u00ebs familje, ishin nj\u00eb djal\u00eb kat\u00ebr vje\u00e7 dhe dy vajza t\u00eb mosh\u00ebs n\u00ebnt\u00eb dhe dy vje\u00e7. Pes\u00eb pasagjer\u00eb t\u00eb rritur vdiq\u00ebn gjithashtu bashk\u00eb me dy pilot\u00eb, kur aeroplani privat u p\u00ebrplas mbi nj\u00eb magazin\u00eb n\u00eb nj\u00eb zon\u00eb industriale pran\u00eb Aeroportit Toluca t\u00eb Meksik\u00ebs, rreth or\u00ebs 12:30 (sipas koh\u00ebs lokale) t\u00eb dit\u00ebs s\u00eb djeshme. Besohet se piloti po p\u00ebrpiqej t\u00eb ulej n\u00eb nj\u00eb fush\u00eb futbolli.<\/span><\/p>\n<p><span style=\"color: #000000;\">Qindra njer\u00ebz u desh t\u00eb evakuoheshin nga zona p\u00ebrreth pas rr\u00ebzimit, pasi nj\u00eb zjarr shp\u00ebrtheu aty pran\u00eb. Aksidenti ndodhi n\u00eb San Mateo Atenco, nj\u00eb zon\u00eb industriale tre milje (5 kilometra) larg aeroportit t\u00eb Toluca-s, rreth 31 milje (50 kilometra) n\u00eb per\u00ebndim t\u00eb Mexico City-t. Aeroplani ishte nisur nga Acapulco, p\u00ebrgjat\u00eb bregdetit t\u00eb Paq\u00ebsorit t\u00eb Meksik\u00ebs, shkruan <a style=\"color: #000000;\" href=\"https:\/\/www.mirror.co.uk\/news\/world-news\/mexico-plane-crash-leaves-seven-36407139\">Mirror<\/a>.<\/span><\/p>\n<p><span style=\"color: #000000;\">Raportimet e para lokale than\u00eb se gjasht\u00eb trupa ishin gjetur brenda rr\u00ebnojave t\u00eb aeroplanit p\u00ebrpara se numri i konfirmuar i viktimave t\u00eb rritej n\u00eb 10. Nj\u00eb hetim mbi aksidentin po vazhdon, ku thuhet se hetuesit jan\u00eb p\u00ebrqendruar n\u00eb teorin\u00eb se shkak ka qen\u00eb nj\u00eb problem n\u00eb motor, pasi doli n\u00eb drit\u00eb biseda e fundit mes pilotit dhe kontrollor\u00ebve t\u00eb trafikut ajror, n\u00eb t\u00eb cil\u00ebn ai d\u00ebgjohej duke th\u00ebn\u00eb: &#8220;Po rr\u00ebzohemi&#8221;.<\/span><\/p>\n<div style=\"width: 466px;\" class=\"wp-video\"><video class=\"wp-video-shortcode\" id=\"video-777000-1\" width=\"466\" height=\"270\" preload=\"metadata\" controls=\"controls\"><source type=\"video\/mp4\" src=\"https:\/\/www.hashtag.al\/wp-content\/uploads\/2025\/12\/WhatsApp-Video-2025-12-16-at-08.43.54.mp4?_=1\" \/><a href=\"https:\/\/www.hashtag.al\/wp-content\/uploads\/2025\/12\/WhatsApp-Video-2025-12-16-at-08.43.54.mp4\">https:\/\/www.hashtag.al\/wp-content\/uploads\/2025\/12\/WhatsApp-Video-2025-12-16-at-08.43.54.mp4<\/a><\/video><\/div>\n","protected":false,"gt_translate_keys":[{"key":"rendered","format":"html"}]},"excerpt":{"rendered":"<p>Nj\u00eb aeroplan \u00ebsht\u00eb rr\u00ebzuar n\u00eb Meksik\u00eb duke shkaktuar vdekjen e t\u00eb pakt\u00ebn 10 personave, p\u00ebrfshir\u00eb tre f\u00ebmij\u00eb t\u00eb gjith\u00eb n\u00ebn mosh\u00ebn 10 vje\u00e7. F\u00ebmij\u00ebt, q\u00eb besohet se ishin an\u00ebtar\u00eb t\u00eb s\u00eb nj\u00ebjt\u00ebs familje, ishin nj\u00eb djal\u00eb kat\u00ebr vje\u00e7 dhe dy vajza t\u00eb mosh\u00ebs n\u00ebnt\u00eb dhe dy vje\u00e7. Pes\u00eb pasagjer\u00eb t\u00eb rritur vdiq\u00ebn gjithashtu bashk\u00eb me [&hellip;]<\/p>\n","protected":false,"gt_translate_keys":[{"key":"rendered","format":"html"}]},"author":51,"featured_media":777001,"comment_status":"closed","ping_status":"open","sticky":false,"template":"","format":"standard","meta":{"footnotes":""},"categories":[6],"tags":[],"class_list":["post-777000","post","type-post","status-publish","format-standard","has-post-thumbnail","hentry","category-nderkombetare"],"gt_translate_keys":[{"key":"link","format":"url"}],"_links":{"self":[{"href":"https:\/\/www.hashtag.al\/index.php\/wp-json\/wp\/v2\/posts\/777000","targetHints":{"allow":["GET"]}}],"collection":[{"href":"https:\/\/www.hashtag.al\/index.php\/wp-json\/wp\/v2\/posts"}],"about":[{"href":"https:\/\/www.hashtag.al\/index.php\/wp-json\/wp\/v2\/types\/post"}],"author":[{"embeddable":true,"href":"https:\/\/www.hashtag.al\/index.php\/wp-json\/wp\/v2\/users\/51"}],"replies":[{"embeddable":true,"href":"https:\/\/www.hashtag.al\/index.php\/wp-json\/wp\/v2\/comments?post=777000"}],"version-history":[{"count":99999,"href":"https:\/\/www.hashtag.al\/index.php\/wp-json\/wp\/v2\/posts\/777000\/revisions"}],"predecessor-version":[{"id":777010,"href":"https:\/\/www.hashtag.al\/index.php\/wp-json\/wp\/v2\/posts\/777000\/revisions\/777010"}],"wp:featuredmedia":[{"embeddable":true,"href":"https:\/\/www.hashtag.al\/index.php\/wp-json\/wp\/v2\/media\/777001"}],"wp:attachment":[{"href":"https:\/\/www.hashtag.al\/index.php\/wp-json\/wp\/v2\/media?parent=777000"}],"wp:term":[{"taxonomy":"category","embeddable":true,"href":"https:\/\/www.hashtag.al\/index.php\/wp-json\/wp\/v2\/categories?post=777000"},{"taxonomy":"post_tag","embeddable":true,"href":"https:\/\/www.hashtag.al\/index.php\/wp-json\/wp\/v2\/tags?post=777000"}],"curies":[{"name":"wp","href":"https:\/\/api.w.org\/{rel}","templated":true}]}}