{"id":776992,"date":"2025-12-16T12:03:05","date_gmt":"2025-12-16T11:03:05","guid":{"rendered":"https:\/\/www.hashtag.al\/?p=776992"},"modified":"2025-12-16T12:03:05","modified_gmt":"2025-12-16T11:03:05","slug":"draft-konkluzat-e-be-se-kosoves-i-kerkohet-asociacioni-reforma-dhe-perparim-ne-dialog","status":"publish","type":"post","link":"https:\/\/www.hashtag.al\/index.php\/2025\/12\/16\/draft-konkluzat-e-be-se-kosoves-i-kerkohet-asociacioni-reforma-dhe-perparim-ne-dialog\/","title":{"rendered":"Draft-konkluzat e BE-s\u00eb: Kosov\u00ebs i k\u00ebrkohet Asociacioni, reforma dhe p\u00ebrparim n\u00eb dialog","gt_translate_keys":[{"key":"rendered","format":"text"}]},"content":{"rendered":"<p><span style=\"color: #000000;\"><img loading=\"lazy\" decoding=\"async\" class=\"aligncenter size-full wp-image-776993\" src=\"https:\/\/www.hashtag.al\/wp-content\/uploads\/2025\/12\/Screenshot-2025-12-16-115956.png\" alt=\"\" width=\"1050\" height=\"595\" srcset=\"https:\/\/www.hashtag.al\/wp-content\/uploads\/2025\/12\/Screenshot-2025-12-16-115956.png 1050w, https:\/\/www.hashtag.al\/wp-content\/uploads\/2025\/12\/Screenshot-2025-12-16-115956-300x170.png 300w, https:\/\/www.hashtag.al\/wp-content\/uploads\/2025\/12\/Screenshot-2025-12-16-115956-1024x580.png 1024w, https:\/\/www.hashtag.al\/wp-content\/uploads\/2025\/12\/Screenshot-2025-12-16-115956-768x435.png 768w\" sizes=\"auto, (max-width: 1050px) 100vw, 1050px\" \/><\/span><\/p>\n<p><span style=\"color: #000000;\">K\u00ebshilli p\u00ebr \u00c7\u00ebshtje t\u00eb P\u00ebrgjithshme i Bashkimit Evropian miraton t\u00eb mart\u00ebn konkluzionet sa i p\u00ebrket procesit t\u00eb zgjerimit t\u00eb bllokut evropian, nd\u00ebrsa n\u00eb pjes\u00ebn p\u00ebr Kosov\u00ebn, vendit i b\u00ebhet thirrje q\u00eb ta p\u00ebrshpejtoj\u00eb hapin n\u00eb rrug\u00ebn drejt reformave.<\/span><\/p>\n<p><span style=\"color: #000000;\">Nd\u00ebr k\u00ebrkesat tjera \u00ebsht\u00eb zbatimi i marr\u00ebveshjeve t\u00eb arritura me Serbin\u00eb, n\u00eb kuad\u00ebr t\u00eb procesit t\u00eb normalizimit t\u00eb marr\u00ebdh\u00ebnieve, p\u00ebrfshir\u00eb nevoj\u00ebn e formimit t\u00eb Asociacionit t\u00eb komunave me shumic\u00eb serbe.<\/span><\/p>\n<p><span style=\"color: #000000;\">Kosova \u00ebsht\u00eb e vetmja n\u00eb Ballkanin Per\u00ebndimor q\u00eb nuk e g\u00ebzon statusin e vendit kandidat p\u00ebr an\u00ebtar\u00ebsim, ndon\u00ebse ka aplikuar n\u00eb dhjetor t\u00eb vitit 2022.<\/span><\/p>\n<p><span style=\"color: #000000;\">N\u00eb raportin me draft-konkluza q\u00eb e ka siguruar <a href=\"https:\/\/www.evropaelire.org\/a\/kosova-be-asociacioni-reforma-perparim-ne-dialog\/33624551.html\"><span style=\"color: #0000ff;\"><strong>Radio Evropa e Lir\u00eb<\/strong><\/span><\/a>, p\u00ebrmendet se nevoja p\u00ebr reforma v\u00ebrehet m\u00eb s\u00eb shumti n\u00eb forcim t\u00eb administrat\u00ebs publike dhe sundim t\u00eb ligjit, p\u00ebrfshir\u00eb konsolidimin e sistemit gjyq\u00ebsor, luft\u00ebn kund\u00ebr korrupsionit, mbrojtjen e lirive themelore, sidomos lirin\u00eb e shprehjes, sektor n\u00eb t\u00eb cilin nuk \u00ebsht\u00eb sh\u00ebnuar p\u00ebrparim.<\/span><\/p>\n<p><span style=\"color: #000000;\">P\u00ebrparim thuhet t\u00eb ket\u00eb pasur n\u00eb luft\u00ebn kund\u00ebr krimit t\u00eb organizuar.<\/span><\/p>\n<p><span style=\"color: #000000;\">Kosova lavd\u00ebrohet p\u00ebr organizimin e zgjedhjeve t\u00eb p\u00ebrgjithshme t\u00eb shkurtit dhe m\u00eb pas ato lokale m\u00eb von\u00eb gjat\u00eb vitit, marr\u00eb parasysh pjes\u00ebmarrjen e t\u00eb gjitha komuniteteve n\u00eb to.<\/span><\/p>\n<p><span style=\"color: #000000;\">Lidhur me k\u00ebt\u00eb, n\u00eb draftin e konkluzave p\u00ebrmendet q\u00eb marr\u00eb parasysh transferimin e rregullt t\u00eb pushtetit n\u00eb kat\u00ebr komunat me shumic\u00eb serb\u00eb n\u00eb veri t\u00eb vendit, K\u00ebshilli p\u00ebrs\u00ebrit dhe pret heqjen e t\u00eb gjitha masave nd\u00ebshkuese q\u00eb kan\u00eb mbetur.<\/span><\/p>\n<p><span style=\"color: #000000;\">Bashkimi Evropian pati vendosur masa nd\u00ebshkuese ndaj Kosov\u00ebs n\u00eb ver\u00ebn e vitit 2023, si pasoj\u00eb e tensioneve n\u00eb veriun e banuar me shumic\u00eb serbe.<\/span><\/p>\n<p><span style=\"color: #000000;\">Blloku evropian ka nisur heqjen graduale t\u00eb tyre, por zyrtar\u00ebt n\u00eb Kosov\u00eb insistojn\u00eb se vazhdimi i tyre \u00ebsht\u00eb vendim i padrejt\u00eb, meq\u00eb t\u00eb gjitha k\u00ebrkesat p\u00ebr heqjen e tyre tashm\u00eb jan\u00eb plot\u00ebsuar.<\/span><\/p>\n<p><span style=\"color: #000000;\">N\u00eb mesin e tyre situata n\u00eb veri \u00ebsht\u00eb shtensionuar, prania e Policis\u00eb af\u00ebr objekteve komunale n\u00eb veri \u00ebsht\u00eb zvog\u00ebluar dhe\u00a0kalimi paq\u00ebsor\u00a0i pushtetit n\u00eb komunat me shumic\u00eb serbe \u00ebsht\u00eb realizuar.<\/span><\/p>\n<p><span style=\"color: #000000;\">Rikard Jozwiak, redaktor p\u00ebr Evrop\u00ebn i Radios Evropa e Lir\u00eb (REL), n\u00eb Prag\u00eb, ka marr\u00eb vesh nga burimet e tij se p\u00ebr \u00e7\u00ebshtjen e moslargimit t\u00eb t\u00eb gjitha masave kund\u00ebr Kosov\u00ebs \u00ebsht\u00eb diskutuar n\u00eb Bruksel jav\u00ebn e kaluar dhe q\u00eb Franca e Italia jan\u00eb mb\u00ebshtet\u00ebse t\u00eb ides\u00eb q\u00eb t\u00eb largohen vet\u00ebm 50 p\u00ebr qind e tyre.<\/span><\/p>\n<p><span style=\"color: #000000;\">Por, duket se p\u00ebrparim n\u00eb k\u00ebt\u00eb drejtim nuk do t\u00eb ket\u00eb para zgjedhjeve t\u00eb parakohshme parlamentare t\u00eb 28 dhjetorit n\u00eb Kosov\u00eb.<\/span><\/p>\n<p><span style=\"color: #000000;\">Sipas nj\u00eb\u00a0analize t\u00eb Institutit p\u00ebr Studime t\u00eb Avancuara &#8211; GAP, masat e BE-s\u00eb i kan\u00eb kushtuar Kosov\u00ebs rreth 613.4 milion\u00eb euro n\u00eb projekte t\u00eb pezulluara ose t\u00eb shtyra p\u00ebr afat t\u00eb pacaktuar. P\u00ebr shkak t\u00eb kalimit t\u00eb afateve, 7.1 milion\u00eb euro jan\u00eb humbur t\u00ebr\u00ebsisht.<\/span><\/p>\n<p><span style=\"color: #000000;\">N\u00eb raport, BE-ja p\u00ebrmend se procesi i zgjerimit ka r\u00ebnd\u00ebsi gjeostrategjike dhe \u00ebsht\u00eb proces q\u00eb kontribuon n\u00eb paqen evropiane, sigurin\u00eb dhe stabilitetin e shekullit 21.<\/span><\/p>\n<p><span style=\"color: #000000;\">K\u00ebshilli u b\u00ebn thirrje t\u00eb gjith\u00eb partner\u00ebve q\u00eb ta shfryt\u00ebzojn\u00eb k\u00ebt\u00eb mund\u00ebsi dhe k\u00ebt\u00eb momentum p\u00ebr t\u2019i marr\u00eb t\u00eb gjith\u00eb hapat e nevojsh\u00ebm p\u00ebr ta p\u00ebrshpejtuar p\u00ebrparimin n\u00eb rrug\u00ebn drejt BE-s\u00eb.<\/span><\/p>\n<p><span style=\"color: #000000;\">P\u00ebrve\u00e7 p\u00ebrgatitjeve t\u00eb nevojshme nga ana e vendeve kandidate, n\u00eb raport p\u00ebrmendet edhe nevoja e p\u00ebrgatitjeve t\u00eb vet\u00eb bllokut p\u00ebr t\u00eb akomoduar an\u00ebtar\u00eb t\u00eb rinj.<\/span><\/p>\n<p><span style=\"color: #000000;\">Sa u p\u00ebrket vendeve t\u00eb Ballkanit, p\u00ebrmendet r\u00ebnd\u00ebsia e marr\u00ebdh\u00ebnieve t\u00eb mira fqinj\u00ebsore dhe bashk\u00ebpunimit rajonal.<\/span><\/p>\n<p><span style=\"color: #000000;\">\u201cK\u00ebshilli inkurajon fuqish\u00ebm partner\u00ebt q\u00eb t\u2019i zgjidhin t\u00eb gjitha mospajtimet bilaterale dhe \u00e7\u00ebshtjet q\u00eb datojn\u00eb prej s\u00eb kaluar\u00ebs, n\u00eb linj\u00eb me ligjin nd\u00ebrkomb\u00ebtar\u201d, p\u00ebrmendet mes tjerash n\u00eb raport.<\/span><\/p>\n<p class=\"wsw__h2\" dir=\"ltr\"><span style=\"color: #000000;\"><strong>Pritjet p\u00ebr dialogun Kosov\u00eb \u2013 Serbi<\/strong><\/span><\/p>\n<p><span style=\"color: #000000;\">N\u00eb raportin me draft-konkluza, K\u00ebshilli p\u00ebrmend mb\u00ebshtetjen e plot\u00eb p\u00ebr dialogun mes Kosov\u00ebs dhe Serbis\u00eb, q\u00eb nd\u00ebrmjet\u00ebsohet nga Bashkimi Evropian.<\/span><\/p>\n<p><span style=\"color: #000000;\">Aty p\u00ebrmendet q\u00eb t\u00eb dyja pal\u00ebt mund t\u00eb humbin mund\u00ebsi t\u00eb m\u00ebdha n\u00eb munges\u00eb t\u00eb p\u00ebrparimit n\u00eb normalizim.<\/span><\/p>\n<p><span style=\"color: #000000;\">Kosova dhe Serbia dialogojn\u00eb n\u00eb Bruksel prej vitit 2011, i kan\u00eb arritur disa marr\u00ebveshje, por jo t\u00eb gjitha jan\u00eb zbatuar.<\/span><\/p>\n<p><span style=\"color: #000000;\">\u201cP\u00ebrparimi n\u00eb rrug\u00ebt e tyre respektive evropiane varet nga p\u00ebrpjekjet p\u00ebr t&#8217;i zbatuar plot\u00ebsisht t\u00eb gjitha zotimet q\u00eb dalin nga Marr\u00ebveshja p\u00ebr normalizim e vitit 2023 dhe t\u00eb gjitha marr\u00ebveshjet tjera, pa vonesa dhe parakushte\u201d.<\/span><\/p>\n<p><span style=\"color: #000000;\">Mes tjerash p\u00ebrmendet edhe nevoja q\u00eb Kosova t\u00eb zbatoj\u00eb marr\u00ebveshjen p\u00ebr themelim t\u00eb Asociacionit t\u00eb komunave me shumic\u00eb serbe, dhe t\u00eb veproj\u00eb n\u00eb p\u00ebrputhje me zotimet p\u00ebr \u201cnj\u00eb nivel t\u00eb p\u00ebrshtatsh\u00ebm t\u00eb vet\u00ebqeverisjes p\u00ebr komunitetin serb n\u00eb Kosov\u00eb&#8221; n\u00eb p\u00ebrputhje me Nenin 7, si\u00e7 e parasheh Marr\u00ebveshja p\u00ebr normalizim dhe aneksi i saj.<\/span><\/p>\n<p><span style=\"color: #000000;\">Pritje ka q\u00eb edhe \u00e7\u00ebshtja e strukturave t\u00eb mb\u00ebshtetura nga Serbia, p\u00ebrfshir\u00eb ato t\u00eb sh\u00ebrbimeve t\u00eb kujdesit sh\u00ebndet\u00ebsor dhe edukimit, t\u00eb zgjidhen n\u00eb p\u00ebrputhje me zotimet e dialogut dhe t\u00eb punohet n\u00eb riintegrim t\u00eb serb\u00ebve t\u00eb Kosov\u00ebs, nisur prej pjes\u00ebmarrjes s\u00eb tyre n\u00eb t\u00eb gjitha nivelet institucionale.<\/span><\/p>\n<p><span style=\"color: #000000;\">N\u00eb nj\u00ebr\u00ebn pik\u00eb t\u00eb draft-konkluzave, n\u00eb pjes\u00ebn p\u00ebr Kosov\u00ebn, vendi duartrokitet q\u00eb \u00ebsht\u00eb n\u00eb linj\u00eb me politik\u00ebn e Jashtme t\u00eb BE-s\u00eb, duke d\u00ebnuar luft\u00ebn e Rusis\u00eb n\u00eb Ukrain\u00eb.<\/span><\/p>\n","protected":false,"gt_translate_keys":[{"key":"rendered","format":"html"}]},"excerpt":{"rendered":"<p>K\u00ebshilli p\u00ebr \u00c7\u00ebshtje t\u00eb P\u00ebrgjithshme i Bashkimit Evropian miraton t\u00eb mart\u00ebn konkluzionet sa i p\u00ebrket procesit t\u00eb zgjerimit t\u00eb bllokut evropian, nd\u00ebrsa n\u00eb pjes\u00ebn p\u00ebr Kosov\u00ebn, vendit i b\u00ebhet thirrje q\u00eb ta p\u00ebrshpejtoj\u00eb hapin n\u00eb rrug\u00ebn drejt reformave. Nd\u00ebr k\u00ebrkesat tjera \u00ebsht\u00eb zbatimi i marr\u00ebveshjeve t\u00eb arritura me Serbin\u00eb, n\u00eb kuad\u00ebr t\u00eb procesit t\u00eb normalizimit [&hellip;]<\/p>\n","protected":false,"gt_translate_keys":[{"key":"rendered","format":"html"}]},"author":49,"featured_media":776993,"comment_status":"closed","ping_status":"open","sticky":false,"template":"","format":"standard","meta":{"footnotes":""},"categories":[149],"tags":[],"class_list":["post-776992","post","type-post","status-publish","format-standard","has-post-thumbnail","hentry","category-kosoverajon"],"gt_translate_keys":[{"key":"link","format":"url"}],"_links":{"self":[{"href":"https:\/\/www.hashtag.al\/index.php\/wp-json\/wp\/v2\/posts\/776992","targetHints":{"allow":["GET"]}}],"collection":[{"href":"https:\/\/www.hashtag.al\/index.php\/wp-json\/wp\/v2\/posts"}],"about":[{"href":"https:\/\/www.hashtag.al\/index.php\/wp-json\/wp\/v2\/types\/post"}],"author":[{"embeddable":true,"href":"https:\/\/www.hashtag.al\/index.php\/wp-json\/wp\/v2\/users\/49"}],"replies":[{"embeddable":true,"href":"https:\/\/www.hashtag.al\/index.php\/wp-json\/wp\/v2\/comments?post=776992"}],"version-history":[{"count":99999,"href":"https:\/\/www.hashtag.al\/index.php\/wp-json\/wp\/v2\/posts\/776992\/revisions"}],"predecessor-version":[{"id":776994,"href":"https:\/\/www.hashtag.al\/index.php\/wp-json\/wp\/v2\/posts\/776992\/revisions\/776994"}],"wp:featuredmedia":[{"embeddable":true,"href":"https:\/\/www.hashtag.al\/index.php\/wp-json\/wp\/v2\/media\/776993"}],"wp:attachment":[{"href":"https:\/\/www.hashtag.al\/index.php\/wp-json\/wp\/v2\/media?parent=776992"}],"wp:term":[{"taxonomy":"category","embeddable":true,"href":"https:\/\/www.hashtag.al\/index.php\/wp-json\/wp\/v2\/categories?post=776992"},{"taxonomy":"post_tag","embeddable":true,"href":"https:\/\/www.hashtag.al\/index.php\/wp-json\/wp\/v2\/tags?post=776992"}],"curies":[{"name":"wp","href":"https:\/\/api.w.org\/{rel}","templated":true}]}}