{"id":776808,"date":"2025-12-15T10:53:24","date_gmt":"2025-12-15T09:53:24","guid":{"rendered":"https:\/\/www.hashtag.al\/?p=776808"},"modified":"2025-12-15T11:08:16","modified_gmt":"2025-12-15T10:08:16","slug":"me-22-dhjetor-shqiptaret-do-ti-japin-pergjigje-qeverise-berisha","status":"publish","type":"post","link":"https:\/\/www.hashtag.al\/index.php\/2025\/12\/15\/me-22-dhjetor-shqiptaret-do-ti-japin-pergjigje-qeverise-berisha\/","title":{"rendered":"\u201cM\u00eb 22 dhjetor shqiptar\u00ebt do t\u2019i japin p\u00ebrgjigje qeveris\u00eb\u201d-Berisha","gt_translate_keys":[{"key":"rendered","format":"text"}]},"content":{"rendered":"<p><span style=\"color: #000000;\"><img loading=\"lazy\" decoding=\"async\" class=\"aligncenter size-full wp-image-776809\" src=\"https:\/\/www.hashtag.al\/wp-content\/uploads\/2025\/12\/Screenshot-2025-12-15-105204.png\" alt=\"\" width=\"930\" height=\"539\" srcset=\"https:\/\/www.hashtag.al\/wp-content\/uploads\/2025\/12\/Screenshot-2025-12-15-105204.png 930w, https:\/\/www.hashtag.al\/wp-content\/uploads\/2025\/12\/Screenshot-2025-12-15-105204-300x174.png 300w, https:\/\/www.hashtag.al\/wp-content\/uploads\/2025\/12\/Screenshot-2025-12-15-105204-768x445.png 768w, https:\/\/www.hashtag.al\/wp-content\/uploads\/2025\/12\/Screenshot-2025-12-15-105204-250x145.png 250w\" sizes=\"auto, (max-width: 930px) 100vw, 930px\" \/><\/span><\/p>\n<p><span style=\"color: #000000;\">Kryetari i Partis\u00eb Demokratike, Sali Berisha n\u00eb dalje t\u00eb SPAK, l\u00ebshoi akuza n\u00eb drejtim t\u00eb kryeministrit Edi Rama, se ky i fundit ka vjedhur bashk\u00eb me Belinda Ballukun.<\/span><\/p>\n<p data-start=\"459\" data-end=\"692\"><span style=\"color: #000000;\">Berisha u ndal edhe te protesta e paralajm\u00ebruar e opozit\u00ebs m\u00eb\u00a022 dhjetor n\u00eb Tiran\u00eb, p\u00ebr t\u00eb cil\u00ebn tha se do t\u00eb jet\u00eb nj\u00eb p\u00ebrgjigje e drejtp\u00ebrdrejt\u00eb ndaj, sipas tij, vendimit t\u00eb qeveris\u00eb p\u00ebr t\u00eb penguar hetimet mbi aferat korruptive.<\/span><\/p>\n<p><span style=\"color: #000000;\"><em>\u201cShqiptar\u00ebt m\u00eb dat\u00eb 22 dhjetor do t\u00eb mblidhen n\u00eb Tiran\u00eb p\u00ebr t\u2019i dh\u00ebn\u00eb p\u00ebrgjigjen m\u00eb t\u00eb merituar vendimit t\u00eb Edi Ram\u00ebs p\u00ebr t\u00eb mos lejuar hetimin dhe vjedhjen e parave q\u00eb ka marr\u00eb me Belinda Ballukun. Ju keni kureshtje t\u00eb tjera t\u00eb plota. <\/em><\/span><\/p>\n<p><span style=\"color: #000000;\"><em>Dumani kishte marr\u00eb prokur\u00eb nga Irena Gjoka p\u00ebr t\u00eb vazhduar avokatin\u00eb e saj. Sh\u00ebnimi q\u00eb i lash armikut t\u00eb eg\u00ebr t\u00eb pluralizimit politik, mercenarit t\u00eb Ram\u00ebs dhe narko-qeveris\u00eb s\u00eb tij, n\u00eb kujtes\u00ebn se p\u00ebr veprat e tij penale, drejt\u00ebsia do t\u00eb jap\u00eb fjal\u00ebn e saj. <\/em><\/span><\/p>\n<p><span style=\"color: #000000;\"><em>Ky mesazh nuk \u00ebsht\u00eb i fundit. Ai me Irena Gjok\u00ebn ka hyr\u00eb n\u00eb galerin\u00eb e turpit t\u00eb historis\u00eb s\u00eb drejt\u00ebsis\u00eb shqiptare. Ai ka hyr\u00eb n\u00eb galerin\u00eb e turpit. <\/em><\/span><\/p>\n<p><span style=\"color: #000000;\"><em>Ata t\u00eb dy jan\u00eb figura, por si\u00e7 e pat\u00eb, Irena dhe Altin ka t\u00eb tjer\u00eb plot\u00eb. Mos harroni se kjo gjykat\u00eb nj\u00eb vit m\u00eb par\u00eb, ka hedhur posht\u00eb, dhe nuk pranoi t\u00eb shqyrtoj\u00eb k\u00ebrkes\u00ebn e grupit parlamentar t\u00eb PD, me pretekstin q\u00eb nuk legjitimohej, edhe pse e p\u00ebrcakton Kushtetuta,<\/em><\/span><em style=\"color: #000000;\">\u201d<\/em><span style=\"color: #000000;\">\u00a0tha ai.<\/span><\/p>\n","protected":false,"gt_translate_keys":[{"key":"rendered","format":"html"}]},"excerpt":{"rendered":"<p>Kryetari i Partis\u00eb Demokratike, Sali Berisha n\u00eb dalje t\u00eb SPAK, l\u00ebshoi akuza n\u00eb drejtim t\u00eb kryeministrit Edi Rama, se ky i fundit ka vjedhur bashk\u00eb me Belinda Ballukun. Berisha u ndal edhe te protesta e paralajm\u00ebruar e opozit\u00ebs m\u00eb\u00a022 dhjetor n\u00eb Tiran\u00eb, p\u00ebr t\u00eb cil\u00ebn tha se do t\u00eb jet\u00eb nj\u00eb p\u00ebrgjigje e drejtp\u00ebrdrejt\u00eb ndaj, [&hellip;]<\/p>\n","protected":false,"gt_translate_keys":[{"key":"rendered","format":"html"}]},"author":49,"featured_media":776809,"comment_status":"closed","ping_status":"open","sticky":false,"template":"","format":"standard","meta":{"footnotes":""},"categories":[65],"tags":[],"class_list":["post-776808","post","type-post","status-publish","format-standard","has-post-thumbnail","hentry","category-lajme"],"gt_translate_keys":[{"key":"link","format":"url"}],"_links":{"self":[{"href":"https:\/\/www.hashtag.al\/index.php\/wp-json\/wp\/v2\/posts\/776808","targetHints":{"allow":["GET"]}}],"collection":[{"href":"https:\/\/www.hashtag.al\/index.php\/wp-json\/wp\/v2\/posts"}],"about":[{"href":"https:\/\/www.hashtag.al\/index.php\/wp-json\/wp\/v2\/types\/post"}],"author":[{"embeddable":true,"href":"https:\/\/www.hashtag.al\/index.php\/wp-json\/wp\/v2\/users\/49"}],"replies":[{"embeddable":true,"href":"https:\/\/www.hashtag.al\/index.php\/wp-json\/wp\/v2\/comments?post=776808"}],"version-history":[{"count":99999,"href":"https:\/\/www.hashtag.al\/index.php\/wp-json\/wp\/v2\/posts\/776808\/revisions"}],"predecessor-version":[{"id":776815,"href":"https:\/\/www.hashtag.al\/index.php\/wp-json\/wp\/v2\/posts\/776808\/revisions\/776815"}],"wp:featuredmedia":[{"embeddable":true,"href":"https:\/\/www.hashtag.al\/index.php\/wp-json\/wp\/v2\/media\/776809"}],"wp:attachment":[{"href":"https:\/\/www.hashtag.al\/index.php\/wp-json\/wp\/v2\/media?parent=776808"}],"wp:term":[{"taxonomy":"category","embeddable":true,"href":"https:\/\/www.hashtag.al\/index.php\/wp-json\/wp\/v2\/categories?post=776808"},{"taxonomy":"post_tag","embeddable":true,"href":"https:\/\/www.hashtag.al\/index.php\/wp-json\/wp\/v2\/tags?post=776808"}],"curies":[{"name":"wp","href":"https:\/\/api.w.org\/{rel}","templated":true}]}}