{"id":776677,"date":"2025-12-14T14:33:02","date_gmt":"2025-12-14T13:33:02","guid":{"rendered":"https:\/\/www.hashtag.al\/?p=776677"},"modified":"2025-12-14T14:33:02","modified_gmt":"2025-12-14T13:33:02","slug":"pd-mbledh-keshillin-kombetar-te-merkuren-ne-fokus-situata-politike-dhe-protesta-e-22-dhjetorit","status":"publish","type":"post","link":"https:\/\/www.hashtag.al\/index.php\/2025\/12\/14\/pd-mbledh-keshillin-kombetar-te-merkuren-ne-fokus-situata-politike-dhe-protesta-e-22-dhjetorit\/","title":{"rendered":"PD mbledh K\u00ebshillin Komb\u00ebtar t\u00eb m\u00ebrkur\u00ebn, n\u00eb fokus situata politike dhe protesta e 22 dhjetorit","gt_translate_keys":[{"key":"rendered","format":"text"}]},"content":{"rendered":"<p data-start=\"132\" data-end=\"262\"><span style=\"color: #000000;\"><img loading=\"lazy\" decoding=\"async\" class=\"size-full wp-image-738907 aligncenter\" src=\"https:\/\/www.hashtag.al\/wp-content\/uploads\/2025\/05\/800-450-1730717992xselia-e-pd-209-768x432-1.jpg\" alt=\"\" width=\"768\" height=\"432\" srcset=\"https:\/\/www.hashtag.al\/wp-content\/uploads\/2025\/05\/800-450-1730717992xselia-e-pd-209-768x432-1.jpg 768w, https:\/\/www.hashtag.al\/wp-content\/uploads\/2025\/05\/800-450-1730717992xselia-e-pd-209-768x432-1-300x169.jpg 300w\" sizes=\"auto, (max-width: 768px) 100vw, 768px\" \/><br \/>\nKryesia e Partis\u00eb Demokratike ka njoftuar se mbledhja e K\u00ebshillit Komb\u00ebtar do t\u00eb zhvillohet t\u00eb m\u00ebrkur\u00ebn, duke nisur nga ora 17:00.<\/span><\/p>\n<p data-start=\"264\" data-end=\"447\"><span style=\"color: #000000;\">Sipas njoftimit zyrtar, n\u00eb rendin e dit\u00ebs s\u00eb takimit do t\u00eb jen\u00eb situata politike n\u00eb vend, q\u00ebndrimet e Partis\u00eb Demokratike, si dhe protesta komb\u00ebtare e paralajm\u00ebruar p\u00ebr m\u00eb 22 dhjetor.<\/span><\/p>\n<p data-start=\"449\" data-end=\"667\"><span style=\"color: #000000;\">Kujtohet se n\u00eb nj\u00eb deklarat\u00eb t\u00eb m\u00ebparshme, kreu i PD-s\u00eb, Sali Berisha, ka theksuar se protesta e 22 dhjetorit p\u00ebrfaq\u00ebson fillimin e nj\u00eb beteje politike q\u00eb, sipas tij, do t\u00eb vijoj\u00eb deri n\u00eb fitoren e Partis\u00eb Demokratike.<\/span><\/p>\n<p data-start=\"669\" data-end=\"1003\"><span style=\"color: #000000;\">Berisha ka ashp\u00ebrsuar akuzat ndaj qeveris\u00eb s\u00eb kryeministrit Edi Rama, duke e akuzuar p\u00ebr korrupsion t\u00eb p\u00ebrhapur. Ai ka ndalur ve\u00e7an\u00ebrisht te \u00e7\u00ebshtja e ministres Belinda Balluku, p\u00ebr t\u00eb cil\u00ebn \u00ebsht\u00eb shprehur se vendimi i Gjykat\u00ebs Kushtetuese p\u00ebr rikthimin e saj n\u00eb detyr\u00eb i jep mund\u00ebsi t\u00eb shkat\u00ebrroj\u00eb prova apo t\u00eb intimidoj\u00eb d\u00ebshmitar\u00eb.<\/span><\/p>\n<p data-start=\"1005\" data-end=\"1137\"><span style=\"color: #000000;\">Mbledhja e K\u00ebshillit Komb\u00ebtar pritet t\u00eb p\u00ebrcaktoj\u00eb edhe hapat e m\u00ebtejsh\u00ebm politik\u00eb t\u00eb opozit\u00ebs n\u00eb prag t\u00eb protest\u00ebs s\u00eb 22 dhjetorit.<\/span><\/p>\n","protected":false,"gt_translate_keys":[{"key":"rendered","format":"html"}]},"excerpt":{"rendered":"<p>Kryesia e Partis\u00eb Demokratike ka njoftuar se mbledhja e K\u00ebshillit Komb\u00ebtar do t\u00eb zhvillohet t\u00eb m\u00ebrkur\u00ebn, duke nisur nga ora 17:00. Sipas njoftimit zyrtar, n\u00eb rendin e dit\u00ebs s\u00eb takimit do t\u00eb jen\u00eb situata politike n\u00eb vend, q\u00ebndrimet e Partis\u00eb Demokratike, si dhe protesta komb\u00ebtare e paralajm\u00ebruar p\u00ebr m\u00eb 22 dhjetor. Kujtohet se n\u00eb nj\u00eb [&hellip;]<\/p>\n","protected":false,"gt_translate_keys":[{"key":"rendered","format":"html"}]},"author":32,"featured_media":738907,"comment_status":"closed","ping_status":"open","sticky":false,"template":"","format":"standard","meta":{"footnotes":""},"categories":[65],"tags":[],"class_list":["post-776677","post","type-post","status-publish","format-standard","has-post-thumbnail","hentry","category-lajme"],"gt_translate_keys":[{"key":"link","format":"url"}],"_links":{"self":[{"href":"https:\/\/www.hashtag.al\/index.php\/wp-json\/wp\/v2\/posts\/776677","targetHints":{"allow":["GET"]}}],"collection":[{"href":"https:\/\/www.hashtag.al\/index.php\/wp-json\/wp\/v2\/posts"}],"about":[{"href":"https:\/\/www.hashtag.al\/index.php\/wp-json\/wp\/v2\/types\/post"}],"author":[{"embeddable":true,"href":"https:\/\/www.hashtag.al\/index.php\/wp-json\/wp\/v2\/users\/32"}],"replies":[{"embeddable":true,"href":"https:\/\/www.hashtag.al\/index.php\/wp-json\/wp\/v2\/comments?post=776677"}],"version-history":[{"count":99999,"href":"https:\/\/www.hashtag.al\/index.php\/wp-json\/wp\/v2\/posts\/776677\/revisions"}],"predecessor-version":[{"id":776678,"href":"https:\/\/www.hashtag.al\/index.php\/wp-json\/wp\/v2\/posts\/776677\/revisions\/776678"}],"wp:featuredmedia":[{"embeddable":true,"href":"https:\/\/www.hashtag.al\/index.php\/wp-json\/wp\/v2\/media\/738907"}],"wp:attachment":[{"href":"https:\/\/www.hashtag.al\/index.php\/wp-json\/wp\/v2\/media?parent=776677"}],"wp:term":[{"taxonomy":"category","embeddable":true,"href":"https:\/\/www.hashtag.al\/index.php\/wp-json\/wp\/v2\/categories?post=776677"},{"taxonomy":"post_tag","embeddable":true,"href":"https:\/\/www.hashtag.al\/index.php\/wp-json\/wp\/v2\/tags?post=776677"}],"curies":[{"name":"wp","href":"https:\/\/api.w.org\/{rel}","templated":true}]}}