{"id":776530,"date":"2025-12-13T09:25:52","date_gmt":"2025-12-13T08:25:52","guid":{"rendered":"https:\/\/www.hashtag.al\/?p=776530"},"modified":"2025-12-13T09:25:52","modified_gmt":"2025-12-13T08:25:52","slug":"vucic-paralajmeron-vizite-zyrtare-ne-kine","status":"publish","type":"post","link":"https:\/\/www.hashtag.al\/index.php\/2025\/12\/13\/vucic-paralajmeron-vizite-zyrtare-ne-kine\/","title":{"rendered":"Vu\u00e7i\u00e7 paralajm\u00ebron vizit\u00eb zyrtare n\u00eb Kin\u00eb","gt_translate_keys":[{"key":"rendered","format":"text"}]},"content":{"rendered":"<p><span style=\"color: #000000;\"><img loading=\"lazy\" decoding=\"async\" class=\"aligncenter size-full wp-image-776531\" src=\"https:\/\/www.hashtag.al\/wp-content\/uploads\/2025\/12\/Screenshot-2025-12-13-092059.png\" alt=\"\" width=\"1086\" height=\"582\" srcset=\"https:\/\/www.hashtag.al\/wp-content\/uploads\/2025\/12\/Screenshot-2025-12-13-092059.png 1086w, https:\/\/www.hashtag.al\/wp-content\/uploads\/2025\/12\/Screenshot-2025-12-13-092059-300x161.png 300w, https:\/\/www.hashtag.al\/wp-content\/uploads\/2025\/12\/Screenshot-2025-12-13-092059-1024x549.png 1024w, https:\/\/www.hashtag.al\/wp-content\/uploads\/2025\/12\/Screenshot-2025-12-13-092059-768x412.png 768w\" sizes=\"auto, (max-width: 1086px) 100vw, 1086px\" \/><\/span><\/p>\n<p><span style=\"color: #000000;\">Presidenti i Serbis\u00eb, Aleksandar Vu\u00e7i\u00e7, m\u00eb 12 dhjetor paralajm\u00ebroi se po p\u00ebrgatitet p\u00ebr nj\u00eb vizit\u00eb zyrtare n\u00eb Kin\u00eb, ku do t\u00eb shkoj\u00eb s\u00eb shpejti.<\/span><\/p>\n<p><span style=\"color: #000000;\">Ai tha n\u00eb Nish, n\u00eb jug t\u00eb Serbis\u00eb, se ka biseduar me ambasadorin e Kin\u00ebs n\u00eb Beograd, Li Ming, p\u00ebr p\u00ebrgatitjet p\u00ebr k\u00ebt\u00eb vizit\u00eb, raporton agjencia e lajmeve, Beta.<\/span><\/p>\n<p><span style=\"color: #000000;\"><em>\u201cP\u00ebr mua kjo do t\u00eb ket\u00eb nj\u00eb r\u00ebnd\u00ebsi t\u00eb jasht\u00ebzakonshme dhe t\u00eb mrekullueshme. I jam mir\u00ebnjoh\u00ebs presidentit t\u00eb Kin\u00ebs, Xi Jinping, p\u00ebr mb\u00ebshtetjen q\u00eb na ofron n\u00eb \u00e7do aspekt. Kjo do t\u00eb jet\u00eb nj\u00eb vizit\u00eb zyrtare. Kam qen\u00eb shum\u00eb her\u00eb n\u00eb Kin\u00eb, por ato kan\u00eb qen\u00eb vizita pune, nd\u00ebrsa kjo do t\u00eb jet\u00eb nj\u00eb vizit\u00eb zyrtare\u201d,<\/em> tha Vu\u00e7i\u00e7.<\/span><\/p>\n<p><span style=\"color: #000000;\">Ai theksoi se \u201cKina \u00ebsht\u00eb nj\u00eb mike e sinqert\u00eb dhe e pal\u00ebkundur e Serbis\u00eb\u201d.<\/span><\/p>\n<p><span style=\"color: #000000;\">Presidenti i Serbis\u00eb u takua m\u00eb 4 shtator me presidentin kinez, Xi Jinping, n\u00eb Pekin, dhe at\u00ebher\u00eb i k\u00ebrkoi Kin\u00ebs t\u00eb ndihmoj\u00eb Serbin\u00eb n\u00eb fush\u00ebn e investimeve.<\/span><\/p>\n<p><span style=\"color: #000000;\">Vu\u00e7i\u00e7 at\u00ebbot\u00eb zhvilloi nj\u00eb vizit\u00eb disaditore n\u00eb Pekin, ku me ftes\u00eb t\u00eb presidentit kinez mori pjes\u00eb n\u00eb sh\u00ebnimin e 80-vjetorit t\u00eb fitores n\u00eb Luft\u00ebn e Dyt\u00eb Bot\u00ebrore.<\/span><\/p>\n<p><span style=\"color: #000000;\">N\u00eb korrik 2024 hyri n\u00eb fuqi marr\u00ebveshja p\u00ebr tregti t\u00eb lir\u00eb nd\u00ebrmjet Serbis\u00eb dhe Kin\u00ebs, e cila parasheh heqjen e tarifave doganore p\u00ebr rreth 20.0000 produkte.<\/span><\/p>\n<p><span style=\"color: #000000;\">Nga Banka Popullore e Serbis\u00eb than\u00eb n\u00eb muajin prill, se sipas shteteve, investimet m\u00eb t\u00eb m\u00ebdha t\u00eb huaja direkte n\u00eb Serbi, bazuar n\u00eb t\u00eb dh\u00ebnat e disponueshme p\u00ebr vitin 2024, kan\u00eb ardhur nga Kina.<\/span><\/p>\n<p><span style=\"color: #000000;\">Investitor\u00ebt m\u00eb t\u00eb m\u00ebdhenj kinez\u00eb n\u00eb Serbi jan\u00eb kompania Zijin, e cila n\u00eb vitin 2018 investoi n\u00eb RTB Bor, si dhe kompania Hestil, e cila bleu Uzin\u00ebn e \u00c7elikut n\u00eb Smederev\u00eb n\u00eb vitin 2016.<\/span><\/p>\n<p><span style=\"color: #000000;\">P\u00ebr shkak t\u00eb intensifikimit t\u00eb bashk\u00ebpunimit t\u00eb Serbis\u00eb me Kin\u00ebn q\u00eb nga ardhja n\u00eb pushtet e Partis\u00eb Progresive Serbe n\u00eb vitin 2012, ndaj Beogradit zyrtar disa her\u00eb kan\u00eb ardhur kritika dhe paralajm\u00ebrime nga Brukseli dhe Uashingtoni.<a href=\"https:\/\/www.evropaelire.org\/a\/vuciq-vizite-zyrtare-ne-kine-\/33621837.html\"><span style=\"color: #0000ff;\"><strong>\/REL<\/strong><\/span><\/a><\/span><\/p>\n","protected":false,"gt_translate_keys":[{"key":"rendered","format":"html"}]},"excerpt":{"rendered":"<p>Presidenti i Serbis\u00eb, Aleksandar Vu\u00e7i\u00e7, m\u00eb 12 dhjetor paralajm\u00ebroi se po p\u00ebrgatitet p\u00ebr nj\u00eb vizit\u00eb zyrtare n\u00eb Kin\u00eb, ku do t\u00eb shkoj\u00eb s\u00eb shpejti. Ai tha n\u00eb Nish, n\u00eb jug t\u00eb Serbis\u00eb, se ka biseduar me ambasadorin e Kin\u00ebs n\u00eb Beograd, Li Ming, p\u00ebr p\u00ebrgatitjet p\u00ebr k\u00ebt\u00eb vizit\u00eb, raporton agjencia e lajmeve, Beta. \u201cP\u00ebr mua [&hellip;]<\/p>\n","protected":false,"gt_translate_keys":[{"key":"rendered","format":"html"}]},"author":49,"featured_media":776531,"comment_status":"closed","ping_status":"open","sticky":false,"template":"","format":"standard","meta":{"footnotes":""},"categories":[6],"tags":[],"class_list":["post-776530","post","type-post","status-publish","format-standard","has-post-thumbnail","hentry","category-nderkombetare"],"gt_translate_keys":[{"key":"link","format":"url"}],"_links":{"self":[{"href":"https:\/\/www.hashtag.al\/index.php\/wp-json\/wp\/v2\/posts\/776530","targetHints":{"allow":["GET"]}}],"collection":[{"href":"https:\/\/www.hashtag.al\/index.php\/wp-json\/wp\/v2\/posts"}],"about":[{"href":"https:\/\/www.hashtag.al\/index.php\/wp-json\/wp\/v2\/types\/post"}],"author":[{"embeddable":true,"href":"https:\/\/www.hashtag.al\/index.php\/wp-json\/wp\/v2\/users\/49"}],"replies":[{"embeddable":true,"href":"https:\/\/www.hashtag.al\/index.php\/wp-json\/wp\/v2\/comments?post=776530"}],"version-history":[{"count":99999,"href":"https:\/\/www.hashtag.al\/index.php\/wp-json\/wp\/v2\/posts\/776530\/revisions"}],"predecessor-version":[{"id":776532,"href":"https:\/\/www.hashtag.al\/index.php\/wp-json\/wp\/v2\/posts\/776530\/revisions\/776532"}],"wp:featuredmedia":[{"embeddable":true,"href":"https:\/\/www.hashtag.al\/index.php\/wp-json\/wp\/v2\/media\/776531"}],"wp:attachment":[{"href":"https:\/\/www.hashtag.al\/index.php\/wp-json\/wp\/v2\/media?parent=776530"}],"wp:term":[{"taxonomy":"category","embeddable":true,"href":"https:\/\/www.hashtag.al\/index.php\/wp-json\/wp\/v2\/categories?post=776530"},{"taxonomy":"post_tag","embeddable":true,"href":"https:\/\/www.hashtag.al\/index.php\/wp-json\/wp\/v2\/tags?post=776530"}],"curies":[{"name":"wp","href":"https:\/\/api.w.org\/{rel}","templated":true}]}}