{"id":776131,"date":"2025-12-11T09:08:52","date_gmt":"2025-12-11T08:08:52","guid":{"rendered":"https:\/\/www.hashtag.al\/?p=776131"},"modified":"2025-12-11T12:30:01","modified_gmt":"2025-12-11T11:30:01","slug":"klp-zgjedh-sot-kreun-e-ri-te-spak-ne-gare-4-kandidate","status":"publish","type":"post","link":"https:\/\/www.hashtag.al\/index.php\/2025\/12\/11\/klp-zgjedh-sot-kreun-e-ri-te-spak-ne-gare-4-kandidate\/","title":{"rendered":"KLP zgjedh sot kreun e ri t\u00eb SPAK, n\u00eb gar\u00eb 4 kandidat\u00eb","gt_translate_keys":[{"key":"rendered","format":"text"}]},"content":{"rendered":"<div class=\"single-news\">\n<div class=\"single_v\">\n<div class=\"single_article_body\">\n<div class=\"article-body\">\n<p><span style=\"color: #000000;\"><img loading=\"lazy\" decoding=\"async\" class=\"aligncenter size-full wp-image-776136\" src=\"https:\/\/www.hashtag.al\/wp-content\/uploads\/2025\/12\/1765433932_altindumani.jpg\" alt=\"\" width=\"780\" height=\"440\" srcset=\"https:\/\/www.hashtag.al\/wp-content\/uploads\/2025\/12\/1765433932_altindumani.jpg 780w, https:\/\/www.hashtag.al\/wp-content\/uploads\/2025\/12\/1765433932_altindumani-300x169.jpg 300w, https:\/\/www.hashtag.al\/wp-content\/uploads\/2025\/12\/1765433932_altindumani-768x433.jpg 768w\" sizes=\"auto, (max-width: 780px) 100vw, 780px\" \/><\/span><\/p>\n<p><span style=\"color: #000000;\">M\u00eb 18 dhjetor, Altin Dumani p\u00ebrfundon mandatin 3-vje\u00e7ar n\u00eb krye t\u00eb Prokuroris\u00eb s\u00eb Posa\u00e7me, periudh\u00eb gjat\u00eb s\u00eb cil\u00ebs SPAK vendosi n\u00ebn hetim figura t\u00eb larta politike dhe grupe t\u00eb rrezikshme kriminale.<\/span><\/p>\n<p><span style=\"color: #000000;\">P\u00ebr drejtimin e institucionit garojn\u00eb kat\u00ebr prokuror\u00eb t\u00eb SPAK, Elvin Gogaj, Adnand Xholi, Doloreza Musabelliu\u00a0dhe\u00a0Klodian Braho, me Musabelliun q\u00eb b\u00ebhet e para grua kandidate p\u00ebr k\u00ebt\u00eb post.<\/span><\/p>\n<p><span style=\"color: #000000;\">K\u00ebshilli i Lart\u00eb i Prokuroris\u00eb mblidhet sot n\u00eb or\u00ebn 09:00 p\u00ebr t\u00eb d\u00ebgjuar platformat e kandidat\u00ebve dhe p\u00ebr t\u00eb votuar drejtuesin e ri, n\u00eb nj\u00eb seanc\u00eb t\u00eb hapur p\u00ebr mediat dhe me pjes\u00ebmarrjen e p\u00ebrfaq\u00ebsuesve nga institucionet vendase dhe nd\u00ebrkomb\u00ebtare.<\/span><\/p>\n<p><span style=\"color: #000000;\">Nj\u00eb dit\u00eb para mbledhjes, SHBA vler\u00ebsoi pun\u00ebn e Altin Dumanit pas nj\u00eb takimi me zyrtarin e DASH, Lyn Debevoise, duke e cil\u00ebsuar kontributin e tij t\u00eb r\u00ebnd\u00ebsish\u00ebm n\u00eb luft\u00ebn kund\u00ebr krimit dhe korrupsionit dhe n\u00eb forcimin e bashk\u00ebpunimit mes dy vendeve.<\/span><\/p>\n<p><span style=\"color: #000000;\">Nd\u00ebrkoh\u00eb, delegacioni i BE n\u00eb Tiran\u00eb dhe ambasada britanike k\u00ebrkuan q\u00eb gara t\u00eb zhvillohet me transparenc\u00eb dhe integritet, duke theksuar nevoj\u00ebn p\u00ebr nj\u00eb drejtues t\u00eb pavarur, profesionist dhe n\u00eb p\u00ebrputhje me standardet e BE-s\u00eb.<\/span><\/p>\n<p><span style=\"color: #000000;\">Altin Dumani \u00ebsht\u00eb zgjedhur n\u00eb krye t\u00eb SPAK m\u00eb 18 dhjetor 2022 dhe \u00ebsht\u00eb prokurori i dyt\u00eb q\u00eb ka drejtuar SPAK q\u00eb nga themelimi i Struktur\u00ebs s\u00eb Posa\u00e7me, pas Arben Kraj\u00ebs. Mandati i kryeprokurorit \u00ebsht\u00eb 3-vje\u00e7ar dhe pa t\u00eb drejt\u00eb rikandidimi.<\/span><\/p>\n<p><span style=\"color: #000000;\"><strong>Por kush jan\u00eb kandidat\u00ebt?<\/strong><\/span><\/p>\n<p><span style=\"color: #000000;\"><strong>Adnan Xholi<\/strong>\u00a0\u00ebsht\u00eb nj\u00eb nga kandidat\u00ebt me p\u00ebrvoj\u00eb t\u00eb gjat\u00eb, i em\u00ebruar p\u00ebr her\u00eb t\u00eb par\u00eb n\u00eb vitin 2004. Aktualisht, ai sh\u00ebrben si prokuror n\u00eb SPAK dhe mban edhe detyr\u00ebn e shefit t\u00eb Seksionit t\u00eb Krimit t\u00eb Organizuar, nj\u00eb rol ky\u00e7 n\u00eb luft\u00ebn kund\u00ebr korrupsionit dhe krimit t\u00eb strukturuar.\u00a0<\/span><\/p>\n<p><span style=\"color: #000000;\"><strong>Klodian Braho<\/strong>, i em\u00ebruar prokuror n\u00eb vitin\u00a0 2007, \u00ebsht\u00eb po ashtu prokuror pran\u00eb SPAK q\u00eb n\u00eb krijimin e tij. Aktualisht mban detyr\u00ebn e shefit t\u00eb seksionit kund\u00ebr korrupsionit n\u00eb Prokurorin\u00eb e Posa\u00e7me. Ai ka patur nj\u00eb rrug\u00ebtim t\u00eb gjat\u00eb n\u00eb sistemin e drejt\u00ebsis\u00eb, duke mbajtur pozicione t\u00eb r\u00ebnd\u00ebsishme n\u00eb hetimin e rasteve t\u00eb korrupsionit. Braho \u00ebsht\u00eb prokurori, i cili ka hetuar inceneratorin e Elbasanit, duke nxjerr\u00eb urdh\u00ebr arresti p\u00ebr shum\u00eb persona mes t\u00eb cil\u00ebve, Mirel\u00a0M\u00ebrtiri, Stela Gugallja,\u00a0Klodian Zoto\u00a0dhe duke ndar\u00eb hetimin p\u00ebr ish zv\/kryeministrin\u00a0Arben Ahmetaj.<\/span><\/p>\n<p><span style=\"color: #000000;\"><strong>Elvin Gokaj <\/strong>ka nisur karrier\u00ebn e tij n\u00eb dhjetor t\u00eb vitit 2000. Ai ka qen\u00eb pjes\u00eb e SPAK prej koh\u00ebsh dhe ka kontribuar n\u00eb hetime t\u00eb shumta me ndikim t\u00eb lart\u00eb. Nd\u00ebr \u00e7\u00ebshtjet e hetuara dhe t\u00eb d\u00ebrguara n\u00eb gjyq prej tij, \u00ebsht\u00eb dosja \u201cBuka\u201d ku \u00ebsht\u00eb marr\u00eb i pandehur ish-ministri i Ekonomis\u00eb dhe infrastruktur\u00ebs Arben Ahmetaj.<\/span><\/p>\n<p><span style=\"color: #000000;\">Nd\u00ebrsa\u00a0<strong>Doloreza Musabelliu<\/strong>, e em\u00ebruar n\u00eb tetor t\u00eb vitit 2004, \u00ebsht\u00eb prokurore n\u00eb SPAK dhe ka nj\u00eb rol t\u00eb r\u00ebnd\u00ebsish\u00ebm n\u00eb struktur\u00ebn e Prokuroris\u00eb s\u00eb Posa\u00e7me. Ajo \u00ebsht\u00eb nj\u00eb nga prokuroret q\u00eb ka qen\u00eb pjes\u00eb e grupit t\u00eb kan\u00eb hetuar dosjen e \u201cPlumbi i Art\u00eb\u201d ku tre bashk\u00ebpun\u00ebtor t\u00eb drejt\u00ebsis\u00eb kan\u00eb zbuluar me dhjet\u00ebra krime\u00a0 nd\u00ebr vite n\u00eb Shqip\u00ebri, t\u00eb cil\u00ebt deri tani jan\u00eb konsideruar si ngjarje pa autor.<\/span><\/p>\n<\/div>\n<\/div>\n<\/div>\n<\/div>\n","protected":false,"gt_translate_keys":[{"key":"rendered","format":"html"}]},"excerpt":{"rendered":"<p>M\u00eb 18 dhjetor, Altin Dumani p\u00ebrfundon mandatin 3-vje\u00e7ar n\u00eb krye t\u00eb Prokuroris\u00eb s\u00eb Posa\u00e7me, periudh\u00eb gjat\u00eb s\u00eb cil\u00ebs SPAK vendosi n\u00ebn hetim figura t\u00eb larta politike dhe grupe t\u00eb rrezikshme kriminale. P\u00ebr drejtimin e institucionit garojn\u00eb kat\u00ebr prokuror\u00eb t\u00eb SPAK, Elvin Gogaj, Adnand Xholi, Doloreza Musabelliu\u00a0dhe\u00a0Klodian Braho, me Musabelliun q\u00eb b\u00ebhet e para grua kandidate [&hellip;]<\/p>\n","protected":false,"gt_translate_keys":[{"key":"rendered","format":"html"}]},"author":49,"featured_media":776136,"comment_status":"closed","ping_status":"open","sticky":false,"template":"","format":"standard","meta":{"footnotes":""},"categories":[65],"tags":[],"class_list":["post-776131","post","type-post","status-publish","format-standard","has-post-thumbnail","hentry","category-lajme"],"gt_translate_keys":[{"key":"link","format":"url"}],"_links":{"self":[{"href":"https:\/\/www.hashtag.al\/index.php\/wp-json\/wp\/v2\/posts\/776131","targetHints":{"allow":["GET"]}}],"collection":[{"href":"https:\/\/www.hashtag.al\/index.php\/wp-json\/wp\/v2\/posts"}],"about":[{"href":"https:\/\/www.hashtag.al\/index.php\/wp-json\/wp\/v2\/types\/post"}],"author":[{"embeddable":true,"href":"https:\/\/www.hashtag.al\/index.php\/wp-json\/wp\/v2\/users\/49"}],"replies":[{"embeddable":true,"href":"https:\/\/www.hashtag.al\/index.php\/wp-json\/wp\/v2\/comments?post=776131"}],"version-history":[{"count":99999,"href":"https:\/\/www.hashtag.al\/index.php\/wp-json\/wp\/v2\/posts\/776131\/revisions"}],"predecessor-version":[{"id":776194,"href":"https:\/\/www.hashtag.al\/index.php\/wp-json\/wp\/v2\/posts\/776131\/revisions\/776194"}],"wp:featuredmedia":[{"embeddable":true,"href":"https:\/\/www.hashtag.al\/index.php\/wp-json\/wp\/v2\/media\/776136"}],"wp:attachment":[{"href":"https:\/\/www.hashtag.al\/index.php\/wp-json\/wp\/v2\/media?parent=776131"}],"wp:term":[{"taxonomy":"category","embeddable":true,"href":"https:\/\/www.hashtag.al\/index.php\/wp-json\/wp\/v2\/categories?post=776131"},{"taxonomy":"post_tag","embeddable":true,"href":"https:\/\/www.hashtag.al\/index.php\/wp-json\/wp\/v2\/tags?post=776131"}],"curies":[{"name":"wp","href":"https:\/\/api.w.org\/{rel}","templated":true}]}}