{"id":776015,"date":"2025-12-10T16:15:59","date_gmt":"2025-12-10T15:15:59","guid":{"rendered":"https:\/\/www.hashtag.al\/?p=776015"},"modified":"2025-12-10T16:15:59","modified_gmt":"2025-12-10T15:15:59","slug":"polonia-synon-te-kembeje-avionet-sovjetike-me-dronet-ukrainas","status":"publish","type":"post","link":"https:\/\/www.hashtag.al\/index.php\/2025\/12\/10\/polonia-synon-te-kembeje-avionet-sovjetike-me-dronet-ukrainas\/","title":{"rendered":"Polonia synon t\u00eb k\u00ebmbej\u00eb avion\u00ebt sovjetik\u00eb me dron\u00ebt ukrainas","gt_translate_keys":[{"key":"rendered","format":"text"}]},"content":{"rendered":"<p><span style=\"color: #000000;\"><img loading=\"lazy\" decoding=\"async\" class=\"alignnone size-medium wp-image-776016\" src=\"https:\/\/www.hashtag.al\/wp-content\/uploads\/2025\/12\/Screenshot-2025-12-10-070020-300x171.png\" alt=\"\" width=\"300\" height=\"171\" srcset=\"https:\/\/www.hashtag.al\/wp-content\/uploads\/2025\/12\/Screenshot-2025-12-10-070020-300x171.png 300w, https:\/\/www.hashtag.al\/wp-content\/uploads\/2025\/12\/Screenshot-2025-12-10-070020-1024x584.png 1024w, https:\/\/www.hashtag.al\/wp-content\/uploads\/2025\/12\/Screenshot-2025-12-10-070020-768x438.png 768w, https:\/\/www.hashtag.al\/wp-content\/uploads\/2025\/12\/Screenshot-2025-12-10-070020.png 1175w\" sizes=\"auto, (max-width: 300px) 100vw, 300px\" \/><\/span><\/p>\n<p><span style=\"color: #000000;\">Polonia planifikon t&#8217;ia jap\u00eb pjes\u00ebn e mbetur t\u00eb aeroplan\u00ebve luftarak\u00eb MiG-29, t\u00eb epok\u00ebs sovjetike, Ukrain\u00ebs n\u00eb k\u00ebmbim t\u00eb teknologjis\u00eb p\u00ebr dron\u00ebt, tha Ministria e Mbrojtjes m\u00eb 10 dhjetor.<\/span><\/p>\n<p><span style=\"color: #000000;\">Polonia ka z\u00ebvend\u00ebsuar aeroplan\u00ebt e saj t\u00eb vjet\u00ebr sovjetik\u00eb me avion\u00eb F-16 t\u00eb prodhimit amerikan dhe FA-50, t\u00eb prodhimit t\u00eb Kores\u00eb s\u00eb Jugut, dhe pret dor\u00ebzimin e 32 aeroplan\u00ebve F-35 q\u00eb ka porositur n\u00eb SHBA.<\/span><\/p>\n<p><span style=\"color: #000000;\"><em>\u201cMiG-\u00ebt po arrijn\u00eb fundin e sh\u00ebrbimit t\u00eb tyre, q\u00eb do t\u00eb thot\u00eb se do t\u00eb t\u00ebrhiqen nga ushtria polake dhe ne po diskutojm\u00eb p\u00ebr transferimin e tyre n\u00eb pal\u00ebn ukrainase<\/em>\u201d, tha ministri i Mbrojtjes, Wladyslaw Kosiniak-Kamysz, p\u00ebr radion publike polake, Trojka.<\/span><\/p>\n<p><span style=\"color: #000000;\">Sipas Kosiniak-Kamysz, ky k\u00ebmbim mund t\u00eb p\u00ebrfshij\u00eb po ashtu \u201ctransferimin e teknologjive, p\u00ebr shembull n\u00eb fush\u00ebn e dron\u00ebve dhe raketave nga Ukraina n\u00eb Poloni\u201d.<\/span><\/p>\n<p><span style=\"color: #000000;\">Polonia, e cila i ka dh\u00ebn\u00eb shum\u00eb nga avion\u00ebt e saj MiG-29 Ukrain\u00ebs pasi Moska nisi pushtimin e shtetit fqinj, ende ka edhe 14 avion\u00eb t\u00eb till\u00eb, sipas raporteve mediale.<\/span><\/p>\n<p><span style=\"color: #000000;\">\u201c<em>Bisedimet po vazhdojn\u00eb, dhe jemi t\u00eb vendosur t\u2019i finalizojm\u00eb sa m\u00eb shpejt t\u00eb jet\u00eb e mundur<\/em>\u201d, theksoi Kosiniak-Kamysz.<\/span><\/p>\n<p><span style=\"color: #000000;\">Ai shtoi se Polonia po p\u00ebrfiton tashm\u00eb nga ekspertiza ukrainase n\u00eb trajnimin ushtarak p\u00ebr dron\u00eb.<\/span><\/p>\n<p><span style=\"color: #000000;\">\u201c<em>Ukrainasit jan\u00eb m\u00eb t\u00eb mir\u00ebt sa i p\u00ebrket dron\u00ebve n\u00eb mesin e t\u00eb gjitha vendeve me t\u00eb cilat kemi marr\u00ebdh\u00ebnie t\u00eb mira\u201d.<\/em><\/span><\/p>\n<p><span style=\"color: #000000;\">Polonia, an\u00ebtare e Bashkimit Evropian dhe NATO-s, \u00ebsht\u00eb nd\u00ebr mb\u00ebshtet\u00ebset m\u00eb t\u00eb fuqishme t\u00eb Ukrain\u00ebs, duke sh\u00ebrbyer si qend\u00ebr p\u00ebr d\u00ebrgesat ushtarake dhe humanitare drejt Kievit.\/<span style=\"color: #0000ff;\"><a style=\"color: #0000ff;\" href=\"https:\/\/www.evropaelire.org\/a\/polonia-avionet-mig-dronet-ukrainas-\/33619144.html\">REL<\/a><\/span><\/span><\/p>\n","protected":false,"gt_translate_keys":[{"key":"rendered","format":"html"}]},"excerpt":{"rendered":"<p>Polonia planifikon t&#8217;ia jap\u00eb pjes\u00ebn e mbetur t\u00eb aeroplan\u00ebve luftarak\u00eb MiG-29, t\u00eb epok\u00ebs sovjetike, Ukrain\u00ebs n\u00eb k\u00ebmbim t\u00eb teknologjis\u00eb p\u00ebr dron\u00ebt, tha Ministria e Mbrojtjes m\u00eb 10 dhjetor. Polonia ka z\u00ebvend\u00ebsuar aeroplan\u00ebt e saj t\u00eb vjet\u00ebr sovjetik\u00eb me avion\u00eb F-16 t\u00eb prodhimit amerikan dhe FA-50, t\u00eb prodhimit t\u00eb Kores\u00eb s\u00eb Jugut, dhe pret dor\u00ebzimin e [&hellip;]<\/p>\n","protected":false,"gt_translate_keys":[{"key":"rendered","format":"html"}]},"author":32,"featured_media":776016,"comment_status":"closed","ping_status":"open","sticky":false,"template":"","format":"standard","meta":{"footnotes":""},"categories":[6],"tags":[],"class_list":["post-776015","post","type-post","status-publish","format-standard","has-post-thumbnail","hentry","category-nderkombetare"],"gt_translate_keys":[{"key":"link","format":"url"}],"_links":{"self":[{"href":"https:\/\/www.hashtag.al\/index.php\/wp-json\/wp\/v2\/posts\/776015","targetHints":{"allow":["GET"]}}],"collection":[{"href":"https:\/\/www.hashtag.al\/index.php\/wp-json\/wp\/v2\/posts"}],"about":[{"href":"https:\/\/www.hashtag.al\/index.php\/wp-json\/wp\/v2\/types\/post"}],"author":[{"embeddable":true,"href":"https:\/\/www.hashtag.al\/index.php\/wp-json\/wp\/v2\/users\/32"}],"replies":[{"embeddable":true,"href":"https:\/\/www.hashtag.al\/index.php\/wp-json\/wp\/v2\/comments?post=776015"}],"version-history":[{"count":99999,"href":"https:\/\/www.hashtag.al\/index.php\/wp-json\/wp\/v2\/posts\/776015\/revisions"}],"predecessor-version":[{"id":776017,"href":"https:\/\/www.hashtag.al\/index.php\/wp-json\/wp\/v2\/posts\/776015\/revisions\/776017"}],"wp:featuredmedia":[{"embeddable":true,"href":"https:\/\/www.hashtag.al\/index.php\/wp-json\/wp\/v2\/media\/776016"}],"wp:attachment":[{"href":"https:\/\/www.hashtag.al\/index.php\/wp-json\/wp\/v2\/media?parent=776015"}],"wp:term":[{"taxonomy":"category","embeddable":true,"href":"https:\/\/www.hashtag.al\/index.php\/wp-json\/wp\/v2\/categories?post=776015"},{"taxonomy":"post_tag","embeddable":true,"href":"https:\/\/www.hashtag.al\/index.php\/wp-json\/wp\/v2\/tags?post=776015"}],"curies":[{"name":"wp","href":"https:\/\/api.w.org\/{rel}","templated":true}]}}