{"id":776009,"date":"2025-12-10T15:39:40","date_gmt":"2025-12-10T14:39:40","guid":{"rendered":"https:\/\/www.hashtag.al\/?p=776009"},"modified":"2025-12-10T15:39:40","modified_gmt":"2025-12-10T14:39:40","slug":"ministrja-ibrahimaj-transformimi-ekonomik-i-shqiperise-po-pershpejtohet-eksportet-dhe-energjia-e-gjelber-ne-qender-te-zhvillimit","status":"publish","type":"post","link":"https:\/\/www.hashtag.al\/index.php\/2025\/12\/10\/ministrja-ibrahimaj-transformimi-ekonomik-i-shqiperise-po-pershpejtohet-eksportet-dhe-energjia-e-gjelber-ne-qender-te-zhvillimit\/","title":{"rendered":"Ministrja Ibrahimaj: Transformimi ekonomik i Shqip\u00ebris\u00eb po p\u00ebrshpejtohet, eksportet dhe energjia e gjelb\u00ebr n\u00eb qend\u00ebr t\u00eb zhvillimit","gt_translate_keys":[{"key":"rendered","format":"text"}]},"content":{"rendered":"<p><span style=\"color: #000000;\"><img loading=\"lazy\" decoding=\"async\" class=\"alignnone size-medium wp-image-776010\" src=\"https:\/\/www.hashtag.al\/wp-content\/uploads\/2025\/12\/1765376505_delinaibrahimaj-1-300x169.jpeg\" alt=\"\" width=\"300\" height=\"169\" srcset=\"https:\/\/www.hashtag.al\/wp-content\/uploads\/2025\/12\/1765376505_delinaibrahimaj-1-300x169.jpeg 300w, https:\/\/www.hashtag.al\/wp-content\/uploads\/2025\/12\/1765376505_delinaibrahimaj-1-768x433.jpeg 768w, https:\/\/www.hashtag.al\/wp-content\/uploads\/2025\/12\/1765376505_delinaibrahimaj-1.jpeg 780w\" sizes=\"auto, (max-width: 300px) 100vw, 300px\" \/><\/span><\/p>\n<p><span style=\"color: #000000;\">Ministrja e Ekonomis\u00eb dhe Inovacionit, Delina Ibrahimaj, mori sot pjes\u00eb n\u00eb panelin e dedikuar transformimit ekonomik t\u00eb Shqip\u00ebris\u00eb n\u00eb kuad\u00ebr t\u00eb forumit \u201cAlbania&#8217;s Steady Rise as a Regional Economic Centre\u201d.<\/span><\/p>\n<p><span style=\"color: #000000;\">N\u00eb k\u00ebt\u00eb diskutim, ku ishin t\u00eb pranish\u00ebm p\u00ebrfaq\u00ebsues t\u00eb biznesit, akademis\u00eb, investitor\u00eb t\u00eb huaj dhe politik\u00ebb\u00ebr\u00ebs, ministrja vuri theksin te momenti i r\u00ebnd\u00ebsish\u00ebm n\u00eb t\u00eb cilin ndodhet sot ekonomia shqiptare dhe te drejtimet strategjike q\u00eb po udh\u00ebheqin rrug\u00ebtimin e saj drejt vitit 2030.<\/span><\/p>\n<p><span style=\"color: #000000;\">N\u00eb fjal\u00ebn e saj, Ibrahimaj u ndal te puna e kryer gjat\u00eb viteve t\u00eb fundit p\u00ebr t\u00eb kaluar nga nj\u00eb ekonomi e bazuar kryesisht n\u00eb konsum dhe sh\u00ebrbime, drejt nj\u00eb modeli t\u00eb ri t\u00eb mb\u00ebshtetur n\u00eb produktivitet, inovacion dhe krijim t\u00eb vler\u00ebs s\u00eb shtuar brenda vendit.<\/span><\/p>\n<p><span style=\"color: #000000;\">Ajo theksoi se reforma t\u00eb r\u00ebnd\u00ebsishme jan\u00eb nd\u00ebrmarr\u00eb p\u00ebr rritjen e efikasitetit ekonomik, digjitalizimin e sh\u00ebrbimeve dhe modernizimin e sektorit privat, nd\u00ebrsa t\u00eb dh\u00ebnat e pes\u00eb viteve t\u00eb fundit tregojn\u00eb qart\u00eb efektet pozitive t\u00eb k\u00ebtyre ndryshimeve.<\/span><\/p>\n<p><span style=\"color: #000000;\"><em>\u201cRritje t\u00eb q\u00ebndrueshme ekonomike, pun\u00ebsim m\u00eb t\u00eb lart\u00eb, ulje t\u00eb papun\u00ebsis\u00eb dhe borxhit, si edhe inflacion n\u00ebn objektivin e Bank\u00ebs s\u00eb Shqip\u00ebris\u00eb\u201d, u shpreh ministrja Ibrahimaj.<\/em><\/span><\/p>\n<p><span style=\"color: #000000;\">Ministrja vuri n\u00eb dukje se ky stabilitet \u00ebsht\u00eb prova m\u00eb e fort\u00eb se ekonomia shqiptare ka potencial t\u00eb plot\u00eb p\u00ebr t\u2019u p\u00ebrshpejtuar edhe m\u00eb tej.<\/span><\/p>\n<p><span style=\"color: #000000;\">Gjat\u00eb fjal\u00ebs, ministrja foli edhe p\u00ebr integrimin europian, t\u00eb cilin e cil\u00ebsoi jo si nj\u00eb d\u00ebshir\u00eb, por si nj\u00eb plan t\u00eb qart\u00eb pune dhe nj\u00eb proces pa kthim q\u00eb tashm\u00eb \u00ebsht\u00eb i lidhur ngusht\u00eb me modernizimin e ekonomis\u00eb.<\/span><\/p>\n<p><span style=\"color: #000000;\"><em>\u201cKapitujt e par\u00eb q\u00eb do t\u00eb mbyllen n\u00eb negociata lidhen pik\u00ebrisht me tregun e p\u00ebrbashk\u00ebt europian dhe rritjen e standardeve t\u00eb prodhimit, konkurrueshm\u00ebris\u00eb dhe qeverisjes ekonomike\u201d, shtoi Ibrahimaj.<\/em><\/span><\/p>\n<p><span style=\"color: #000000;\">P\u00ebrmbushja e detyrimeve t\u00eb k\u00ebtij procesi, n\u00ebnvizoi Ministrja, k\u00ebrkon nj\u00eb pun\u00eb intensive nga institucionet publike, por edhe nj\u00eb p\u00ebrfshirje t\u00eb thell\u00eb t\u00eb biznesit, i cili duhet t\u00eb adoptoj\u00eb standardet e reja dhe t\u00eb investoj\u00eb n\u00eb modernizim.<\/span><\/p>\n<p><span style=\"color: #000000;\">Nj\u00eb nga drejtimet kryesore t\u00eb zhvillimit q\u00eb Ministrja vuri n\u00eb qend\u00ebr ishte rritja e eksporteve dhe industrializimi i tyre.<\/span><\/p>\n<p><span style=\"color: #000000;\"><em>\u201cStrategjia e re e eksporteve, e cila pritet t\u00eb miratohet brenda k\u00ebtij viti, synon q\u00eb Shqip\u00ebria t\u00eb zhvendoset nga produktet gjysm\u00eb t\u00eb p\u00ebrpunuara drejt prodhimit final dhe t\u00eb rris\u00eb rolin e saj n\u00eb zinxhir\u00ebt e furnizimit europian\u201d, deklaroi Ministrja.<\/em><\/span><\/p>\n<p><span style=\"color: #000000;\">Ibrahimaj n\u00ebnvizoi se investimet e huaja direkte duhet t\u00eb fokusohen tek projektet q\u00eb sjellin teknologji, standarde t\u00eb reja dhe produkte me vler\u00eb t\u00eb shtuar, duke mos qen\u00eb vet\u00ebm hallka t\u00eb thjeshta t\u00eb prodhimit, por kontribuues real\u00eb n\u00eb zhvillimin industrial t\u00eb vendit.<\/span><\/p>\n<p><span style=\"color: #000000;\">Ministrja foli edhe p\u00ebr tranzicionin e gjelb\u00ebr, i cili sipas saj \u00ebsht\u00eb nj\u00eb detyr\u00eb globale, por edhe nj\u00eb mund\u00ebsi e jasht\u00ebzakonshme ekonomike p\u00ebr Shqip\u00ebrin\u00eb.<\/span><\/p>\n<p><span style=\"color: #000000;\">Ibrahimaj kujtoi se vendi yn\u00eb prodhon energji 100% t\u00eb gjelb\u00ebr dhe ka potencial t\u00eb b\u00ebhet eksportues neto i energjis\u00eb deri n\u00eb vitin 2030, nd\u00ebrsa sfida kryesore mbetet diversifikimi i burimeve dhe rritja e siguris\u00eb s\u00eb furnizimit. <\/span><\/p>\n<p><span style=\"color: #000000;\">Ministrja inkurajoi bizneset shqiptare t\u00eb investojn\u00eb n\u00eb teknologji inteligjente, n\u00eb uljen e emetimeve dhe n\u00eb efikasitet energjetik, duke e par\u00eb tranzicionin e gjelb\u00ebr si nj\u00eb shans real p\u00ebr rritje konkurruese. Nj\u00eb vend t\u00eb ve\u00e7ant\u00eb n\u00eb fjal\u00ebn e saj zuri kapitali njer\u00ebzor, t\u00eb cilin ministrja e konsideroi themelin e \u00e7do transformimi ekonomik.<\/span><\/p>\n<p><span style=\"color: #000000;\">Ministrja theksoi se zhvillimet digjitale dhe tranzicioni i gjelb\u00ebr po transformojn\u00eb aft\u00ebsit\u00eb e k\u00ebrkuara nga tregu, ndaj bashk\u00ebpunimi mes sektorit privat dhe sistemit arsimor \u00ebsht\u00eb i domosdosh\u00ebm p\u00ebr t\u00eb siguruar q\u00eb t\u00eb rinjt\u00eb t\u00eb pajisen me aft\u00ebsi bashk\u00ebkohore dhe t\u00eb p\u00ebrshtatshme p\u00ebr ekonomin\u00eb q\u00eb po nd\u00ebrtohet. <\/span><\/p>\n<p><span style=\"color: #000000;\">Ibrahimaj u shpreh se prania e kompanive t\u00eb m\u00ebdha vendase, grupeve nd\u00ebrkomb\u00ebtare, investitor\u00ebve t\u00eb huaj dhe sip\u00ebrmarrjes shqiptare n\u00eb k\u00ebt\u00eb forum \u00ebsht\u00eb tregues i qart\u00eb i rritjes s\u00eb besimit ndaj Shqip\u00ebris\u00eb.<\/span><\/p>\n<p><span style=\"color: #000000;\">Sipas saj, vendi yn\u00eb po shihet gjithnj\u00eb e m\u00eb shum\u00eb si nj\u00eb platform\u00eb rajonale zhvillimi, nj\u00eb hap\u00ebsir\u00eb ku mund t\u00eb ngrihen kapacitete prodhuese, zinxhir\u00eb t\u00eb rinj furnizimi dhe projekte me vler\u00eb t\u00eb q\u00ebndrueshme. Forumi i sot\u00ebm, tha ministrja, \u00ebsht\u00eb nj\u00eb mund\u00ebsi konkrete p\u00ebr t\u00eb lidhur politikat me investimet, strategjit\u00eb me projektet dhe vizionin me rezultatet.<\/span><\/p>\n<p><span style=\"color: #000000;\"><em>\u201c\u00cbsht\u00eb hap\u00ebsira ku lindin bashk\u00ebpunime q\u00eb ndikojn\u00eb realisht n\u00eb ekonomi dhe q\u00eb e \u00e7ojn\u00eb Shqip\u00ebrin\u00eb drejt nj\u00eb transformimi t\u00eb q\u00ebndruesh\u00ebm dhe afatgjat\u00eb\u201d, n\u00ebnvizoi Ministrja.<\/em><\/span><\/p>\n","protected":false,"gt_translate_keys":[{"key":"rendered","format":"html"}]},"excerpt":{"rendered":"<p>Ministrja e Ekonomis\u00eb dhe Inovacionit, Delina Ibrahimaj, mori sot pjes\u00eb n\u00eb panelin e dedikuar transformimit ekonomik t\u00eb Shqip\u00ebris\u00eb n\u00eb kuad\u00ebr t\u00eb forumit \u201cAlbania&#8217;s Steady Rise as a Regional Economic Centre\u201d. N\u00eb k\u00ebt\u00eb diskutim, ku ishin t\u00eb pranish\u00ebm p\u00ebrfaq\u00ebsues t\u00eb biznesit, akademis\u00eb, investitor\u00eb t\u00eb huaj dhe politik\u00ebb\u00ebr\u00ebs, ministrja vuri theksin te momenti i r\u00ebnd\u00ebsish\u00ebm n\u00eb t\u00eb [&hellip;]<\/p>\n","protected":false,"gt_translate_keys":[{"key":"rendered","format":"html"}]},"author":32,"featured_media":776010,"comment_status":"closed","ping_status":"open","sticky":false,"template":"","format":"standard","meta":{"footnotes":""},"categories":[65],"tags":[],"class_list":["post-776009","post","type-post","status-publish","format-standard","has-post-thumbnail","hentry","category-lajme"],"gt_translate_keys":[{"key":"link","format":"url"}],"_links":{"self":[{"href":"https:\/\/www.hashtag.al\/index.php\/wp-json\/wp\/v2\/posts\/776009","targetHints":{"allow":["GET"]}}],"collection":[{"href":"https:\/\/www.hashtag.al\/index.php\/wp-json\/wp\/v2\/posts"}],"about":[{"href":"https:\/\/www.hashtag.al\/index.php\/wp-json\/wp\/v2\/types\/post"}],"author":[{"embeddable":true,"href":"https:\/\/www.hashtag.al\/index.php\/wp-json\/wp\/v2\/users\/32"}],"replies":[{"embeddable":true,"href":"https:\/\/www.hashtag.al\/index.php\/wp-json\/wp\/v2\/comments?post=776009"}],"version-history":[{"count":99999,"href":"https:\/\/www.hashtag.al\/index.php\/wp-json\/wp\/v2\/posts\/776009\/revisions"}],"predecessor-version":[{"id":776011,"href":"https:\/\/www.hashtag.al\/index.php\/wp-json\/wp\/v2\/posts\/776009\/revisions\/776011"}],"wp:featuredmedia":[{"embeddable":true,"href":"https:\/\/www.hashtag.al\/index.php\/wp-json\/wp\/v2\/media\/776010"}],"wp:attachment":[{"href":"https:\/\/www.hashtag.al\/index.php\/wp-json\/wp\/v2\/media?parent=776009"}],"wp:term":[{"taxonomy":"category","embeddable":true,"href":"https:\/\/www.hashtag.al\/index.php\/wp-json\/wp\/v2\/categories?post=776009"},{"taxonomy":"post_tag","embeddable":true,"href":"https:\/\/www.hashtag.al\/index.php\/wp-json\/wp\/v2\/tags?post=776009"}],"curies":[{"name":"wp","href":"https:\/\/api.w.org\/{rel}","templated":true}]}}