{"id":775819,"date":"2025-12-09T13:40:20","date_gmt":"2025-12-09T12:40:20","guid":{"rendered":"https:\/\/www.hashtag.al\/?p=775819"},"modified":"2025-12-09T13:40:20","modified_gmt":"2025-12-09T12:40:20","slug":"berisha-po-pergatisim-protestat-kombetare","status":"publish","type":"post","link":"https:\/\/www.hashtag.al\/index.php\/2025\/12\/09\/berisha-po-pergatisim-protestat-kombetare\/","title":{"rendered":"Berisha: Po p\u00ebrgatisim protestat komb\u00ebtare","gt_translate_keys":[{"key":"rendered","format":"text"}]},"content":{"rendered":"<p><span style=\"color: #000000;\"><img loading=\"lazy\" decoding=\"async\" class=\"alignnone size-medium wp-image-775715\" src=\"https:\/\/www.hashtag.al\/wp-content\/uploads\/2025\/12\/sali2-300x174.jpg\" alt=\"\" width=\"300\" height=\"174\" srcset=\"https:\/\/www.hashtag.al\/wp-content\/uploads\/2025\/12\/sali2-300x174.jpg 300w, https:\/\/www.hashtag.al\/wp-content\/uploads\/2025\/12\/sali2-1024x595.jpg 1024w, https:\/\/www.hashtag.al\/wp-content\/uploads\/2025\/12\/sali2-768x446.jpg 768w, https:\/\/www.hashtag.al\/wp-content\/uploads\/2025\/12\/sali2-250x145.jpg 250w, https:\/\/www.hashtag.al\/wp-content\/uploads\/2025\/12\/sali2.jpg 1240w\" sizes=\"auto, (max-width: 300px) 100vw, 300px\" \/><\/span><\/p>\n<p><span style=\"color: #000000;\">Kreu i Partis\u00eb Demokratike, Sali Berisha, deklaroi se PD-ja po p\u00ebrgatit protestat komb\u00ebtare, t\u00eb cilat ai i paralajm\u00ebroi edhe nj\u00eb dit\u00eb m\u00eb par\u00eb gjat\u00eb Foltores para Kryeministris\u00eb.<\/span><\/p>\n<p><span style=\"color: #000000;\">N\u00eb nj\u00eb konferenc\u00eb nga selia blu, Berisha theksoi se k\u00ebto protesta jan\u00eb, sipas tij, e vetmja m\u00ebnyr\u00eb p\u00ebr t\u2019u rikthyer qytetar\u00ebve vot\u00ebn e lir\u00eb.<\/span><\/p>\n<p><span style=\"color: #000000;\">Ai akuzoi Gjykat\u00ebn Kushtetuese se ka marr\u00eb vendime n\u00eb shkelje t\u00eb Kushtetut\u00ebs, duke iu referuar \u00e7\u00ebshtjes s\u00eb Ballukut:<\/span><\/p>\n<p><span style=\"color: #000000;\"><em>\u201cJemi duke i p\u00ebrgatitur protestat. Vendimet e GJK dhe fakti q\u00eb gjykata nuk e refuzoi k\u00ebrkes\u00ebn e paligjshme jan\u00eb tep\u00ebr shqet\u00ebsuese. Mos harroni se kjo gjykat\u00eb ka shpallur t\u00eb paligjsh\u00ebm, duke shkelmuar Kushtetut\u00ebn, 30 deputet\u00eb t\u00eb opozit\u00ebs q\u00eb paraqit\u00ebn k\u00ebrkes\u00eb p\u00ebr \u00e7\u00ebshtjen time<\/em> \u2013 tha ai \u2013 <em>Protesta do t\u00eb jet\u00eb rruga jon\u00eb e vetme p\u00ebr t\u2019u kthyer shqiptar\u00ebve vot\u00ebn e lir\u00eb.\u201c<\/em><\/span><\/p>\n","protected":false,"gt_translate_keys":[{"key":"rendered","format":"html"}]},"excerpt":{"rendered":"<p>Kreu i Partis\u00eb Demokratike, Sali Berisha, deklaroi se PD-ja po p\u00ebrgatit protestat komb\u00ebtare, t\u00eb cilat ai i paralajm\u00ebroi edhe nj\u00eb dit\u00eb m\u00eb par\u00eb gjat\u00eb Foltores para Kryeministris\u00eb. N\u00eb nj\u00eb konferenc\u00eb nga selia blu, Berisha theksoi se k\u00ebto protesta jan\u00eb, sipas tij, e vetmja m\u00ebnyr\u00eb p\u00ebr t\u2019u rikthyer qytetar\u00ebve vot\u00ebn e lir\u00eb. Ai akuzoi Gjykat\u00ebn Kushtetuese [&hellip;]<\/p>\n","protected":false,"gt_translate_keys":[{"key":"rendered","format":"html"}]},"author":32,"featured_media":775715,"comment_status":"closed","ping_status":"open","sticky":false,"template":"","format":"standard","meta":{"footnotes":""},"categories":[65],"tags":[],"class_list":["post-775819","post","type-post","status-publish","format-standard","has-post-thumbnail","hentry","category-lajme"],"gt_translate_keys":[{"key":"link","format":"url"}],"_links":{"self":[{"href":"https:\/\/www.hashtag.al\/index.php\/wp-json\/wp\/v2\/posts\/775819","targetHints":{"allow":["GET"]}}],"collection":[{"href":"https:\/\/www.hashtag.al\/index.php\/wp-json\/wp\/v2\/posts"}],"about":[{"href":"https:\/\/www.hashtag.al\/index.php\/wp-json\/wp\/v2\/types\/post"}],"author":[{"embeddable":true,"href":"https:\/\/www.hashtag.al\/index.php\/wp-json\/wp\/v2\/users\/32"}],"replies":[{"embeddable":true,"href":"https:\/\/www.hashtag.al\/index.php\/wp-json\/wp\/v2\/comments?post=775819"}],"version-history":[{"count":99999,"href":"https:\/\/www.hashtag.al\/index.php\/wp-json\/wp\/v2\/posts\/775819\/revisions"}],"predecessor-version":[{"id":775820,"href":"https:\/\/www.hashtag.al\/index.php\/wp-json\/wp\/v2\/posts\/775819\/revisions\/775820"}],"wp:featuredmedia":[{"embeddable":true,"href":"https:\/\/www.hashtag.al\/index.php\/wp-json\/wp\/v2\/media\/775715"}],"wp:attachment":[{"href":"https:\/\/www.hashtag.al\/index.php\/wp-json\/wp\/v2\/media?parent=775819"}],"wp:term":[{"taxonomy":"category","embeddable":true,"href":"https:\/\/www.hashtag.al\/index.php\/wp-json\/wp\/v2\/categories?post=775819"},{"taxonomy":"post_tag","embeddable":true,"href":"https:\/\/www.hashtag.al\/index.php\/wp-json\/wp\/v2\/tags?post=775819"}],"curies":[{"name":"wp","href":"https:\/\/api.w.org\/{rel}","templated":true}]}}