{"id":775795,"date":"2025-12-09T10:29:55","date_gmt":"2025-12-09T09:29:55","guid":{"rendered":"https:\/\/www.hashtag.al\/?p=775795"},"modified":"2025-12-09T10:29:55","modified_gmt":"2025-12-09T09:29:55","slug":"keshilli-i-larte-i-prokurorise-voton-sot-per-kreun-e-ri-te-byrose-kombetare-te-hetimit","status":"publish","type":"post","link":"https:\/\/www.hashtag.al\/index.php\/2025\/12\/09\/keshilli-i-larte-i-prokurorise-voton-sot-per-kreun-e-ri-te-byrose-kombetare-te-hetimit\/","title":{"rendered":"K\u00ebshilli i Lart\u00eb i Prokuroris\u00eb voton sot p\u00ebr kreun e ri t\u00eb Byros\u00eb Komb\u00ebtare t\u00eb Hetimit","gt_translate_keys":[{"key":"rendered","format":"text"}]},"content":{"rendered":"<p data-start=\"94\" data-end=\"264\"><span style=\"color: #000000;\"><img loading=\"lazy\" decoding=\"async\" class=\"aligncenter wp-image-702103 size-full\" src=\"https:\/\/www.hashtag.al\/wp-content\/uploads\/2024\/10\/1727723578_klp.jpg\" alt=\"\" width=\"780\" height=\"440\" srcset=\"https:\/\/www.hashtag.al\/wp-content\/uploads\/2024\/10\/1727723578_klp.jpg 780w, https:\/\/www.hashtag.al\/wp-content\/uploads\/2024\/10\/1727723578_klp-300x169.jpg 300w, https:\/\/www.hashtag.al\/wp-content\/uploads\/2024\/10\/1727723578_klp-768x433.jpg 768w\" sizes=\"auto, (max-width: 780px) 100vw, 780px\" \/><br \/>\nK\u00ebshilli i Lart\u00eb i Prokuroris\u00eb mblidhet sot p\u00ebr t\u00eb votuar emrin e Joni Ket\u00ebs, t\u00eb propozuar nga SPAK p\u00ebr pozicionin e kreut t\u00eb Byros\u00eb Komb\u00ebtare t\u00eb Hetimit (BKH).<\/span><\/p>\n<p data-start=\"266\" data-end=\"423\"><span style=\"color: #000000;\">Joni Keta, 37 vje\u00e7, ka sh\u00ebrbyer m\u00eb par\u00eb n\u00eb detyra drejtuese brenda BKH-s\u00eb dhe aktualisht ushtron funksionin e kreut t\u00eb komanduar t\u00eb k\u00ebtij institucioni.<\/span><\/p>\n<p data-start=\"425\" data-end=\"553\" data-is-last-node=\"\" data-is-only-node=\"\"><span style=\"color: #000000;\">Detyra e m\u00ebparshme e drejtueses t\u00eb BKH-s\u00eb ishte mbajtur nga Aida Hajnaj, mandati i s\u00eb cil\u00ebs p\u00ebrfundoi n\u00eb gusht t\u00eb k\u00ebtij viti.<\/span><\/p>\n","protected":false,"gt_translate_keys":[{"key":"rendered","format":"html"}]},"excerpt":{"rendered":"<p>K\u00ebshilli i Lart\u00eb i Prokuroris\u00eb mblidhet sot p\u00ebr t\u00eb votuar emrin e Joni Ket\u00ebs, t\u00eb propozuar nga SPAK p\u00ebr pozicionin e kreut t\u00eb Byros\u00eb Komb\u00ebtare t\u00eb Hetimit (BKH). Joni Keta, 37 vje\u00e7, ka sh\u00ebrbyer m\u00eb par\u00eb n\u00eb detyra drejtuese brenda BKH-s\u00eb dhe aktualisht ushtron funksionin e kreut t\u00eb komanduar t\u00eb k\u00ebtij institucioni. Detyra e m\u00ebparshme [&hellip;]<\/p>\n","protected":false,"gt_translate_keys":[{"key":"rendered","format":"html"}]},"author":32,"featured_media":702103,"comment_status":"closed","ping_status":"open","sticky":false,"template":"","format":"standard","meta":{"footnotes":""},"categories":[65,1],"tags":[],"class_list":["post-775795","post","type-post","status-publish","format-standard","has-post-thumbnail","hentry","category-lajme","category-uncategorized"],"gt_translate_keys":[{"key":"link","format":"url"}],"_links":{"self":[{"href":"https:\/\/www.hashtag.al\/index.php\/wp-json\/wp\/v2\/posts\/775795","targetHints":{"allow":["GET"]}}],"collection":[{"href":"https:\/\/www.hashtag.al\/index.php\/wp-json\/wp\/v2\/posts"}],"about":[{"href":"https:\/\/www.hashtag.al\/index.php\/wp-json\/wp\/v2\/types\/post"}],"author":[{"embeddable":true,"href":"https:\/\/www.hashtag.al\/index.php\/wp-json\/wp\/v2\/users\/32"}],"replies":[{"embeddable":true,"href":"https:\/\/www.hashtag.al\/index.php\/wp-json\/wp\/v2\/comments?post=775795"}],"version-history":[{"count":99999,"href":"https:\/\/www.hashtag.al\/index.php\/wp-json\/wp\/v2\/posts\/775795\/revisions"}],"predecessor-version":[{"id":775797,"href":"https:\/\/www.hashtag.al\/index.php\/wp-json\/wp\/v2\/posts\/775795\/revisions\/775797"}],"wp:featuredmedia":[{"embeddable":true,"href":"https:\/\/www.hashtag.al\/index.php\/wp-json\/wp\/v2\/media\/702103"}],"wp:attachment":[{"href":"https:\/\/www.hashtag.al\/index.php\/wp-json\/wp\/v2\/media?parent=775795"}],"wp:term":[{"taxonomy":"category","embeddable":true,"href":"https:\/\/www.hashtag.al\/index.php\/wp-json\/wp\/v2\/categories?post=775795"},{"taxonomy":"post_tag","embeddable":true,"href":"https:\/\/www.hashtag.al\/index.php\/wp-json\/wp\/v2\/tags?post=775795"}],"curies":[{"name":"wp","href":"https:\/\/api.w.org\/{rel}","templated":true}]}}