{"id":775241,"date":"2025-12-05T18:35:29","date_gmt":"2025-12-05T17:35:29","guid":{"rendered":"https:\/\/www.hashtag.al\/?p=775241"},"modified":"2025-12-05T18:35:29","modified_gmt":"2025-12-05T17:35:29","slug":"spak-nenshkruan-pese-memorandume-mirekuptimi-me-vendet-e-amerikes-latine","status":"publish","type":"post","link":"https:\/\/www.hashtag.al\/index.php\/2025\/12\/05\/spak-nenshkruan-pese-memorandume-mirekuptimi-me-vendet-e-amerikes-latine\/","title":{"rendered":"SPAK n\u00ebnshkruan pes\u00eb memorandume mir\u00ebkuptimi me vendet e Amerik\u00ebs Latine","gt_translate_keys":[{"key":"rendered","format":"text"}]},"content":{"rendered":"<p><span style=\"color: #000000;\"><img loading=\"lazy\" decoding=\"async\" class=\"alignnone size-medium wp-image-775246\" src=\"https:\/\/www.hashtag.al\/wp-content\/uploads\/2025\/12\/dumani-300x152.jpg\" alt=\"\" width=\"300\" height=\"152\" srcset=\"https:\/\/www.hashtag.al\/wp-content\/uploads\/2025\/12\/dumani-300x152.jpg 300w, https:\/\/www.hashtag.al\/wp-content\/uploads\/2025\/12\/dumani-1024x518.jpg 1024w, https:\/\/www.hashtag.al\/wp-content\/uploads\/2025\/12\/dumani-768x388.jpg 768w, https:\/\/www.hashtag.al\/wp-content\/uploads\/2025\/12\/dumani-568x290.jpg 568w, https:\/\/www.hashtag.al\/wp-content\/uploads\/2025\/12\/dumani.jpg 1272w\" sizes=\"auto, (max-width: 300px) 100vw, 300px\" \/><\/span><\/p>\n<p><span style=\"color: #000000;\">Drejtuesi i Prokuroris\u00eb s\u00eb Posa\u00e7me, Altin Dumani dhe prokurorja e posa\u00e7me, Dorina Bejko, mor\u00ebn pjes\u00eb m\u00eb 2\u20133 dhjetor n\u00eb takimin e nivelit t\u00eb lart\u00eb t\u00eb prokuror\u00ebve nga kat\u00ebr vende t\u00eb Ballkanit Per\u00ebndimor dhe 11 vende t\u00eb Amerik\u00ebs Latine, i zhvilluar n\u00eb selin\u00eb e EUROJUST-it n\u00eb Hag\u00eb.<\/span><\/p>\n<p><span style=\"color: #000000;\">Gjat\u00eb fjal\u00ebs s\u00eb tij, z. Dumani theksoi r\u00ebnd\u00ebsin\u00eb e bashk\u00ebpunimit t\u00eb frytsh\u00ebm me agjencit\u00eb partnere dhe shk\u00ebmbimin e shpejt\u00eb t\u00eb informacionit:<\/span><\/p>\n<p><span style=\"color: #000000;\"><em>\u201cSPAK ka kaluar nga nj\u00eb agjenci q\u00eb kryesisht merrte informacion, n\u00eb nj\u00eb institucion q\u00eb furnizon partner\u00ebt nd\u00ebrkomb\u00ebtar\u00eb me t\u00eb dh\u00ebna t\u00eb verifikuara dhe operacionale, duke u shnd\u00ebrruar n\u00eb nj\u00eb kontribues t\u00eb v\u00ebrtet\u00eb t\u00eb siguris\u00eb.\u201d<\/em><\/span><\/p>\n<p><span style=\"color: #000000;\">N\u00eb kuad\u00ebr t\u00eb k\u00ebtij takimi, z. Dumani zhvilloi takime bilaterale me homolog\u00ebt e Paraguajit, Perus\u00eb, Kilit, Brazilit, Kolumbis\u00eb, Republik\u00ebs Domenikane dhe Ekuadorit.<\/span><\/p>\n<p><span style=\"color: #000000;\">Gjithashtu, SPAK n\u00ebnshkroi pes\u00eb memorandume mir\u00ebkuptimi me prokurorit\u00eb e Brazilit, Kilit, Kolumbis\u00eb, Republik\u00ebs Domenikane dhe Paraguajit. Q\u00ebllimi i k\u00ebtyre marr\u00ebveshjeve dhe takimeve bilaterale \u00ebsht\u00eb forcimi i bashk\u00ebpunimit n\u00eb luft\u00ebn kund\u00ebr krimit t\u00eb organizuar, ve\u00e7an\u00ebrisht trafikut t\u00eb l\u00ebnd\u00ebve narkotike.<\/span><\/p>\n<p><span style=\"color: #000000;\">K\u00ebto aktivitete u zhvilluan brenda kuadrit t\u00eb nj\u00eb eventi m\u00eb t\u00eb gjer\u00eb tre ditor, m\u00eb i madhi i organizuar ndonj\u00ebher\u00eb nga EUROJUST, me partner\u00ebt e vendeve t\u00eb treta, ku mor\u00ebn pjes\u00eb, ve\u00e7 vendeve t\u00eb Bashkimit Europian, Ballkanit Per\u00ebndimor dhe Amerik\u00ebs Latine edhe ato t\u00eb Lindjes s\u00eb Mesme dhe Afrik\u00ebs s\u00eb Veriut. <\/span><\/p>\n<p><span style=\"color: #000000;\">Fokus i k\u00ebtij eventi ishte forcimi i bashk\u00ebpunimit operacional mes k\u00ebtyre rajoneve dhe Bashkimit Europian.<\/span><\/p>\n","protected":false,"gt_translate_keys":[{"key":"rendered","format":"html"}]},"excerpt":{"rendered":"<p>Drejtuesi i Prokuroris\u00eb s\u00eb Posa\u00e7me, Altin Dumani dhe prokurorja e posa\u00e7me, Dorina Bejko, mor\u00ebn pjes\u00eb m\u00eb 2\u20133 dhjetor n\u00eb takimin e nivelit t\u00eb lart\u00eb t\u00eb prokuror\u00ebve nga kat\u00ebr vende t\u00eb Ballkanit Per\u00ebndimor dhe 11 vende t\u00eb Amerik\u00ebs Latine, i zhvilluar n\u00eb selin\u00eb e EUROJUST-it n\u00eb Hag\u00eb. Gjat\u00eb fjal\u00ebs s\u00eb tij, z. Dumani theksoi r\u00ebnd\u00ebsin\u00eb e [&hellip;]<\/p>\n","protected":false,"gt_translate_keys":[{"key":"rendered","format":"html"}]},"author":32,"featured_media":775246,"comment_status":"closed","ping_status":"open","sticky":false,"template":"","format":"standard","meta":{"footnotes":""},"categories":[65],"tags":[],"class_list":["post-775241","post","type-post","status-publish","format-standard","has-post-thumbnail","hentry","category-lajme"],"gt_translate_keys":[{"key":"link","format":"url"}],"_links":{"self":[{"href":"https:\/\/www.hashtag.al\/index.php\/wp-json\/wp\/v2\/posts\/775241","targetHints":{"allow":["GET"]}}],"collection":[{"href":"https:\/\/www.hashtag.al\/index.php\/wp-json\/wp\/v2\/posts"}],"about":[{"href":"https:\/\/www.hashtag.al\/index.php\/wp-json\/wp\/v2\/types\/post"}],"author":[{"embeddable":true,"href":"https:\/\/www.hashtag.al\/index.php\/wp-json\/wp\/v2\/users\/32"}],"replies":[{"embeddable":true,"href":"https:\/\/www.hashtag.al\/index.php\/wp-json\/wp\/v2\/comments?post=775241"}],"version-history":[{"count":99999,"href":"https:\/\/www.hashtag.al\/index.php\/wp-json\/wp\/v2\/posts\/775241\/revisions"}],"predecessor-version":[{"id":775247,"href":"https:\/\/www.hashtag.al\/index.php\/wp-json\/wp\/v2\/posts\/775241\/revisions\/775247"}],"wp:featuredmedia":[{"embeddable":true,"href":"https:\/\/www.hashtag.al\/index.php\/wp-json\/wp\/v2\/media\/775246"}],"wp:attachment":[{"href":"https:\/\/www.hashtag.al\/index.php\/wp-json\/wp\/v2\/media?parent=775241"}],"wp:term":[{"taxonomy":"category","embeddable":true,"href":"https:\/\/www.hashtag.al\/index.php\/wp-json\/wp\/v2\/categories?post=775241"},{"taxonomy":"post_tag","embeddable":true,"href":"https:\/\/www.hashtag.al\/index.php\/wp-json\/wp\/v2\/tags?post=775241"}],"curies":[{"name":"wp","href":"https:\/\/api.w.org\/{rel}","templated":true}]}}