{"id":775187,"date":"2025-12-05T14:30:13","date_gmt":"2025-12-05T13:30:13","guid":{"rendered":"https:\/\/www.hashtag.al\/?p=775187"},"modified":"2025-12-05T14:30:13","modified_gmt":"2025-12-05T13:30:13","slug":"policia-moldave-gjen-me-shume-prova-per-grupin-qe-dyshohet-se-u-trajnua-ne-serbi-per-nxitjen-e-trazirave-ne-moldavi","status":"publish","type":"post","link":"https:\/\/www.hashtag.al\/index.php\/2025\/12\/05\/policia-moldave-gjen-me-shume-prova-per-grupin-qe-dyshohet-se-u-trajnua-ne-serbi-per-nxitjen-e-trazirave-ne-moldavi\/","title":{"rendered":"Policia moldave gjen m\u00eb shum\u00eb prova p\u00ebr grupin q\u00eb dyshohet se u trajnua n\u00eb Serbi p\u00ebr nxitjen e trazirave n\u00eb Moldavi","gt_translate_keys":[{"key":"rendered","format":"text"}]},"content":{"rendered":"<p><span style=\"color: #000000;\"><img loading=\"lazy\" decoding=\"async\" class=\"alignnone size-medium wp-image-775188\" src=\"https:\/\/www.hashtag.al\/wp-content\/uploads\/2025\/12\/Screenshot-2025-12-05-052354-300x151.png\" alt=\"\" width=\"300\" height=\"151\" srcset=\"https:\/\/www.hashtag.al\/wp-content\/uploads\/2025\/12\/Screenshot-2025-12-05-052354-300x151.png 300w, https:\/\/www.hashtag.al\/wp-content\/uploads\/2025\/12\/Screenshot-2025-12-05-052354-1024x517.png 1024w, https:\/\/www.hashtag.al\/wp-content\/uploads\/2025\/12\/Screenshot-2025-12-05-052354-768x388.png 768w, https:\/\/www.hashtag.al\/wp-content\/uploads\/2025\/12\/Screenshot-2025-12-05-052354.png 1145w\" sizes=\"auto, (max-width: 300px) 100vw, 300px\" \/><\/span><\/p>\n<p><span style=\"color: #000000;\">Policia moldave tha t\u00eb premten se ka kryer rreth 50 bastisje n\u00eb vende t\u00eb shumta n\u00eb vend, ku ka gjetur prova se nj\u00eb grup i organizuar &#8211; i trajnuar m\u00eb par\u00eb n\u00eb nj\u00eb kamp n\u00eb Serbi &#8211; po planifikonte t\u00eb shkaktonte trazira n\u00eb Moldavi.<\/span><\/p>\n<p><span style=\"color: #000000;\"><em>&#8220;Grupi i organizuar dyshohet se veproi me q\u00ebllimin p\u00ebr t\u00eb kryer aktivitete t\u00eb paligjshme n\u00eb shkall\u00eb t\u00eb gjer\u00eb dhe n\u00eb k\u00ebmbim t\u00eb p\u00ebrfitimit financiar&#8221;,<\/em> tha policia moldave n\u00eb nj\u00eb komunikat\u00eb.<\/span><\/p>\n<p><span style=\"color: #000000;\">N\u00eb komunikat\u00eb thuhet se grupi ishte st\u00ebrvitur m\u00eb par\u00eb n\u00eb nj\u00eb kamp n\u00eb Banja Kovila\u00e7a, n\u00eb Serbin\u00eb per\u00ebndimore, dhe se q\u00ebllimi ishte &#8220;t\u00eb krijonte tension shoq\u00ebror, i ndjekur nga nisja e protestave t\u00eb dhunshme me q\u00ebllim q\u00eb t\u00eb ndikonte n\u00eb rendin publik dhe sigurin\u00eb e qytetar\u00ebve moldav\u00eb&#8221;.<\/span><\/p>\n<p><span style=\"color: #000000;\">M\u00eb 26 shtator, policia n\u00eb Serbi arrestoi dy persona t\u00eb akuzuar p\u00ebr organizimin e trajnimit taktik-luftarak p\u00ebr qytetar\u00ebt e Moldavis\u00eb dhe Rumanis\u00eb, i cili kishte p\u00ebr q\u00ebllim shkaktimin e trazirave n\u00eb Moldavi.<\/span><\/p>\n<p><span style=\"color: #000000;\">Arrestimet ndodh\u00ebn pasi autoritetet n\u00eb Kishinjev paralajm\u00ebruan publikisht p\u00ebr ekzistenc\u00ebn e kampeve t\u00eb luftimit n\u00eb Serbi, duke pretenduar se ato ishin organizuar nga sh\u00ebrbimi sekret rus me q\u00ebllim destabilizimin e Moldavis\u00eb gjat\u00eb zgjedhjeve t\u00eb fundit n\u00eb vend.<\/span><\/p>\n<p><span style=\"color: #000000;\">Moska i ka hedhur posht\u00eb k\u00ebto akuza.<\/span><\/p>\n<p><span style=\"color: #000000;\">Policia n\u00eb Serbi njoftoi se trajnimi u zhvillua nga 16 korriku deri m\u00eb 12 shtator n\u00eb nj\u00eb objekt ushqimi pran\u00eb Loznic\u00ebs n\u00eb Serbin\u00eb per\u00ebndimore dhe se n\u00eb t\u00eb mor\u00ebn pjes\u00eb midis 150 dhe 170 qytetar\u00eb t\u00eb Moldavis\u00eb dhe Rumanis\u00eb.<\/span><\/p>\n<p><span style=\"color: #000000;\">Presidenti i Serbis\u00eb, Aleksandar Vu\u00e7iq, tha n\u00eb tetor se nuk mund t\u00eb pretendonte se inteligjenca ruse ishte pas kampit, por se policia kishte ndaluar persona me komb\u00ebsi serbe &#8220;q\u00eb ishin t\u00eb disponuesh\u00ebm&#8221;.<\/span><\/p>\n<p><span style=\"color: #000000;\">Policia moldave shtoi t\u00eb premten se gjat\u00eb kontrollit, nd\u00ebr t\u00eb tjera, sekuestroi karta bankare, disa prej t\u00eb cilave ishin l\u00ebshuar nga institucione financiare nga Rusia, mbi 20 pasaporta biometrike me vula p\u00ebr kalimin e kufirit me Serbin\u00eb, stacione radioje, dylbi, plumba t\u00eb kalibrave t\u00eb ndrysh\u00ebm p\u00ebr arm\u00eb vdekjeprur\u00ebse dhe jovdekjeprur\u00ebse.<\/span><\/p>\n<p><span style=\"color: #000000;\">Ministria e Pun\u00ebve t\u00eb Brendshme dhe Ministria e Pun\u00ebve t\u00eb Jashtme n\u00eb Serbi nuk iu p\u00ebrgjigj\u00ebn menj\u00ebher\u00eb k\u00ebrkes\u00ebs s\u00eb Radios Evropa e Lir\u00eb p\u00ebr m\u00eb shum\u00eb informacion n\u00eb lidhje me k\u00ebt\u00eb rast.\/<span style=\"color: #0000ff;\">REL<\/span><\/span><\/p>\n","protected":false,"gt_translate_keys":[{"key":"rendered","format":"html"}]},"excerpt":{"rendered":"<p>Policia moldave tha t\u00eb premten se ka kryer rreth 50 bastisje n\u00eb vende t\u00eb shumta n\u00eb vend, ku ka gjetur prova se nj\u00eb grup i organizuar &#8211; i trajnuar m\u00eb par\u00eb n\u00eb nj\u00eb kamp n\u00eb Serbi &#8211; po planifikonte t\u00eb shkaktonte trazira n\u00eb Moldavi. &#8220;Grupi i organizuar dyshohet se veproi me q\u00ebllimin p\u00ebr t\u00eb kryer [&hellip;]<\/p>\n","protected":false,"gt_translate_keys":[{"key":"rendered","format":"html"}]},"author":32,"featured_media":775188,"comment_status":"closed","ping_status":"open","sticky":false,"template":"","format":"standard","meta":{"footnotes":""},"categories":[149],"tags":[],"class_list":["post-775187","post","type-post","status-publish","format-standard","has-post-thumbnail","hentry","category-kosoverajon"],"gt_translate_keys":[{"key":"link","format":"url"}],"_links":{"self":[{"href":"https:\/\/www.hashtag.al\/index.php\/wp-json\/wp\/v2\/posts\/775187","targetHints":{"allow":["GET"]}}],"collection":[{"href":"https:\/\/www.hashtag.al\/index.php\/wp-json\/wp\/v2\/posts"}],"about":[{"href":"https:\/\/www.hashtag.al\/index.php\/wp-json\/wp\/v2\/types\/post"}],"author":[{"embeddable":true,"href":"https:\/\/www.hashtag.al\/index.php\/wp-json\/wp\/v2\/users\/32"}],"replies":[{"embeddable":true,"href":"https:\/\/www.hashtag.al\/index.php\/wp-json\/wp\/v2\/comments?post=775187"}],"version-history":[{"count":99999,"href":"https:\/\/www.hashtag.al\/index.php\/wp-json\/wp\/v2\/posts\/775187\/revisions"}],"predecessor-version":[{"id":775189,"href":"https:\/\/www.hashtag.al\/index.php\/wp-json\/wp\/v2\/posts\/775187\/revisions\/775189"}],"wp:featuredmedia":[{"embeddable":true,"href":"https:\/\/www.hashtag.al\/index.php\/wp-json\/wp\/v2\/media\/775188"}],"wp:attachment":[{"href":"https:\/\/www.hashtag.al\/index.php\/wp-json\/wp\/v2\/media?parent=775187"}],"wp:term":[{"taxonomy":"category","embeddable":true,"href":"https:\/\/www.hashtag.al\/index.php\/wp-json\/wp\/v2\/categories?post=775187"},{"taxonomy":"post_tag","embeddable":true,"href":"https:\/\/www.hashtag.al\/index.php\/wp-json\/wp\/v2\/tags?post=775187"}],"curies":[{"name":"wp","href":"https:\/\/api.w.org\/{rel}","templated":true}]}}