{"id":775095,"date":"2025-12-05T07:13:15","date_gmt":"2025-12-05T06:13:15","guid":{"rendered":"https:\/\/www.hashtag.al\/?p=775095"},"modified":"2025-12-05T07:13:15","modified_gmt":"2025-12-05T06:13:15","slug":"vucic-pret-nenshkrimin-e-nje-kontrate-afatshkurter-per-furnizim-me-gaz-rus","status":"publish","type":"post","link":"https:\/\/www.hashtag.al\/index.php\/2025\/12\/05\/vucic-pret-nenshkrimin-e-nje-kontrate-afatshkurter-per-furnizim-me-gaz-rus\/","title":{"rendered":"Vu\u00e7i\u00e7 pret n\u00ebnshkrimin e nj\u00eb kontrate afatshkurt\u00ebr p\u00ebr furnizim me gaz rus","gt_translate_keys":[{"key":"rendered","format":"text"}]},"content":{"rendered":"<p data-start=\"199\" data-end=\"502\"><span style=\"color: #000000;\"><img loading=\"lazy\" decoding=\"async\" class=\"aligncenter wp-image-764400 size-full\" src=\"https:\/\/www.hashtag.al\/wp-content\/uploads\/2025\/10\/vucic.jpg\" alt=\"\" width=\"768\" height=\"432\" srcset=\"https:\/\/www.hashtag.al\/wp-content\/uploads\/2025\/10\/vucic.jpg 768w, https:\/\/www.hashtag.al\/wp-content\/uploads\/2025\/10\/vucic-300x169.jpg 300w\" sizes=\"auto, (max-width: 768px) 100vw, 768px\" \/><br \/>\nPresidenti i Serbis\u00eb, Aleksandar Vu\u00e7i\u00e7, deklaroi m\u00eb 4 dhjetor se vendi nuk do t\u00eb p\u00ebrballet me probleme n\u00eb furnizimin me gaz natyror, pasi pret n\u00ebnshkrimin e nj\u00eb kontrate afatshkurt\u00ebr me Rusin\u00eb me \u201c\u00e7mime t\u00eb mira\u201d. Sipas tij, marr\u00ebveshja pritet t\u00eb garantoj\u00eb furnizim t\u00eb q\u00ebndruesh\u00ebm t\u00eb pakt\u00ebn deri n\u00eb ver\u00eb, p\u00ebrcjell <span style=\"color: #0000ff;\"><a style=\"color: #0000ff;\" href=\"https:\/\/www.evropaelire.org\/a\/aleksandar-vuciq-kontrate-gazi-rus\/33613140.html\">REL<\/a><\/span>.<\/span><\/p>\n<p data-start=\"504\" data-end=\"705\"><span style=\"color: #000000;\">\u201cPresim s\u00eb shpejti n\u00ebnshkrimin e nj\u00eb kontrate afatshkurt\u00ebr p\u00ebr furnizimin me gaz. Deri n\u00eb ver\u00eb nuk do t\u00eb kemi asnj\u00eb problem dhe ky \u00ebsht\u00eb nj\u00eb lajm i mir\u00eb p\u00ebr qytetar\u00ebt\u201d, tha Vu\u00e7i\u00e7 p\u00ebr televizionin Pink.<\/span><\/p>\n<p data-start=\"707\" data-end=\"852\"><span style=\"color: #000000;\">Kontrata e m\u00ebparshme e furnizimit ka skaduar n\u00eb maj dhe Serbia \u2013 e cila varet fuqish\u00ebm nga gazi rus \u2013 ende nuk ka rinovuar nj\u00eb marr\u00ebveshje t\u00eb re.<\/span><\/p>\n<p data-start=\"911\" data-end=\"1114\"><span style=\"color: #000000;\">Vu\u00e7i\u00e7 e quajti \u201clajm t\u00eb mir\u00eb\u201d edhe vendimin e SHBA-s\u00eb p\u00ebr t\u00eb zgjatur deri m\u00eb 26 prill licenc\u00ebn q\u00eb lejon kompanin\u00eb ruse Lukoil t\u00eb vazhdoj\u00eb operacionet n\u00eb Serbi. Lukoil zot\u00ebron 112 pika karburanti n\u00eb vend.<\/span><\/p>\n<p data-start=\"1116\" data-end=\"1386\"><span style=\"color: #000000;\">Nga ana tjet\u00ebr, Serbia ndodhet n\u00eb kriz\u00eb p\u00ebr shkak t\u00eb sanksioneve amerikane t\u00eb vendosura m\u00eb 9 tetor ndaj Industris\u00eb s\u00eb Naft\u00ebs s\u00eb Serbis\u00eb (NIS), pasi shumica e aksioneve t\u00eb saj kontrollohen nga Rusia. Si rezultat, rafineria e NIS-it n\u00eb Pan\u00e7ev\u00eb pezulloi pun\u00ebn m\u00eb 2 dhjetor.<\/span><\/p>\n<p data-start=\"1440\" data-end=\"1622\"><span style=\"color: #000000;\">Presidenti serb foli edhe p\u00ebr paralajm\u00ebrimet se SHBA mund t\u00eb vendos\u00eb sanksione dyt\u00ebsore ndaj Bank\u00ebs Popullore t\u00eb Serbis\u00eb apo bankave tregtare n\u00ebse ato kryejn\u00eb transaksione me NIS-in.<\/span><\/p>\n<p data-start=\"1624\" data-end=\"1945\"><span style=\"color: #000000;\">\u201cSipas logjik\u00ebs amerikane, ata \u00e7ojn\u00eb deri n\u00eb fund interesat e tyre, pa marr\u00eb parasysh \u00e7mimin q\u00eb paguan Serbia. Edhe Rusia ndjek interesat e veta. Ne nuk duhet t\u00eb vuajm\u00eb p\u00ebr shkak t\u00eb marr\u00ebdh\u00ebnieve t\u00eb tyre\u201d, tha Vu\u00e7i\u00e7, duke pranuar se transaksionet me NIS-in p\u00ebr nj\u00eb koh\u00eb do t\u00eb vazhdojn\u00eb, gj\u00eb q\u00eb \u201cp\u00ebrb\u00ebn rrezik\u201d p\u00ebr vendin.<\/span><\/p>\n<p data-start=\"1992\" data-end=\"2181\"><span style=\"color: #000000;\">Vu\u00e7i\u00e7 theksoi se Serbia nuk ka pasur munges\u00eb derivatesh, pavar\u00ebsisht se p\u00ebr 55 dit\u00eb nuk ka ardhur asnj\u00eb pik\u00eb naft\u00eb p\u00ebrmes naft\u00ebsjell\u00ebsit dhe se rafineria n\u00eb Pan\u00e7ev\u00eb vijon t\u00eb jet\u00eb e mbyllur.<\/span><\/p>\n<p data-start=\"2183\" data-end=\"2323\"><span style=\"color: #000000;\">\u201cKemi mbushur t\u00eb gjitha rezervat dhe dikush ka paguar p\u00ebr k\u00ebt\u00eb. Inflacioni ra n\u00eb 2.7% n\u00eb n\u00ebntor dhe kemi rritur pensionet ndjesh\u00ebm\u201d, tha ai.<\/span><\/p>\n<p data-start=\"2325\" data-end=\"2430\"><span style=\"color: #000000;\">Megjithat\u00eb, presidenti paralajm\u00ebroi se pas 15 janarit situata e furnizimit me derivate mbetet e pasigurt.<\/span><\/p>\n<p data-start=\"2432\" data-end=\"2566\"><span style=\"color: #000000;\">Vu\u00e7i\u00e7 shtoi se pret q\u00eb Rusia t\u00eb bjer\u00eb dakord p\u00ebr transferimin e pron\u00ebsis\u00eb s\u00eb NIS-it, n\u00eb p\u00ebrputhje me k\u00ebrkesat e sanksioneve amerikane.<\/span><\/p>\n<p data-start=\"2568\" data-end=\"2702\"><span style=\"color: #000000;\">Sipas tij, n\u00ebse sanksionet nuk hiqen, ekonomia serbe do t\u00eb rritet m\u00eb ngadal\u00eb, gj\u00eb q\u00eb do t\u00eb ndikoj\u00eb n\u00eb rritjen e pagave dhe pensioneve.<\/span><\/p>\n<p data-start=\"2704\" data-end=\"2922\" data-is-last-node=\"\" data-is-only-node=\"\"><span style=\"color: #000000;\">Sanksionet amerikane ndaj sektorit energjetik rus synojn\u00eb t\u00eb kufizojn\u00eb aft\u00ebsin\u00eb e Mosk\u00ebs p\u00ebr t\u00eb financuar luft\u00ebn n\u00eb Ukrain\u00eb, nd\u00ebrsa NIS-i ka marr\u00eb disa her\u00eb shtyrje t\u00eb p\u00ebrkohshme t\u00eb masave, p\u00ebrfshir\u00eb tet\u00eb her\u00eb m\u00eb par\u00eb.<\/span><\/p>\n","protected":false,"gt_translate_keys":[{"key":"rendered","format":"html"}]},"excerpt":{"rendered":"<p>Presidenti i Serbis\u00eb, Aleksandar Vu\u00e7i\u00e7, deklaroi m\u00eb 4 dhjetor se vendi nuk do t\u00eb p\u00ebrballet me probleme n\u00eb furnizimin me gaz natyror, pasi pret n\u00ebnshkrimin e nj\u00eb kontrate afatshkurt\u00ebr me Rusin\u00eb me \u201c\u00e7mime t\u00eb mira\u201d. Sipas tij, marr\u00ebveshja pritet t\u00eb garantoj\u00eb furnizim t\u00eb q\u00ebndruesh\u00ebm t\u00eb pakt\u00ebn deri n\u00eb ver\u00eb, p\u00ebrcjell REL. \u201cPresim s\u00eb shpejti n\u00ebnshkrimin [&hellip;]<\/p>\n","protected":false,"gt_translate_keys":[{"key":"rendered","format":"html"}]},"author":32,"featured_media":764400,"comment_status":"closed","ping_status":"open","sticky":false,"template":"","format":"standard","meta":{"footnotes":""},"categories":[149],"tags":[],"class_list":["post-775095","post","type-post","status-publish","format-standard","has-post-thumbnail","hentry","category-kosoverajon"],"gt_translate_keys":[{"key":"link","format":"url"}],"_links":{"self":[{"href":"https:\/\/www.hashtag.al\/index.php\/wp-json\/wp\/v2\/posts\/775095","targetHints":{"allow":["GET"]}}],"collection":[{"href":"https:\/\/www.hashtag.al\/index.php\/wp-json\/wp\/v2\/posts"}],"about":[{"href":"https:\/\/www.hashtag.al\/index.php\/wp-json\/wp\/v2\/types\/post"}],"author":[{"embeddable":true,"href":"https:\/\/www.hashtag.al\/index.php\/wp-json\/wp\/v2\/users\/32"}],"replies":[{"embeddable":true,"href":"https:\/\/www.hashtag.al\/index.php\/wp-json\/wp\/v2\/comments?post=775095"}],"version-history":[{"count":99999,"href":"https:\/\/www.hashtag.al\/index.php\/wp-json\/wp\/v2\/posts\/775095\/revisions"}],"predecessor-version":[{"id":775096,"href":"https:\/\/www.hashtag.al\/index.php\/wp-json\/wp\/v2\/posts\/775095\/revisions\/775096"}],"wp:featuredmedia":[{"embeddable":true,"href":"https:\/\/www.hashtag.al\/index.php\/wp-json\/wp\/v2\/media\/764400"}],"wp:attachment":[{"href":"https:\/\/www.hashtag.al\/index.php\/wp-json\/wp\/v2\/media?parent=775095"}],"wp:term":[{"taxonomy":"category","embeddable":true,"href":"https:\/\/www.hashtag.al\/index.php\/wp-json\/wp\/v2\/categories?post=775095"},{"taxonomy":"post_tag","embeddable":true,"href":"https:\/\/www.hashtag.al\/index.php\/wp-json\/wp\/v2\/tags?post=775095"}],"curies":[{"name":"wp","href":"https:\/\/api.w.org\/{rel}","templated":true}]}}