{"id":774932,"date":"2025-12-04T11:13:43","date_gmt":"2025-12-04T10:13:43","guid":{"rendered":"https:\/\/www.hashtag.al\/?p=774932"},"modified":"2025-12-04T11:13:43","modified_gmt":"2025-12-04T10:13:43","slug":"shehaj-nuk-e-shmangni-dot-daljen-para-drejtesise","status":"publish","type":"post","link":"https:\/\/www.hashtag.al\/index.php\/2025\/12\/04\/shehaj-nuk-e-shmangni-dot-daljen-para-drejtesise\/","title":{"rendered":"Shehaj: Nuk e shmangni dot daljen para drejt\u00ebsis\u00eb","gt_translate_keys":[{"key":"rendered","format":"text"}]},"content":{"rendered":"<p data-start=\"87\" data-end=\"285\"><span style=\"color: #000000;\"><img loading=\"lazy\" decoding=\"async\" class=\"aligncenter size-full wp-image-774934\" src=\"https:\/\/www.hashtag.al\/wp-content\/uploads\/2025\/12\/1764841251_agronshehaj.jpg\" alt=\"\" width=\"780\" height=\"440\" srcset=\"https:\/\/www.hashtag.al\/wp-content\/uploads\/2025\/12\/1764841251_agronshehaj.jpg 780w, https:\/\/www.hashtag.al\/wp-content\/uploads\/2025\/12\/1764841251_agronshehaj-300x169.jpg 300w, https:\/\/www.hashtag.al\/wp-content\/uploads\/2025\/12\/1764841251_agronshehaj-768x433.jpg 768w\" sizes=\"auto, (max-width: 780px) 100vw, 780px\" \/><\/span><\/p>\n<p data-start=\"87\" data-end=\"285\"><span style=\"color: #000000;\">Deputeti Agron Shehaj ka sulmuar ashp\u00ebr qeverin\u00eb n\u00eb Kuvend, duke akuzuar kryeministrin Edi Rama, ministrin Taulant Balla dhe mazhoranc\u00ebn p\u00ebr shmangie t\u00eb llogaridh\u00ebnies n\u00eb lidhje me \u00e7\u00ebshtjen Balluku.<\/span><\/p>\n<p data-start=\"287\" data-end=\"552\"><span style=\"color: #000000;\">Shehaj tha se prej dy muajsh k\u00ebrkon interpelanc\u00eb me ish-ministren Belinda Balluku. Ai shtoi se ka k\u00ebrkuar interpelanc\u00eb edhe me kryeministrin, i cili sipas tij po i largohet llogaridh\u00ebnies.<\/span><\/p>\n<article class=\"text-token-text-primary w-full focus:outline-none [--shadow-height:45px] has-data-writing-block:pointer-events-none has-data-writing-block:-mt-(--shadow-height) has-data-writing-block:pt-(--shadow-height) [&amp;:has([data-writing-block])&gt;*]:pointer-events-auto scroll-mt-[calc(var(--header-height)+min(200px,max(70px,20svh)))]\" dir=\"auto\" tabindex=\"-1\" data-turn-id=\"d790546c-f70a-426d-aacc-880534278c9c\" data-testid=\"conversation-turn-94\" data-scroll-anchor=\"true\" data-turn=\"assistant\">\n<div class=\"text-base my-auto mx-auto pb-10 [--thread-content-margin:--spacing(4)] thread-sm:[--thread-content-margin:--spacing(6)] thread-lg:[--thread-content-margin:--spacing(16)] px-(--thread-content-margin)\">\n<div class=\"[--thread-content-max-width:40rem] thread-lg:[--thread-content-max-width:48rem] mx-auto max-w-(--thread-content-max-width) flex-1 group\/turn-messages focus-visible:outline-hidden relative flex w-full min-w-0 flex-col agent-turn\" tabindex=\"-1\">\n<div class=\"flex max-w-full flex-col grow\">\n<div class=\"min-h-8 text-message relative flex w-full flex-col items-end gap-2 text-start break-words whitespace-normal [.text-message+&amp;]:mt-1\" dir=\"auto\" data-message-author-role=\"assistant\" data-message-id=\"72c92bfd-5108-4ab4-b0bb-f155089c1664\" data-message-model-slug=\"gpt-5-1\">\n<div class=\"flex w-full flex-col gap-1 empty:hidden first:pt-[1px]\">\n<div class=\"markdown prose dark:prose-invert w-full break-words light markdown-new-styling\">\n<p data-start=\"1036\" data-end=\"1189\" data-is-last-node=\"\" data-is-only-node=\"\"><span style=\"color: #000000;\">Shehaj paralajm\u00ebroi mazhoranc\u00ebn se \u201cnuk i shp\u00ebtojn\u00eb dot daljes p\u00ebrpara drejt\u00ebsis\u00eb\u201d.<\/span><\/p>\n<\/div>\n<\/div>\n<\/div>\n<\/div>\n<\/div>\n<\/div>\n<\/article>\n<p><span style=\"color: #000000;\"><em>&#8220;Nuk e di se si do ta zgjidhim k\u00ebt\u00eb problemin e mohimit t\u00eb t\u00eb drejt\u00ebs p\u00ebr interpelanc\u00eb q\u00eb si deputet kam. Kam k\u00ebrkuar n\u00eb 2 muaj me Ballukun, por tani nuk \u00ebsht\u00eb m\u00eb ministre. <\/em><\/span><\/p>\n<p><span style=\"color: #000000;\"><em>I shp\u00ebtoi interpelanc\u00ebs por p\u00ebrfundoi m\u00eb keq. Por kam nj\u00eb k\u00ebrkes\u00eb p\u00ebr interpelanc\u00eb edhe me kryeministrin. E kuptoj se k\u00ebrkoni t\u00eb shmangni llogaridh\u00ebnien por s\u2019i shp\u00ebtoni dot. <\/em><\/span><\/p>\n<p><span style=\"color: #000000;\"><em>Ju mendonit se kur u arrestua Veliaj ishte nj\u00eb \u00e7\u00ebshtje q\u00eb kishte me t\u00eb. Tani q\u00eb \u00ebsht\u00eb marr\u00eb e pandehur Balluku\u2026v\u00ebrtet mendoni se kemi t\u00eb b\u00ebjm\u00eb me \u00e7\u00ebshtje t\u00eb p\u00ebrvetshme t\u00eb disa individ\u00ebve.<\/em><\/span><\/p>\n<p><span style=\"color: #000000;\"><em> Ky \u00ebsht\u00eb ndryshim thelb\u00ebsor. Duhet t\u00eb jepni llogari dhe nuk keni ca t\u2019i b\u00ebni drejt\u00ebsis\u00eb, SPAK se kan\u00eb mbrojtjen e nd\u00ebrkomb\u00ebtar\u00ebve. <\/em><\/span><\/p>\n<p><span style=\"color: #000000;\"><em>Dhe k\u00ebto sulmet qesharake q\u00eb b\u00ebni p\u00ebrdit\u00eb, Rama \u00e7do dit\u00eb k\u00ebrc\u00ebnon Gjykat\u00ebn Kushtetuese me bro\u00e7kulla se kemi marr\u00eb t\u00eb pandehur Ballukun dhe shqiptar\u00ebt nuk udh\u00ebtojn\u00eb dot n\u00eb Kanada, tani ka filluar ministri i drejt\u00ebsis\u00eb me postime. <\/em><\/span><\/p>\n<p><span style=\"color: #000000;\"><em>Del Balla dhe thot\u00eb pyesni Chat GPT, nuk ka ndodhur ndonj\u00ebher\u00eb por prap\u00eb un\u00eb thot\u00eb nuk flas p\u00ebr gjykat\u00ebsit. S\u2019ia mban atij se ka frik\u00eb se p\u00ebrfundon si t\u00eb tjer\u00ebt. <\/em><\/span><\/p>\n<p><span style=\"color: #000000;\"><em>Nuk e shmangni dot daljen para drejt\u00ebsis\u00eb. E keni t\u00eb kot\u00eb,. Ndajeni mendjen, dilni cdo dit\u00eb sic po ndodh. Bashk\u00ebpunimi me drejt\u00ebsin\u00eb se iu ka ardhur fundi.&#8221;<\/em>, tha Shehaj.\u00a0<\/span><\/p>\n","protected":false,"gt_translate_keys":[{"key":"rendered","format":"html"}]},"excerpt":{"rendered":"<p>Deputeti Agron Shehaj ka sulmuar ashp\u00ebr qeverin\u00eb n\u00eb Kuvend, duke akuzuar kryeministrin Edi Rama, ministrin Taulant Balla dhe mazhoranc\u00ebn p\u00ebr shmangie t\u00eb llogaridh\u00ebnies n\u00eb lidhje me \u00e7\u00ebshtjen Balluku. Shehaj tha se prej dy muajsh k\u00ebrkon interpelanc\u00eb me ish-ministren Belinda Balluku. Ai shtoi se ka k\u00ebrkuar interpelanc\u00eb edhe me kryeministrin, i cili sipas tij po i [&hellip;]<\/p>\n","protected":false,"gt_translate_keys":[{"key":"rendered","format":"html"}]},"author":49,"featured_media":774934,"comment_status":"closed","ping_status":"open","sticky":false,"template":"","format":"standard","meta":{"footnotes":""},"categories":[65],"tags":[],"class_list":["post-774932","post","type-post","status-publish","format-standard","has-post-thumbnail","hentry","category-lajme"],"gt_translate_keys":[{"key":"link","format":"url"}],"_links":{"self":[{"href":"https:\/\/www.hashtag.al\/index.php\/wp-json\/wp\/v2\/posts\/774932","targetHints":{"allow":["GET"]}}],"collection":[{"href":"https:\/\/www.hashtag.al\/index.php\/wp-json\/wp\/v2\/posts"}],"about":[{"href":"https:\/\/www.hashtag.al\/index.php\/wp-json\/wp\/v2\/types\/post"}],"author":[{"embeddable":true,"href":"https:\/\/www.hashtag.al\/index.php\/wp-json\/wp\/v2\/users\/49"}],"replies":[{"embeddable":true,"href":"https:\/\/www.hashtag.al\/index.php\/wp-json\/wp\/v2\/comments?post=774932"}],"version-history":[{"count":99999,"href":"https:\/\/www.hashtag.al\/index.php\/wp-json\/wp\/v2\/posts\/774932\/revisions"}],"predecessor-version":[{"id":774935,"href":"https:\/\/www.hashtag.al\/index.php\/wp-json\/wp\/v2\/posts\/774932\/revisions\/774935"}],"wp:featuredmedia":[{"embeddable":true,"href":"https:\/\/www.hashtag.al\/index.php\/wp-json\/wp\/v2\/media\/774934"}],"wp:attachment":[{"href":"https:\/\/www.hashtag.al\/index.php\/wp-json\/wp\/v2\/media?parent=774932"}],"wp:term":[{"taxonomy":"category","embeddable":true,"href":"https:\/\/www.hashtag.al\/index.php\/wp-json\/wp\/v2\/categories?post=774932"},{"taxonomy":"post_tag","embeddable":true,"href":"https:\/\/www.hashtag.al\/index.php\/wp-json\/wp\/v2\/tags?post=774932"}],"curies":[{"name":"wp","href":"https:\/\/api.w.org\/{rel}","templated":true}]}}