{"id":774727,"date":"2025-12-03T11:23:11","date_gmt":"2025-12-03T10:23:11","guid":{"rendered":"https:\/\/www.hashtag.al\/?p=774727"},"modified":"2025-12-03T11:41:35","modified_gmt":"2025-12-03T10:41:35","slug":"permbytjet-ne-korce-romina-kuko-duhet-te-nxirret-nga-sirtari-dhe-te-zbatohet-projekti-i-ribonifikimit-te-fushes-se-maliqit","status":"publish","type":"post","link":"https:\/\/www.hashtag.al\/index.php\/2025\/12\/03\/permbytjet-ne-korce-romina-kuko-duhet-te-nxirret-nga-sirtari-dhe-te-zbatohet-projekti-i-ribonifikimit-te-fushes-se-maliqit\/","title":{"rendered":"P\u00ebrmbytjet n\u00eb Kor\u00e7\u00eb, Romina Kuko: Duhet t\u00eb nxirret nga sirtari dhe t\u00eb zbatohet projekti i ribonifikimit t\u00eb Fush\u00ebs s\u00eb Maliqit","gt_translate_keys":[{"key":"rendered","format":"text"}]},"content":{"rendered":"<p><span style=\"color: #000000;\"><img loading=\"lazy\" decoding=\"async\" class=\"aligncenter size-full wp-image-774728\" src=\"https:\/\/www.hashtag.al\/wp-content\/uploads\/2025\/12\/Screenshot-2025-12-03-104506.png\" alt=\"\" width=\"984\" height=\"710\" srcset=\"https:\/\/www.hashtag.al\/wp-content\/uploads\/2025\/12\/Screenshot-2025-12-03-104506.png 984w, https:\/\/www.hashtag.al\/wp-content\/uploads\/2025\/12\/Screenshot-2025-12-03-104506-300x216.png 300w, https:\/\/www.hashtag.al\/wp-content\/uploads\/2025\/12\/Screenshot-2025-12-03-104506-768x554.png 768w\" sizes=\"auto, (max-width: 984px) 100vw, 984px\" \/><\/span><\/p>\n<p data-start=\"171\" data-end=\"383\"><span style=\"color: #000000;\">N\u00eb Kuvend, deputetja Romina Kuko b\u00ebri te ditur se ka vizituar Fush\u00ebn e Maliqit p\u00ebr t\u00eb par\u00eb nga af\u00ebr d\u00ebmet e shkaktuara nga p\u00ebrmbytjet dhe theksoi nevoj\u00ebn p\u00ebr projekte t\u00eb q\u00ebndrueshme dhe masa parandaluese.<\/span><\/p>\n<p data-start=\"385\" data-end=\"631\"><span style=\"color: #000000;\">Kuko tha se situata \u00ebsht\u00eb e r\u00ebnd\u00eb, sht\u00ebpi dhe stalla t\u00eb p\u00ebrmbytura dhe tokat e mbushura me uj\u00eb. Ajo vuri n\u00eb dukje se lumi Devoll ka ndryshuar shtratin dhe nuk mban m\u00eb prurjet, duke theksuar se pastrimi i tij duhet t\u00eb b\u00ebhet \u00e7do vit.<\/span><\/p>\n<p data-start=\"385\" data-end=\"631\"><span style=\"color: #000000;\"><em>&#8220;<\/em><em>Lumi Devoll nuk \u00ebsht\u00eb m\u00eb ai i dikurshmi, shtrati \u00ebsht\u00eb mbushur me r\u00ebr\u00eb, \u00ebsht\u00eb ngritur dhe nuk mban m\u00eb prurjet.<\/em><em>Nga Z\u00ebmblaku e der m\u00eb posht\u00eb situata \u00ebsht\u00eb e nj\u00ebjt\u00eb.\u00a0 Nj\u00eb mur artificial drtyron t\u00eb dal\u00eb jasht\u00eb shtratit lumin Devoll. P\u00ebr pastrimin e plot\u00eb nga lart deri n\u00eb fund \u00e7do vit \u00ebsht\u00eb shum\u00eb e r\u00ebnd\u00ebsishme. <\/em><em>D\u00ebgjova shpesh t\u00eb thuhet n\u00eb fakt emergjenca, fondi emergjenc\u00ebs por kjo nuk \u00ebsht\u00eb vet\u00ebm nj\u00eb pun\u00eb emergjence, kjo \u00ebsht\u00eb nj\u00eb pun\u00eb sistemi parandalues.&#8221;<\/em><\/span><\/p>\n<p data-start=\"633\" data-end=\"968\"><span style=\"color: #000000;\">Deputetja theksoi r\u00ebnd\u00ebsin\u00eb e rikthimit t\u00eb brezeve pyjore p\u00ebrgjat\u00eb lumenjve, t\u00eb cilat ulin shpejt\u00ebsin\u00eb e prurjeve dhe mbrojn\u00eb tok\u00ebn nga erozioni, si dhe nevoj\u00ebn p\u00ebr veprime mbrojt\u00ebse si mure me gur\u00eb n\u00eb pikat kritike.<\/span><\/p>\n<p data-start=\"633\" data-end=\"968\"><span style=\"color: #000000;\"><em> &#8220;Banor\u00ebt m\u00eb p\u00ebrm\u00ebnd\u00ebn nj\u00eb zgjedhje t\u00eb vjet\u00ebr p\u00ebr t\u00eb provuar, brezat pyjor, plepat dhe bim\u00ebsi e lart\u00eb q\u00eb kan\u00eb q\u00eb mburoja natyrore e fush\u00ebs s\u00eb Kor\u00e7\u00ebs. \u00cbsht\u00eb zgjidhje e provuar. Ato breza ulin shpejt\u00ebsin\u00eb e prurjeve, mbrojn\u00eb tok\u00ebn nga erozioni dimrit dhe krijon stabilitet natyror. Ato duhen rikthyer p\u00ebrgjat\u00eb lumenjve n\u00eb tokat e lira se si\u00e7 m\u00eb than\u00eb n\u00eb fakt nj\u00eb brez pyjor vlen m\u00eb shum\u00eb se nj\u00eb met\u00ebr kub beton.&#8221;<\/em><\/span><\/p>\n<p data-start=\"633\" data-end=\"968\"><span style=\"color: #000000;\">Ajo b\u00ebri thirrje p\u00ebr zbatimin e projektit t\u00eb ribonifikimit t\u00eb Fush\u00ebs s\u00eb Maliqit p\u00ebr t\u00eb parandaluar d\u00ebmet e ardhshme.<\/span><\/p>\n<p data-start=\"385\" data-end=\"631\"><span style=\"color: #000000;\"><strong>Fjala e plot\u00eb:<\/strong><\/span><\/p>\n<p><span style=\"color: #000000;\">Para disa dit\u00ebsh isha n\u00eb Kor\u00e7\u00eb, konkretisht n\u00eb Maliq, p\u00ebr t\u00eb par\u00eb nga af\u00ebr d\u00ebmet nga p\u00ebrmbytja. D\u00ebme q\u00eb nuk jan\u00eb vet\u00ebm shifra n\u00eb raporte, por jan\u00eb sht\u00ebpi t\u00eb p\u00ebrmbytura, stalla t\u00eb shkat\u00ebrruara, njer\u00ebz me k\u00ebmb\u00ebt n\u00eb balt\u00eb duke shp\u00ebtuar \u00e7\u2019t\u00eb munden. Normalisht, emergjencat civile, bashkia, ushtria, policia dhe gazetar\u00ebt kan\u00eb b\u00ebr\u00eb nj\u00eb pun\u00eb shum\u00eb t\u00eb mir\u00eb. Dua t\u2019u shpreh ngush\u00ebllimet familjar\u00ebve t\u00eb Flora Hoxh\u00ebs, q\u00eb humbi jet\u00ebn fatkeq\u00ebsisht, por do jem pak m\u00eb kritike.<\/span><\/p>\n<p><span style=\"color: #000000;\">N\u00eb terren pash\u00eb qart\u00eb dhe d\u00ebgjova at\u00eb q\u00eb m\u00eb than\u00eb njer\u00ebzit dhe specialist\u00ebt, dhe k\u00ebtu do t\u00eb sjell at\u00eb q\u00eb m\u00eb than\u00eb banor\u00ebt. Lumi Devoll nuk \u00ebsht\u00eb m\u00eb ai i dikurshmi; shtrati \u00ebsht\u00eb mbushur me r\u00ebr\u00eb, \u00ebsht\u00eb ngritur dhe nuk mban m\u00eb prurjet. Nga Z\u00ebmblaku e deri m\u00eb posht\u00eb situata \u00ebsht\u00eb e nj\u00ebjt\u00eb. Nj\u00eb mur artificial rrezikon t\u00eb dal\u00eb jasht\u00eb shtratit lumin Devoll. Pastrimi i plot\u00eb nga lart deri n\u00eb fund \u00e7do vit \u00ebsht\u00eb shum\u00eb i r\u00ebnd\u00ebsish\u00ebm.<\/span><\/p>\n<p><span style=\"color: #000000;\">D\u00ebgjova shpesh t\u00eb thuhet emergjenc\u00eb, fondi i emergjenc\u00ebs, por kjo nuk \u00ebsht\u00eb vet\u00ebm nj\u00eb pun\u00eb emergjence, kjo \u00ebsht\u00eb nj\u00eb pun\u00eb sistemi parandalues. N\u00eb nj\u00eb dit\u00eb ku bie shi sa nj\u00eb muaj, nuk \u00ebsht\u00eb \u00e7udi q\u00eb mbyt\u00ebn fushat. Uji nuk pyet p\u00ebr kufij teknik apo afate politike, uji shkon atje ku gjen rrug\u00ebn, dhe rruga k\u00ebt\u00eb her\u00eb ishin sht\u00ebpit\u00eb, tokat dhe jeta e njer\u00ebzve.<\/span><\/p>\n<p><span style=\"color: #000000;\">Banor\u00ebt m\u00eb p\u00ebrmend\u00ebn nj\u00eb zgjidhje t\u00eb vjet\u00ebr: brezat pyjor\u00eb, plepat dhe bim\u00ebsi e lart\u00eb q\u00eb kan\u00eb qen\u00eb mburoja natyrore e fush\u00ebs s\u00eb Kor\u00e7\u00ebs. \u00cbsht\u00eb zgjidhje e provuar. Ato breza ulin shpejt\u00ebsin\u00eb e prurjeve, mbrojn\u00eb tok\u00ebn nga erozioni dimrit dhe krijojn\u00eb stabilitet natyror. Ato duhen rikthyer p\u00ebrgjat\u00eb lumenjve n\u00eb tokat e lira, sepse nj\u00eb brez pyjor vlen m\u00eb shum\u00eb se nj\u00eb met\u00ebr kub beton.<\/span><\/p>\n<p><span style=\"color: #000000;\">N\u00eb pikat e rrezikut ku Devolli del dhe kryen argjinatur\u00ebn, duhen vepra mbrojt\u00ebse t\u00eb q\u00ebndrueshme: mure me gur\u00eb dhe struktura q\u00eb mbajn\u00eb lumin n\u00eb shtrat n\u00eb dit\u00ebt e v\u00ebshtira. Gjithashtu, duhet q\u00eb t\u00eb zbatohet projekti i ribonifikimit t\u00eb Fush\u00ebs s\u00eb Maliqit, q\u00eb ka vite q\u00eb rri n\u00eb sirtar. Thellimi i Devollit me segmentet kritike dhe pastrimi i sektor\u00ebve nuk jan\u00eb ide, por domosdoshm\u00ebri. Njer\u00ebzit m\u00eb than\u00eb q\u00eb kjo \u00ebsht\u00eb \u00e7\u00ebshtje mbijetese.<\/span><\/p>\n<p><span style=\"color: #000000;\">Nj\u00eb problem tjet\u00ebr i madh \u00ebsht\u00eb ai i mjeteve, Maliqi ka 24 mij\u00eb hektar\u00eb tok\u00eb dhe 900 km kanale, dhe bashkia nuk mund ta mbaj\u00eb k\u00ebt\u00eb territor me dy skavator\u00eb. Duhet pajisje t\u00eb reja p\u00ebr t\u00eb parandaluar p\u00ebrmbytjet e ardhshme, edhe ujitja k\u00ebrkon nj\u00eb zgjedhje t\u00eb q\u00ebndrueshme. Stacione t\u00eb reja pompimi n\u00eb ur\u00ebn e Maliqit dhe Norman, zgjerim p\u00ebr pastrimin e rezervuarit t\u00eb Z\u00ebmblakut, dhe mbi t\u00eb gjitha tarif\u00eb e diferencuar e energjis\u00eb p\u00ebr pompat e ujitjes, sepse uji \u00ebsht\u00eb baza.<\/span><\/p>\n<p><span style=\"color: #000000;\">Vler\u00ebsimi i d\u00ebmeve ka nisur, por njer\u00ebzit k\u00ebrkojn\u00eb realiz\u00ebm dhe integritet. Fleta e d\u00ebmit duhet t\u00eb pasqyroj\u00eb t\u00eb v\u00ebrtet\u00ebn q\u00eb kan\u00eb p\u00ebrjetuar, jo nj\u00eb procedur\u00eb t\u00eb mbyllur n\u00eb let\u00ebr. <\/span><\/p>\n<p><span style=\"color: #000000;\">\u00cbsht\u00eb e r\u00ebnd\u00ebsishme t\u00eb p\u00ebrmend edhe rrug\u00ebn e Sheqerasit, e d\u00ebmtuar nga punimet emergjente p\u00ebr t\u00eb ndalur \u00e7arjen e lumit Devoll, sepse ajo rrug\u00eb \u00ebsht\u00eb arteria e jet\u00ebs s\u00eb p\u00ebrditshme t\u00eb banor\u00ebve.<\/span><\/p>\n<p><span style=\"color: #000000;\"> Fusha e Kor\u00e7\u00ebs \u00ebsht\u00eb pasuri komb\u00ebtare, por pasurit\u00eb nuk mbrohen me copa. K\u00ebrkohet plan, siguri dhe respekt p\u00ebr pun\u00ebn e njer\u00ebzve q\u00eb \u00e7do dit\u00eb jan\u00eb n\u00eb ar\u00eb. Banor\u00ebt m\u00eb than\u00eb vet\u00ebm kaq: \u201cMos na lini t\u00eb fillojm\u00eb nga e para \u00e7do vit.\u201d<\/span><\/p>\n","protected":false,"gt_translate_keys":[{"key":"rendered","format":"html"}]},"excerpt":{"rendered":"<p>N\u00eb Kuvend, deputetja Romina Kuko b\u00ebri te ditur se ka vizituar Fush\u00ebn e Maliqit p\u00ebr t\u00eb par\u00eb nga af\u00ebr d\u00ebmet e shkaktuara nga p\u00ebrmbytjet dhe theksoi nevoj\u00ebn p\u00ebr projekte t\u00eb q\u00ebndrueshme dhe masa parandaluese. Kuko tha se situata \u00ebsht\u00eb e r\u00ebnd\u00eb, sht\u00ebpi dhe stalla t\u00eb p\u00ebrmbytura dhe tokat e mbushura me uj\u00eb. Ajo vuri n\u00eb [&hellip;]<\/p>\n","protected":false,"gt_translate_keys":[{"key":"rendered","format":"html"}]},"author":49,"featured_media":774728,"comment_status":"closed","ping_status":"open","sticky":false,"template":"","format":"standard","meta":{"footnotes":""},"categories":[22],"tags":[],"class_list":["post-774727","post","type-post","status-publish","format-standard","has-post-thumbnail","hentry","category-ballina"],"gt_translate_keys":[{"key":"link","format":"url"}],"_links":{"self":[{"href":"https:\/\/www.hashtag.al\/index.php\/wp-json\/wp\/v2\/posts\/774727","targetHints":{"allow":["GET"]}}],"collection":[{"href":"https:\/\/www.hashtag.al\/index.php\/wp-json\/wp\/v2\/posts"}],"about":[{"href":"https:\/\/www.hashtag.al\/index.php\/wp-json\/wp\/v2\/types\/post"}],"author":[{"embeddable":true,"href":"https:\/\/www.hashtag.al\/index.php\/wp-json\/wp\/v2\/users\/49"}],"replies":[{"embeddable":true,"href":"https:\/\/www.hashtag.al\/index.php\/wp-json\/wp\/v2\/comments?post=774727"}],"version-history":[{"count":99999,"href":"https:\/\/www.hashtag.al\/index.php\/wp-json\/wp\/v2\/posts\/774727\/revisions"}],"predecessor-version":[{"id":774735,"href":"https:\/\/www.hashtag.al\/index.php\/wp-json\/wp\/v2\/posts\/774727\/revisions\/774735"}],"wp:featuredmedia":[{"embeddable":true,"href":"https:\/\/www.hashtag.al\/index.php\/wp-json\/wp\/v2\/media\/774728"}],"wp:attachment":[{"href":"https:\/\/www.hashtag.al\/index.php\/wp-json\/wp\/v2\/media?parent=774727"}],"wp:term":[{"taxonomy":"category","embeddable":true,"href":"https:\/\/www.hashtag.al\/index.php\/wp-json\/wp\/v2\/categories?post=774727"},{"taxonomy":"post_tag","embeddable":true,"href":"https:\/\/www.hashtag.al\/index.php\/wp-json\/wp\/v2\/tags?post=774727"}],"curies":[{"name":"wp","href":"https:\/\/api.w.org\/{rel}","templated":true}]}}