{"id":774607,"date":"2025-12-02T16:53:21","date_gmt":"2025-12-02T15:53:21","guid":{"rendered":"https:\/\/www.hashtag.al\/?p=774607"},"modified":"2025-12-02T16:53:21","modified_gmt":"2025-12-02T15:53:21","slug":"balliu-rruget-ne-shqiperi-prishen-se-bie-shi-balluku-eshte-e-pezulluar-por-kush-mban-pergjegjesi","status":"publish","type":"post","link":"https:\/\/www.hashtag.al\/index.php\/2025\/12\/02\/balliu-rruget-ne-shqiperi-prishen-se-bie-shi-balluku-eshte-e-pezulluar-por-kush-mban-pergjegjesi\/","title":{"rendered":"Balliu: Rrug\u00ebt n\u00eb Shqip\u00ebri prishen se bie shi. Balluku \u00ebsht\u00eb e pezulluar, por kush mban p\u00ebrgjegj\u00ebsi?","gt_translate_keys":[{"key":"rendered","format":"text"}]},"content":{"rendered":"<p><span style=\"color: #000000;\"><img loading=\"lazy\" decoding=\"async\" class=\"alignnone wp-image-774608 size-medium\" src=\"https:\/\/www.hashtag.al\/wp-content\/uploads\/2025\/12\/Capture-2-1-e1764690783657-300x188.jpg\" alt=\"\" width=\"300\" height=\"188\" srcset=\"https:\/\/www.hashtag.al\/wp-content\/uploads\/2025\/12\/Capture-2-1-e1764690783657-300x188.jpg 300w, https:\/\/www.hashtag.al\/wp-content\/uploads\/2025\/12\/Capture-2-1-e1764690783657-768x480.jpg 768w, https:\/\/www.hashtag.al\/wp-content\/uploads\/2025\/12\/Capture-2-1-e1764690783657.jpg 980w\" sizes=\"auto, (max-width: 300px) 100vw, 300px\" \/><\/span><\/p>\n<p><span style=\"color: #000000;\">Deputeti i Partis\u00eb Demokratike, Klevis Balliu, n\u00eb seanc\u00ebn plenare t\u00eb sotme k\u00ebrkoi q\u00eb t\u00eb ket\u00eb m\u00eb shum\u00eb minuta n\u00eb dispozicion t\u00eb deputet\u00ebve p\u00ebr t\u00eb diskutuar problemet e qytetar\u00ebve, duke e cil\u00ebsuar situat\u00ebn n\u00eb terren t\u00eb r\u00ebnduar dhe urgjente.<\/span><\/p>\n<p><span style=\"color: #000000;\">Ai vuri n\u00eb qend\u00ebr t\u00eb fjal\u00ebs s\u00eb tij gjendjen e rrug\u00ebve dhe p\u00ebrmbytjet e dit\u00ebve t\u00eb fundit, duke ironizuar funksionimin e qeveris\u00eb n\u00eb raport me kushtet atmosferike.<\/span><\/p>\n<p><span style=\"color: #000000;\">Balliu deklaroi: <em>\u201cTa dim\u00eb sa duhet t\u00eb jet\u00eb temperatura q\u00eb t\u00eb funksionoj\u00eb qeveria, pasi sa bien dy pika shi p\u00ebrmbytemi, dhe n\u00eb ver\u00eb digjemi. Shqiptar\u00ebt po humbin sht\u00ebpit\u00eb nga shiu. Po na shkulen t\u00eb gjitha rrug\u00ebt, jemi i vetmi vend n\u00eb bot\u00eb q\u00eb prishen rrug\u00ebt se bie shi.\u201d<\/em><\/span><\/p>\n<p><span style=\"color: #000000;\">Duke iu referuar ministres Belinda Balluku, e cila ndodhet e pezulluar nga detyra, Balliu shtoi: <em>\u201cAt\u00eb zonj\u00ebn e kemi t\u00eb pezulluar, por do t\u00eb na jap\u00eb njeri llogari?\u201d<\/em><\/span><\/p>\n","protected":false,"gt_translate_keys":[{"key":"rendered","format":"html"}]},"excerpt":{"rendered":"<p>Deputeti i Partis\u00eb Demokratike, Klevis Balliu, n\u00eb seanc\u00ebn plenare t\u00eb sotme k\u00ebrkoi q\u00eb t\u00eb ket\u00eb m\u00eb shum\u00eb minuta n\u00eb dispozicion t\u00eb deputet\u00ebve p\u00ebr t\u00eb diskutuar problemet e qytetar\u00ebve, duke e cil\u00ebsuar situat\u00ebn n\u00eb terren t\u00eb r\u00ebnduar dhe urgjente. Ai vuri n\u00eb qend\u00ebr t\u00eb fjal\u00ebs s\u00eb tij gjendjen e rrug\u00ebve dhe p\u00ebrmbytjet e dit\u00ebve t\u00eb fundit, [&hellip;]<\/p>\n","protected":false,"gt_translate_keys":[{"key":"rendered","format":"html"}]},"author":32,"featured_media":774608,"comment_status":"closed","ping_status":"open","sticky":false,"template":"","format":"standard","meta":{"footnotes":""},"categories":[65],"tags":[],"class_list":["post-774607","post","type-post","status-publish","format-standard","has-post-thumbnail","hentry","category-lajme"],"gt_translate_keys":[{"key":"link","format":"url"}],"_links":{"self":[{"href":"https:\/\/www.hashtag.al\/index.php\/wp-json\/wp\/v2\/posts\/774607","targetHints":{"allow":["GET"]}}],"collection":[{"href":"https:\/\/www.hashtag.al\/index.php\/wp-json\/wp\/v2\/posts"}],"about":[{"href":"https:\/\/www.hashtag.al\/index.php\/wp-json\/wp\/v2\/types\/post"}],"author":[{"embeddable":true,"href":"https:\/\/www.hashtag.al\/index.php\/wp-json\/wp\/v2\/users\/32"}],"replies":[{"embeddable":true,"href":"https:\/\/www.hashtag.al\/index.php\/wp-json\/wp\/v2\/comments?post=774607"}],"version-history":[{"count":99999,"href":"https:\/\/www.hashtag.al\/index.php\/wp-json\/wp\/v2\/posts\/774607\/revisions"}],"predecessor-version":[{"id":774609,"href":"https:\/\/www.hashtag.al\/index.php\/wp-json\/wp\/v2\/posts\/774607\/revisions\/774609"}],"wp:featuredmedia":[{"embeddable":true,"href":"https:\/\/www.hashtag.al\/index.php\/wp-json\/wp\/v2\/media\/774608"}],"wp:attachment":[{"href":"https:\/\/www.hashtag.al\/index.php\/wp-json\/wp\/v2\/media?parent=774607"}],"wp:term":[{"taxonomy":"category","embeddable":true,"href":"https:\/\/www.hashtag.al\/index.php\/wp-json\/wp\/v2\/categories?post=774607"},{"taxonomy":"post_tag","embeddable":true,"href":"https:\/\/www.hashtag.al\/index.php\/wp-json\/wp\/v2\/tags?post=774607"}],"curies":[{"name":"wp","href":"https:\/\/api.w.org\/{rel}","templated":true}]}}