{"id":774595,"date":"2025-12-02T15:30:46","date_gmt":"2025-12-02T14:30:46","guid":{"rendered":"https:\/\/www.hashtag.al\/?p=774595"},"modified":"2025-12-02T15:30:46","modified_gmt":"2025-12-02T14:30:46","slug":"elbasan-15-vjecari-konsumoi-fotoksine-humb-jeten-ne-spital","status":"publish","type":"post","link":"https:\/\/www.hashtag.al\/index.php\/2025\/12\/02\/elbasan-15-vjecari-konsumoi-fotoksine-humb-jeten-ne-spital\/","title":{"rendered":"Elbasan, 15-vje\u00e7ari konsumoi fotoksin\u00eb, humb jet\u00ebn n\u00eb spital","gt_translate_keys":[{"key":"rendered","format":"text"}]},"content":{"rendered":"<p><span style=\"color: #000000;\"><img loading=\"lazy\" decoding=\"async\" class=\"alignnone size-medium wp-image-685868\" src=\"https:\/\/www.hashtag.al\/wp-content\/uploads\/2024\/07\/AMBULANCA-696x367-1-1130x635-1-300x169.png\" alt=\"\" width=\"300\" height=\"169\" srcset=\"https:\/\/www.hashtag.al\/wp-content\/uploads\/2024\/07\/AMBULANCA-696x367-1-1130x635-1-300x169.png 300w, https:\/\/www.hashtag.al\/wp-content\/uploads\/2024\/07\/AMBULANCA-696x367-1-1130x635-1-1024x575.png 1024w, https:\/\/www.hashtag.al\/wp-content\/uploads\/2024\/07\/AMBULANCA-696x367-1-1130x635-1-768x432.png 768w, https:\/\/www.hashtag.al\/wp-content\/uploads\/2024\/07\/AMBULANCA-696x367-1-1130x635-1.png 1130w\" sizes=\"auto, (max-width: 300px) 100vw, 300px\" \/><\/span><\/p>\n<p><span style=\"color: #000000;\">Nj\u00eb ngjarje e r\u00ebnd\u00eb ka ndodhur n\u00eb Elbasan, ku nj\u00eb 15-vje\u00e7ar ka humbur jet\u00ebn.<\/span><\/p>\n<p><span style=\"color: #000000;\">Sipas policis\u00eb, dyshohet se i mituri ka konsumuar fotoksin\u00eb.<\/span><\/p>\n<p><span style=\"color: #000000;\">Edhe pse u d\u00ebrgua me urgjenc\u00eb nga spitali Rajonal i Elbasanit drejt QSUT-s\u00eb, 15-vje\u00e7ari humbi jet\u00ebn.<\/span><\/p>\n<p><span style=\"color: #000000;\"><em>\u201cElbasan\/N\u00eb Spitalin Rajonal Elbasan \u00ebsht\u00eb d\u00ebrguar p\u00ebr mjekim nj\u00eb 15-vje\u00e7ar, i cili m\u00eb pas \u00ebsht\u00eb d\u00ebrguar n\u00eb QSUT, por pavar\u00ebsisht nd\u00ebrhyrjeve mjek\u00ebsore, ai ka humbur jet\u00ebn. Nga veprimet e para hetimore dyshohet se 15-vje\u00e7ari ka konsumuar fotoksin\u00eb. Materialet procedurale p\u00ebr rastin iu referuan Prokuroris\u00eb, p\u00ebr vler\u00ebsim\u201c,<\/em> thuhet n\u00eb njoftimin e policis\u00eb.<\/span><\/p>\n","protected":false,"gt_translate_keys":[{"key":"rendered","format":"html"}]},"excerpt":{"rendered":"<p>Nj\u00eb ngjarje e r\u00ebnd\u00eb ka ndodhur n\u00eb Elbasan, ku nj\u00eb 15-vje\u00e7ar ka humbur jet\u00ebn. Sipas policis\u00eb, dyshohet se i mituri ka konsumuar fotoksin\u00eb. Edhe pse u d\u00ebrgua me urgjenc\u00eb nga spitali Rajonal i Elbasanit drejt QSUT-s\u00eb, 15-vje\u00e7ari humbi jet\u00ebn. \u201cElbasan\/N\u00eb Spitalin Rajonal Elbasan \u00ebsht\u00eb d\u00ebrguar p\u00ebr mjekim nj\u00eb 15-vje\u00e7ar, i cili m\u00eb pas \u00ebsht\u00eb d\u00ebrguar [&hellip;]<\/p>\n","protected":false,"gt_translate_keys":[{"key":"rendered","format":"html"}]},"author":32,"featured_media":670075,"comment_status":"closed","ping_status":"open","sticky":false,"template":"","format":"standard","meta":{"footnotes":""},"categories":[65],"tags":[],"class_list":["post-774595","post","type-post","status-publish","format-standard","has-post-thumbnail","hentry","category-lajme"],"gt_translate_keys":[{"key":"link","format":"url"}],"_links":{"self":[{"href":"https:\/\/www.hashtag.al\/index.php\/wp-json\/wp\/v2\/posts\/774595","targetHints":{"allow":["GET"]}}],"collection":[{"href":"https:\/\/www.hashtag.al\/index.php\/wp-json\/wp\/v2\/posts"}],"about":[{"href":"https:\/\/www.hashtag.al\/index.php\/wp-json\/wp\/v2\/types\/post"}],"author":[{"embeddable":true,"href":"https:\/\/www.hashtag.al\/index.php\/wp-json\/wp\/v2\/users\/32"}],"replies":[{"embeddable":true,"href":"https:\/\/www.hashtag.al\/index.php\/wp-json\/wp\/v2\/comments?post=774595"}],"version-history":[{"count":99999,"href":"https:\/\/www.hashtag.al\/index.php\/wp-json\/wp\/v2\/posts\/774595\/revisions"}],"predecessor-version":[{"id":774596,"href":"https:\/\/www.hashtag.al\/index.php\/wp-json\/wp\/v2\/posts\/774595\/revisions\/774596"}],"wp:featuredmedia":[{"embeddable":true,"href":"https:\/\/www.hashtag.al\/index.php\/wp-json\/wp\/v2\/media\/670075"}],"wp:attachment":[{"href":"https:\/\/www.hashtag.al\/index.php\/wp-json\/wp\/v2\/media?parent=774595"}],"wp:term":[{"taxonomy":"category","embeddable":true,"href":"https:\/\/www.hashtag.al\/index.php\/wp-json\/wp\/v2\/categories?post=774595"},{"taxonomy":"post_tag","embeddable":true,"href":"https:\/\/www.hashtag.al\/index.php\/wp-json\/wp\/v2\/tags?post=774595"}],"curies":[{"name":"wp","href":"https:\/\/api.w.org\/{rel}","templated":true}]}}