{"id":774409,"date":"2025-12-01T17:45:09","date_gmt":"2025-12-01T16:45:09","guid":{"rendered":"https:\/\/www.hashtag.al\/?p=774409"},"modified":"2025-12-01T17:45:09","modified_gmt":"2025-12-01T16:45:09","slug":"bardhi-rama-po-ben-avokatine-e-te-pandehures-balluku-pranoi-se-eshte-pale-ne-procesin-gjyqesor","status":"publish","type":"post","link":"https:\/\/www.hashtag.al\/index.php\/2025\/12\/01\/bardhi-rama-po-ben-avokatine-e-te-pandehures-balluku-pranoi-se-eshte-pale-ne-procesin-gjyqesor\/","title":{"rendered":"Bardhi: Rama po b\u00ebn avokatin\u00eb e t\u00eb pandehur\u00ebs Balluku, pranoi se \u00ebsht\u00eb pal\u00eb n\u00eb procesin gjyq\u00ebsor","gt_translate_keys":[{"key":"rendered","format":"text"}]},"content":{"rendered":"<p><span style=\"color: #000000;\"><img loading=\"lazy\" decoding=\"async\" class=\"alignnone size-medium wp-image-772514\" src=\"https:\/\/www.hashtag.al\/wp-content\/uploads\/2025\/11\/rama-balluku-bardhi-1-640x433-1-300x203.jpg\" alt=\"\" width=\"300\" height=\"203\" srcset=\"https:\/\/www.hashtag.al\/wp-content\/uploads\/2025\/11\/rama-balluku-bardhi-1-640x433-1-300x203.jpg 300w, https:\/\/www.hashtag.al\/wp-content\/uploads\/2025\/11\/rama-balluku-bardhi-1-640x433-1.jpg 640w\" sizes=\"auto, (max-width: 300px) 100vw, 300px\" \/><\/span><\/p>\n<p><span style=\"color: #000000;\">Kreu i grupit parlamentar t\u00eb Partis\u00eb Demokratike, Gazment Bardhi, reagoi t\u00eb h\u00ebn\u00ebn pas deklaratave t\u00eb kryeministrit Edi Rama lidhur me pezullimin nga detyra t\u00eb Belinda Ballukut, duke e akuzuar at\u00eb se po mbron publikisht ish-ministren e pandehur dhe po shmang detyrimin p\u00ebr t\u00eb dh\u00ebn\u00eb shpjegime ligjore.<\/span><\/p>\n<p><span style=\"color: #000000;\">N\u00eb nj\u00eb reagim n\u00eb rrjetet sociale, Bardhi tha se Rama \u201c<em>foli 7 minuta e 38 sekonda n\u00eb nj\u00eb p\u00ebrpjekje t\u00eb sforcuar p\u00ebr t\u00eb justifikuar avokatin\u00eb e paprecedent t\u00eb t\u00eb pandehur\u00ebs Belinda Balluku, q\u00eb e mban peng me aferat e p\u00ebrbashk\u00ebta korruptive\u201d.<\/em><\/span><\/p>\n<p><span style=\"color: #000000;\">Sipas tij, qytetar\u00ebt prisnin q\u00eb kryeministri t\u00eb sqaronte deklaratat e nj\u00eb dite m\u00eb par\u00eb, kur ai pretendoi se Komisioni i Venecias dhe Gjykata e Strasburgut ndalonin pezullimin e nj\u00eb ministri nga detyra. <\/span><\/p>\n<p><span style=\"color: #000000;\">Bardhi tha se Rama nuk solli asnj\u00eb dokument p\u00ebr t\u00eb mb\u00ebshtetur pretendimin dhe se zgjodhi sulmet politike ndaj opozit\u00ebs.<\/span><\/p>\n<p><span style=\"color: #000000;\">\u201c<em>Shqiptar\u00ebt prisnin t\u2019iu thoshte se n\u00eb cilin opinion t\u00eb Venecias apo vendim t\u00eb Strasburgut thuhej se ministri nuk mund t\u00eb pezullohej. N\u00eb vend t\u00eb k\u00ebsaj, ai u hodh me akuza e sharje ndaj opozit\u00ebs q\u00eb \u00e7montoi g\u00ebnjeshtrat e tij,\u201d<\/em> shkroi Bardhi, duke e cil\u00ebsuar Ram\u00ebn \u201cshkoll\u00ebpak dhe t\u00eb marr\u00eb peng\u201d.<\/span><\/p>\n<p><span style=\"color: #000000;\">Deputeti demokrat n\u00ebnvizoi se deklarata e sotme e kryeministrit p\u00ebrfshinte, sipas tij, nj\u00eb pranim t\u00eb drejtp\u00ebrdrejt\u00eb se Rama \u00ebsht\u00eb \u201cpal\u00eb n\u00eb procesin gjyq\u00ebsor ndaj Belinda Ballukut\u201d, ashtu si\u00e7 pretendon se \u00ebsht\u00eb p\u00ebrfshir\u00eb edhe n\u00eb afer\u00ebn e Tunelit t\u00eb Llogaras\u00eb.<\/span><\/p>\n<p><span style=\"color: #000000;\"><em>\u201cN\u00ebse Rama vet\u00eb deklaron se \u00ebsht\u00eb pal\u00eb, at\u00ebher\u00eb \u00ebsht\u00eb detyr\u00eb e SPAK dhe GJKKO ta th\u00ebrrasin si t\u00eb till\u00eb,\u201d<\/em> p\u00ebrfundoi Bardhi, duke shtuar se \u201c<em>her\u00ebs tjet\u00ebr prokurori i SPAK dhe gjyqtari i GJKKO duhet ta th\u00ebrrasin si pal\u00eb n\u00eb korrupsion, krah p\u00ebr krah me t\u00eb pandehur\u00ebn Belinda Balluku\u201d.<\/em><\/span><\/p>\n","protected":false,"gt_translate_keys":[{"key":"rendered","format":"html"}]},"excerpt":{"rendered":"<p>Kreu i grupit parlamentar t\u00eb Partis\u00eb Demokratike, Gazment Bardhi, reagoi t\u00eb h\u00ebn\u00ebn pas deklaratave t\u00eb kryeministrit Edi Rama lidhur me pezullimin nga detyra t\u00eb Belinda Ballukut, duke e akuzuar at\u00eb se po mbron publikisht ish-ministren e pandehur dhe po shmang detyrimin p\u00ebr t\u00eb dh\u00ebn\u00eb shpjegime ligjore. N\u00eb nj\u00eb reagim n\u00eb rrjetet sociale, Bardhi tha se [&hellip;]<\/p>\n","protected":false,"gt_translate_keys":[{"key":"rendered","format":"html"}]},"author":32,"featured_media":772514,"comment_status":"closed","ping_status":"open","sticky":false,"template":"","format":"standard","meta":{"footnotes":""},"categories":[65],"tags":[],"class_list":["post-774409","post","type-post","status-publish","format-standard","has-post-thumbnail","hentry","category-lajme"],"gt_translate_keys":[{"key":"link","format":"url"}],"_links":{"self":[{"href":"https:\/\/www.hashtag.al\/index.php\/wp-json\/wp\/v2\/posts\/774409","targetHints":{"allow":["GET"]}}],"collection":[{"href":"https:\/\/www.hashtag.al\/index.php\/wp-json\/wp\/v2\/posts"}],"about":[{"href":"https:\/\/www.hashtag.al\/index.php\/wp-json\/wp\/v2\/types\/post"}],"author":[{"embeddable":true,"href":"https:\/\/www.hashtag.al\/index.php\/wp-json\/wp\/v2\/users\/32"}],"replies":[{"embeddable":true,"href":"https:\/\/www.hashtag.al\/index.php\/wp-json\/wp\/v2\/comments?post=774409"}],"version-history":[{"count":99999,"href":"https:\/\/www.hashtag.al\/index.php\/wp-json\/wp\/v2\/posts\/774409\/revisions"}],"predecessor-version":[{"id":774410,"href":"https:\/\/www.hashtag.al\/index.php\/wp-json\/wp\/v2\/posts\/774409\/revisions\/774410"}],"wp:featuredmedia":[{"embeddable":true,"href":"https:\/\/www.hashtag.al\/index.php\/wp-json\/wp\/v2\/media\/772514"}],"wp:attachment":[{"href":"https:\/\/www.hashtag.al\/index.php\/wp-json\/wp\/v2\/media?parent=774409"}],"wp:term":[{"taxonomy":"category","embeddable":true,"href":"https:\/\/www.hashtag.al\/index.php\/wp-json\/wp\/v2\/categories?post=774409"},{"taxonomy":"post_tag","embeddable":true,"href":"https:\/\/www.hashtag.al\/index.php\/wp-json\/wp\/v2\/tags?post=774409"}],"curies":[{"name":"wp","href":"https:\/\/api.w.org\/{rel}","templated":true}]}}