{"id":774355,"date":"2025-12-01T12:54:44","date_gmt":"2025-12-01T11:54:44","guid":{"rendered":"https:\/\/www.hashtag.al\/?p=774355"},"modified":"2025-12-01T12:54:44","modified_gmt":"2025-12-01T11:54:44","slug":"edi-rama-mashtrues-nderkontinetal-ka-kryeministra-e-ministra-te-pezulluar-balluku-duhej-arrestuar-po-prish-provat-berisha","status":"publish","type":"post","link":"https:\/\/www.hashtag.al\/index.php\/2025\/12\/01\/edi-rama-mashtrues-nderkontinetal-ka-kryeministra-e-ministra-te-pezulluar-balluku-duhej-arrestuar-po-prish-provat-berisha\/","title":{"rendered":"\u201cEdi Rama mashtrues nd\u00ebrkontinetal. Ka kryeministra e ministra t\u00eb pezulluar. Balluku duhej arrestuar, po prish provat\u201d &#8211; Berisha","gt_translate_keys":[{"key":"rendered","format":"text"}]},"content":{"rendered":"<p><img loading=\"lazy\" decoding=\"async\" class=\"aligncenter size-full wp-image-774356\" src=\"https:\/\/www.hashtag.al\/wp-content\/uploads\/2025\/12\/venecia.jpg\" alt=\"\" width=\"1312\" height=\"687\" srcset=\"https:\/\/www.hashtag.al\/wp-content\/uploads\/2025\/12\/venecia.jpg 1312w, https:\/\/www.hashtag.al\/wp-content\/uploads\/2025\/12\/venecia-300x157.jpg 300w, https:\/\/www.hashtag.al\/wp-content\/uploads\/2025\/12\/venecia-1024x536.jpg 1024w, https:\/\/www.hashtag.al\/wp-content\/uploads\/2025\/12\/venecia-768x402.jpg 768w\" sizes=\"auto, (max-width: 1312px) 100vw, 1312px\" \/><\/p>\n<p><span style=\"color: #000000;\">Mashtrues t\u00eb r\u00ebndomt\u00eb e ka cil\u00ebsuar kreu i PD-s\u00eb kryeministrin Rama. <\/span><\/p>\n<p><span style=\"color: #000000;\">N\u00eb nj\u00eb konferenc\u00eb shtypi nga selia blu, Berisha tha se t\u00eb gjitha pretendimet e kryeministrit Rama n\u00eb referenc\u00ebn e tij p\u00ebr Komisionin e Venecias mbi pezullimin e Ballukut jan\u00eb t\u00eb rrem\u00eb. <\/span><\/p>\n<p><span style=\"color: #000000;\">Ai tha gjithashtu se pretendimet e Ram\u00ebs n\u00eb k\u00ebrkes\u00ebn drejtuar Gjykat\u00ebs Kushtetuese se pezullimi i Ballukut ka bllokuar qeverin\u00eb \u00ebsht\u00eb krejt i rrem\u00eb. Berisha tha se n\u00ebse nj\u00eb minist\u00ebr mungon p\u00ebr arsye t\u00eb ndryshme, e z\u00ebvend\u00ebson zv.ministri.<\/span><\/p>\n<p><span style=\"color: #000000;\"><em>\u201cA nuk iku Ko\u00e7o Kok\u00ebdhima si deputet sepse vodhi fonde me Abissnet-in. A ka mashtrues m\u00eb ordiner se Edi Rama. Nxjerrja jasht\u00eb leckash nga parlamenti i Kok\u00ebdhim\u00ebs qenka normale po pezullimi q\u00ebnka paprekshm\u00ebri e mandatit. Ai k\u00ebrkon q\u00eb t\u2019i b\u00ebj\u00eb presion Gjykat\u00ebs Kushtetuese. Venecia nuk ka asnj\u00eb q\u00ebndrim p\u00ebr asnj\u00eb minist\u00ebr sepse nuk ka asnj\u00eb minist\u00ebr q\u00eb t\u00eb kapet duke vjedhur e grabitur taksat dhe t\u00eb shkoj\u00eb n\u00eb Venecia. Nuk ka ndodhur. Venecia nuk thot\u00eb n\u00eb asnj\u00eb k\u00ebshill\u00eb se pezullimi i zyrtarit publik nuk ka t\u00eb b\u00ebj\u00eb me ministrin. Sipas Ram\u00ebs, pezullimi ka bllokuar qeverin\u00eb dhe vendimmarrjen e institucionit q\u00eb drejton Balluku. Mashtrim dhe vet\u00ebm mashtrim. Kur nj\u00eb minist\u00ebr s\u00ebmuret, vendimet i sjell z\u00ebvend\u00ebsi, k\u00ebt\u00eb e p\u00ebrcakton ligji. P\u00ebr \u00e7far\u00eb \u00ebsht\u00eb zv.ministri. Asnj\u00eb minist\u00ebr, as kryeministri nuk \u00ebsht\u00eb zgjedhur nga sovrani si kryeminist\u00ebr. Izraeli \u00ebsht\u00eb vendi ku kryeministri zgjidhet direkt nga populli. Mendoni se qan hallin e lubis\u00eb, jo. Ai ka hallin e tij. Do e l\u00ebshnonte n\u00eb Lan\u00eb nj\u00ebqind her\u00eb po jan\u00eb mesazhet q\u00eb e mbajn\u00eb peng. Ta kall\u00ebzojn\u00eb p\u00ebr presion ndaj Gjykat\u00ebs Kushtetuese. Ka kryeministra, ministra e zv.ministra t\u00eb pezulluar nga gjykata n\u00eb shum\u00eb vende. Balluku duhej arrestuar sepse po prish provat.\u201d<\/em> &#8211; tha Berisha.<\/span><\/p>\n","protected":false,"gt_translate_keys":[{"key":"rendered","format":"html"}]},"excerpt":{"rendered":"<p>Mashtrues t\u00eb r\u00ebndomt\u00eb e ka cil\u00ebsuar kreu i PD-s\u00eb kryeministrin Rama. N\u00eb nj\u00eb konferenc\u00eb shtypi nga selia blu, Berisha tha se t\u00eb gjitha pretendimet e kryeministrit Rama n\u00eb referenc\u00ebn e tij p\u00ebr Komisionin e Venecias mbi pezullimin e Ballukut jan\u00eb t\u00eb rrem\u00eb. Ai tha gjithashtu se pretendimet e Ram\u00ebs n\u00eb k\u00ebrkes\u00ebn drejtuar Gjykat\u00ebs Kushtetuese se [&hellip;]<\/p>\n","protected":false,"gt_translate_keys":[{"key":"rendered","format":"html"}]},"author":51,"featured_media":774356,"comment_status":"closed","ping_status":"open","sticky":false,"template":"","format":"standard","meta":{"footnotes":""},"categories":[65],"tags":[],"class_list":["post-774355","post","type-post","status-publish","format-standard","has-post-thumbnail","hentry","category-lajme"],"gt_translate_keys":[{"key":"link","format":"url"}],"_links":{"self":[{"href":"https:\/\/www.hashtag.al\/index.php\/wp-json\/wp\/v2\/posts\/774355","targetHints":{"allow":["GET"]}}],"collection":[{"href":"https:\/\/www.hashtag.al\/index.php\/wp-json\/wp\/v2\/posts"}],"about":[{"href":"https:\/\/www.hashtag.al\/index.php\/wp-json\/wp\/v2\/types\/post"}],"author":[{"embeddable":true,"href":"https:\/\/www.hashtag.al\/index.php\/wp-json\/wp\/v2\/users\/51"}],"replies":[{"embeddable":true,"href":"https:\/\/www.hashtag.al\/index.php\/wp-json\/wp\/v2\/comments?post=774355"}],"version-history":[{"count":99999,"href":"https:\/\/www.hashtag.al\/index.php\/wp-json\/wp\/v2\/posts\/774355\/revisions"}],"predecessor-version":[{"id":774357,"href":"https:\/\/www.hashtag.al\/index.php\/wp-json\/wp\/v2\/posts\/774355\/revisions\/774357"}],"wp:featuredmedia":[{"embeddable":true,"href":"https:\/\/www.hashtag.al\/index.php\/wp-json\/wp\/v2\/media\/774356"}],"wp:attachment":[{"href":"https:\/\/www.hashtag.al\/index.php\/wp-json\/wp\/v2\/media?parent=774355"}],"wp:term":[{"taxonomy":"category","embeddable":true,"href":"https:\/\/www.hashtag.al\/index.php\/wp-json\/wp\/v2\/categories?post=774355"},{"taxonomy":"post_tag","embeddable":true,"href":"https:\/\/www.hashtag.al\/index.php\/wp-json\/wp\/v2\/tags?post=774355"}],"curies":[{"name":"wp","href":"https:\/\/api.w.org\/{rel}","templated":true}]}}