{"id":774039,"date":"2025-11-29T13:13:37","date_gmt":"2025-11-29T12:13:37","guid":{"rendered":"https:\/\/www.hashtag.al\/?p=774039"},"modified":"2025-11-29T13:13:37","modified_gmt":"2025-11-29T12:13:37","slug":"afera-e-llogarase-berisha-rama-dergoi-ballukun-ne-kushtetuese-sepse-eshte-bashkeautor","status":"publish","type":"post","link":"https:\/\/www.hashtag.al\/index.php\/2025\/11\/29\/afera-e-llogarase-berisha-rama-dergoi-ballukun-ne-kushtetuese-sepse-eshte-bashkeautor\/","title":{"rendered":"Afera e Llogaras\u00eb, Berisha: Rama d\u00ebrgoi Ballukun n\u00eb Kushtetuese sepse \u00ebsht\u00eb bashk\u00ebautor","gt_translate_keys":[{"key":"rendered","format":"text"}]},"content":{"rendered":"<p><span style=\"color: #000000;\"><img loading=\"lazy\" decoding=\"async\" class=\"alignnone size-medium wp-image-774040\" src=\"https:\/\/www.hashtag.al\/wp-content\/uploads\/2025\/11\/Screenshot-2025-11-29-035840-300x153.png\" alt=\"\" width=\"300\" height=\"153\" srcset=\"https:\/\/www.hashtag.al\/wp-content\/uploads\/2025\/11\/Screenshot-2025-11-29-035840-300x153.png 300w, https:\/\/www.hashtag.al\/wp-content\/uploads\/2025\/11\/Screenshot-2025-11-29-035840-700x357.png 700w, https:\/\/www.hashtag.al\/wp-content\/uploads\/2025\/11\/Screenshot-2025-11-29-035840-568x290.png 568w, https:\/\/www.hashtag.al\/wp-content\/uploads\/2025\/11\/Screenshot-2025-11-29-035840.png 702w\" sizes=\"auto, (max-width: 300px) 100vw, 300px\" \/><\/span><\/p>\n<p><span style=\"color: #000000;\">Kreu i Partis\u00eb Demokratike, Sali Berisha, gjat\u00eb nj\u00eb bashk\u00ebbisedimi online me qytetar\u00ebt, ka deklaruar se skandali i tunelit t\u00eb Llogaras\u00eb ka marr\u00eb p\u00ebrmasa t\u00eb jasht\u00ebzakonshme dhe se kryeministri Edi Rama \u00ebsht\u00eb i p\u00ebrfshir\u00eb drejtp\u00ebrdrejt n\u00eb k\u00ebt\u00eb afer\u00eb.<\/span><\/p>\n<p><span style=\"color: #000000;\">Ai u shpreh se arsyeja pse Rama nuk shkarkoi ministren e Infrastruktur\u00ebs dhe Energjis\u00eb, Belinda Balluku, nuk lidhet me asnj\u00eb lloj mb\u00ebshtetjeje personale, por me faktin se ai vet\u00eb \u00ebsht\u00eb bashk\u00ebautor i afer\u00ebs.<\/span><\/p>\n<p><span style=\"color: #000000;\">Berisha e quajti situat\u00ebn \u201ct\u00eb paprecedent\u00eb n\u00eb Europ\u00eb\u201d, duke theksuar se p\u00ebr her\u00eb t\u00eb par\u00eb nj\u00eb kryeminist\u00ebr padit nj\u00eb gjykat\u00eb p\u00ebr pezullimin e nj\u00eb zyrtareje t\u00eb lart\u00eb.<\/span><\/p>\n<p><span style=\"color: #000000;\">\u201c<em>Superskandali Rama\u2013Balluku ka marr\u00eb p\u00ebrmasa t\u00eb papara. P\u00ebr her\u00eb t\u00eb par\u00eb n\u00eb historin\u00eb e vendeve t\u00eb lira, nj\u00eb kryeminist\u00ebr padit gjykat\u00ebn q\u00eb pezulloi zv\/kryeministren hajdute.<\/em>\u201d<\/span><\/p>\n<p><span style=\"color: #000000;\">Ai akuzoi Ram\u00ebn se ka nd\u00ebrhyr\u00eb personalisht n\u00eb proces, duke pretenduar se d\u00ebrgimi i Ballukut n\u00eb Ankara p\u00ebr t\u00eb negociuar me kompani turke \u00ebsht\u00eb prov\u00eb e p\u00ebrfshirjes s\u00eb tij n\u00eb nj\u00eb marr\u00ebveshje q\u00eb, sipas Berish\u00ebs, i ka kushtuar shqiptar\u00ebve 50 milion\u00eb euro m\u00eb shum\u00eb sesa oferta m\u00eb e ul\u00ebt.<\/span><\/p>\n<p><span style=\"color: #000000;\">\u201c<em>Edi Rama nuk shkoi n\u00eb Gjykat\u00eb Kushtetuese p\u00ebr sentiment ndaj Ballukut, por sepse \u00ebsht\u00eb bashk\u00ebautor n\u00eb k\u00ebto vjedhje t\u00eb m\u00ebdha.<\/em>\u201d<\/span><\/p>\n<p><span style=\"color: #000000;\">Gjat\u00eb fjal\u00ebs s\u00eb tij, Berisha shtoi se skandali n\u00eb fjal\u00eb konfirmon \u201cshk\u00ebrrmoqjen e regjimit t\u00eb narkoshtetit\u201d, duke p\u00ebrmendur edhe reagime nd\u00ebrkomb\u00ebtare q\u00eb sipas tij flasin p\u00ebr lidhjet e Shqip\u00ebris\u00eb me kartelet e drog\u00ebs.<\/span><\/p>\n<p><span style=\"color: #000000;\">Ai theksoi se raporti p\u00ebrfundimtar i OSBE-ODIHR dhe rezoluta e miratuar n\u00eb Sao Paolo nga CDI p\u00ebrb\u00ebjn\u00eb mb\u00ebshtetje p\u00ebr opozit\u00ebn n\u00eb betej\u00ebn kund\u00ebr qeveris\u00eb.<\/span><\/p>\n<p><span style=\"color: #000000;\">Berisha n\u00ebnvizoi se PD ka nisur analiz\u00ebn pas publikimit t\u00eb raportit t\u00eb ODIHR, nd\u00ebrsa theksoi se vendi ndodhet n\u00eb nj\u00eb kriz\u00eb t\u00eb thell\u00eb t\u00eb shkaktuar, sipas tij, nga \u201ckalb\u00ebzimi i qeverisjes\u201d.<\/span><\/p>\n<p><span style=\"color: #000000;\"><em>\u201cE v\u00ebrteta se p\u00ebrpjekja jon\u00eb apo denoncimi yn\u00eb shkon n\u00eb sintoni dhe n\u00eb paralel me denoncimin e mediave m\u00eb serioze nd\u00ebrkomb\u00ebtare t\u00eb cilat nga viti 2017 dhe gjer sot n\u00eb dhjet\u00ebra e dhjet\u00ebra artikuj, dokumentar, analiza kan\u00eb shpallur Shqip\u00ebrin\u00eb narkoshtetin e par\u00eb dhe t\u00eb vet\u00ebm n\u00eb Europ\u00eb, mbasi Shqip\u00ebria sipas t\u00eb dh\u00ebnave t\u00eb OKB-s\u00eb \u00ebsht\u00eb eksportuesi num\u00ebr 1 n\u00eb Europ\u00eb dhe Shqip\u00ebria sot, klanet shqiptare t\u00eb drog\u00ebs t\u00eb lidhura me kartelet narkoterroriste t\u00eb Amerik\u00ebs Latine kontrollojn\u00eb gjer\u00ebsisht tregun Europian t\u00eb kokain\u00ebs dhe p\u00ebrcaktojn\u00eb \u00e7mimet e saj.<\/em><\/span><\/p>\n<p><span style=\"color: #000000;\"><em>N\u00eb rast se ju d\u00ebgjuat apo lexuat p\u00ebrsh\u00ebndetjet sekretari i Shtetit Rubio dhe vet\u00eb presidenti i SHBA-s\u00eb, Donald Trump, d\u00ebrguar dje me rastin e fest\u00ebs s\u00eb pavar\u00ebsis\u00eb konstatonin se n\u00eb mesazhet e tyre, problem madhor shtrohet lufta kund\u00ebr organizatave kriminale, karteleve t\u00eb drog\u00ebs dhe bashk\u00ebpun\u00ebtor\u00ebve t\u00eb tyre, t\u00eb cil\u00ebt n\u00eb Shqip\u00ebri jan\u00eb duke filluar nga kreu i qeveris\u00eb dhe vazhdim m\u00eb posht\u00eb.<\/em><\/span><\/p>\n<p><span style=\"color: #000000;\"><em>Po n\u00eb k\u00ebt\u00eb asamble t\u00eb CDI, un\u00eb pata nderin t\u00eb zgjidhem zv\/president i k\u00ebsaj organizate gj\u00eb q\u00eb p\u00ebrb\u00ebn nj\u00eb vler\u00ebsim shum\u00eb t\u00eb madh p\u00ebr PD, opozit\u00ebn shqiptare. Nj\u00eb mb\u00ebshtetje p\u00ebr opozit\u00ebn shqiptare n\u00eb betej\u00ebn kund\u00ebr narkoshtetit.<\/em><\/span><\/p>\n<p><span style=\"color: #000000;\"><em>Por p\u00ebrve\u00e7 k\u00ebsaj, superskandali Rama-Balluku ka marr\u00eb p\u00ebrmasa t\u00eb papara.<\/em><\/span><\/p>\n<p><span style=\"color: #000000;\"><em>T\u00eb dashur miq. P\u00ebr her\u00eb t\u00eb par\u00eb n\u00eb historin\u00eb e Europ\u00ebs, p\u00ebr her\u00eb t\u00eb par\u00eb n\u00eb historin\u00eb e vendeve t\u00eb lira, nj\u00eb kryeminist\u00ebr padit gjykat\u00ebn q\u00eb pezulloi nga detyra zv\/kryeministren hajdute, e padit n\u00eb Gjykat\u00eb Kushtetuese.<\/em><\/span><\/p>\n<p><span style=\"color: #000000;\"><em>Nuk ka ndodhur kurr\u00eb.<\/em><\/span><\/p>\n<p><span style=\"color: #000000;\"><em>Edi Rama u tha shqiptar\u00ebve se pezullimi nuk ka ndodhur ndonj\u00ebher\u00eb n\u00eb Europ\u00eb. E v\u00ebrteta \u00ebsht\u00eb se pezullimi nuk \u00ebsht\u00eb i shpesht\u00eb n\u00eb Europ\u00eb. Sepse n\u00eb Europ\u00eb sapo ngrihet nj\u00eb akuz\u00eb, i akuzuari jep dor\u00ebheqjen dhe pret sqarimin nga drejt\u00ebsia t\u00eb problemit.<\/em><\/span><\/p>\n<p><span style=\"color: #000000;\"><em>Kurse n\u00eb Shqip\u00ebri jo vet\u00ebm q\u00eb nuk jep dor\u00ebheqjen, por merr mb\u00ebshtetjen e kryeministrit p\u00ebr t\u00eb paditur n\u00eb Gjykat\u00eb Kushtetuese. Pra n\u00eb Gjykat\u00eb Kushtetuese nuk shkoi Belinda Balluku e pezulluara, por n\u00eb Gjykat\u00eb Kushtetuese shkoi Edi Rama, por n\u00eb m\u00ebnyr\u00eb absolute jo tashm\u00eb p\u00ebr vler\u00ebsimet apo sentimentet q\u00eb ka ndaj Ballukut, por fund e krye p\u00ebr shkak t\u00eb problemit madhor t\u00eb vet sepse ai \u00ebsht\u00eb bashk\u00ebautor n\u00eb k\u00ebto vjedhje t\u00eb m\u00ebdha.<\/em><\/span><\/p>\n<p><span style=\"color: #000000;\"><em>\u00cbsht\u00eb ai q\u00eb d\u00ebrgoi Ballukun n\u00eb Ankara dhe takoi kompanit\u00eb turke t\u00eb cilat mor\u00ebn 50 mln euro m\u00eb shum\u00eb p\u00ebr tunelin e Llogaras\u00eb sesa kompani de fakto nd\u00ebrtoi tunelin, q\u00eb paraqiti nj\u00eb ofert\u00eb 50 mln m\u00eb t\u00eb lir\u00eb.<\/em><\/span><\/p>\n<p><span style=\"color: #000000;\"><em>Pra kemi nj\u00eb kalb\u00ebzim, kemi nj\u00eb shk\u00ebrrmoqe, kemi nj\u00eb rrokullisje t\u00eb pashpres\u00eb t\u00eb regjimit t\u00eb narkoshtetit.<\/em><\/span><\/p>\n<p><span style=\"color: #000000;\"><em>Nd\u00ebrkoh\u00eb PD ka nisur analiz\u00ebn e saj pas k\u00ebtyre proceseve q\u00eb ndodh\u00ebn, pas publikimit t\u00eb raportit p\u00ebrfundimtar t\u00eb OSBE-ODIHR dhe rezolut\u00ebs s\u00eb miratuar n\u00eb Sao Paolo t\u00eb Brazilit nga CDI. \u201d, <\/em>tha ai.<\/span><\/p>\n<p>&nbsp;<\/p>\n","protected":false,"gt_translate_keys":[{"key":"rendered","format":"html"}]},"excerpt":{"rendered":"<p>Kreu i Partis\u00eb Demokratike, Sali Berisha, gjat\u00eb nj\u00eb bashk\u00ebbisedimi online me qytetar\u00ebt, ka deklaruar se skandali i tunelit t\u00eb Llogaras\u00eb ka marr\u00eb p\u00ebrmasa t\u00eb jasht\u00ebzakonshme dhe se kryeministri Edi Rama \u00ebsht\u00eb i p\u00ebrfshir\u00eb drejtp\u00ebrdrejt n\u00eb k\u00ebt\u00eb afer\u00eb. Ai u shpreh se arsyeja pse Rama nuk shkarkoi ministren e Infrastruktur\u00ebs dhe Energjis\u00eb, Belinda Balluku, nuk lidhet [&hellip;]<\/p>\n","protected":false,"gt_translate_keys":[{"key":"rendered","format":"html"}]},"author":32,"featured_media":774040,"comment_status":"closed","ping_status":"open","sticky":false,"template":"","format":"standard","meta":{"footnotes":""},"categories":[65],"tags":[],"class_list":["post-774039","post","type-post","status-publish","format-standard","has-post-thumbnail","hentry","category-lajme"],"gt_translate_keys":[{"key":"link","format":"url"}],"_links":{"self":[{"href":"https:\/\/www.hashtag.al\/index.php\/wp-json\/wp\/v2\/posts\/774039","targetHints":{"allow":["GET"]}}],"collection":[{"href":"https:\/\/www.hashtag.al\/index.php\/wp-json\/wp\/v2\/posts"}],"about":[{"href":"https:\/\/www.hashtag.al\/index.php\/wp-json\/wp\/v2\/types\/post"}],"author":[{"embeddable":true,"href":"https:\/\/www.hashtag.al\/index.php\/wp-json\/wp\/v2\/users\/32"}],"replies":[{"embeddable":true,"href":"https:\/\/www.hashtag.al\/index.php\/wp-json\/wp\/v2\/comments?post=774039"}],"version-history":[{"count":99999,"href":"https:\/\/www.hashtag.al\/index.php\/wp-json\/wp\/v2\/posts\/774039\/revisions"}],"predecessor-version":[{"id":774041,"href":"https:\/\/www.hashtag.al\/index.php\/wp-json\/wp\/v2\/posts\/774039\/revisions\/774041"}],"wp:featuredmedia":[{"embeddable":true,"href":"https:\/\/www.hashtag.al\/index.php\/wp-json\/wp\/v2\/media\/774040"}],"wp:attachment":[{"href":"https:\/\/www.hashtag.al\/index.php\/wp-json\/wp\/v2\/media?parent=774039"}],"wp:term":[{"taxonomy":"category","embeddable":true,"href":"https:\/\/www.hashtag.al\/index.php\/wp-json\/wp\/v2\/categories?post=774039"},{"taxonomy":"post_tag","embeddable":true,"href":"https:\/\/www.hashtag.al\/index.php\/wp-json\/wp\/v2\/tags?post=774039"}],"curies":[{"name":"wp","href":"https:\/\/api.w.org\/{rel}","templated":true}]}}