{"id":773806,"date":"2025-11-27T23:53:33","date_gmt":"2025-11-27T22:53:33","guid":{"rendered":"https:\/\/www.hashtag.al\/?p=773806"},"modified":"2025-11-27T23:53:33","modified_gmt":"2025-11-27T22:53:33","slug":"franca-nis-sherbimin-e-ri-ushtarak-vullnetar-per-te-rinjte-ne-vitin-2026","status":"publish","type":"post","link":"https:\/\/www.hashtag.al\/index.php\/2025\/11\/27\/franca-nis-sherbimin-e-ri-ushtarak-vullnetar-per-te-rinjte-ne-vitin-2026\/","title":{"rendered":"Franca nis sh\u00ebrbimin e ri ushtarak vullnetar p\u00ebr t\u00eb rinjt\u00eb n\u00eb vitin 2026","gt_translate_keys":[{"key":"rendered","format":"text"}]},"content":{"rendered":"<p data-start=\"145\" data-end=\"360\"><span style=\"color: #000000;\"><img loading=\"lazy\" decoding=\"async\" class=\"aligncenter wp-image-761949 size-full\" src=\"https:\/\/www.hashtag.al\/wp-content\/uploads\/2025\/09\/macron-1.jpg\" alt=\"\" width=\"768\" height=\"432\" srcset=\"https:\/\/www.hashtag.al\/wp-content\/uploads\/2025\/09\/macron-1.jpg 768w, https:\/\/www.hashtag.al\/wp-content\/uploads\/2025\/09\/macron-1-300x169.jpg 300w\" sizes=\"auto, (max-width: 768px) 100vw, 768px\" \/><br \/>\nFranca do t\u00eb nis\u00eb nj\u00eb program t\u00eb ri sh\u00ebrbimi ushtarak vullnetar p\u00ebr 18 dhe 19-vje\u00e7ar\u00ebt duke filluar nga vera e vitit 2026, njoftoi Presidenti Emmanuel Macron t\u00eb enjten gjat\u00eb nj\u00eb fjalimi n\u00eb Varces, n\u00eb Alpet franceze, p\u00ebrcjell <span style=\"color: #0000ff;\"><a style=\"color: #0000ff;\" href=\"https:\/\/www.euronews.com\/2025\/11\/27\/macron-announces-new-french-voluntary-military-service-to-start-next-summer\">Euronews<\/a><\/span>.<\/span><\/p>\n<p data-start=\"362\" data-end=\"674\"><span style=\"color: #000000;\">Programi do t\u00eb p\u00ebrzgjedh\u00eb t\u00eb rinjt\u00eb gjat\u00eb nj\u00eb \u201cdite mobilizimi\u201d, bazuar n\u00eb motivimin e tyre dhe nevojat e forcave t\u00eb armatosura. Sh\u00ebrbimi do t\u00eb zgjas\u00eb 10 muaj: nj\u00eb muaj trajnim baz\u00eb ushtarak dhe p\u00ebrdorimi i arm\u00ebve, i ndjekur nga n\u00ebnt\u00eb muaj sh\u00ebrbim n\u00eb nj\u00eb nj\u00ebsi ushtarake t\u00eb dislokuar vet\u00ebm n\u00eb territorin francez.<\/span><\/p>\n<p data-start=\"676\" data-end=\"843\"><span style=\"color: #000000;\">Vullnetar\u00ebt do t\u00eb paguhen dhe do t\u00eb marrin pjes\u00eb n\u00eb t\u00eb gjitha misionet, p\u00ebrfshir\u00eb Operacionin <em data-start=\"770\" data-end=\"782\">Sentinelle<\/em>, q\u00eb prej vitit 2015 garanton sigurin\u00eb e brendshme n\u00eb Franc\u00eb.<\/span><\/p>\n<p data-start=\"845\" data-end=\"1197\"><span style=\"color: #000000;\">Macron tha se programi synon t\u00eb p\u00ebrfshij\u00eb 3,000 t\u00eb rinj n\u00eb vitin 2026, 10,000 deri n\u00eb vitin 2030 dhe rreth 50,000 deri n\u00eb vitin 2035. Ai p\u00ebrjashtoi rikthimin e sh\u00ebrbimit t\u00eb detyruesh\u00ebm ushtarak, i cili u pezullua n\u00eb vitin 1996 dhe p\u00ebrfundoi n\u00eb 2001, duke theksuar se nj\u00eb model i till\u00eb do t\u00eb k\u00ebrkonte rekrutimin e 600 deri n\u00eb 800 mij\u00eb t\u00eb rinjve \u00e7do vit.<\/span><\/p>\n<p data-start=\"1199\" data-end=\"1428\"><span style=\"color: #000000;\">\u201cNa duhet mobilizim,\u201d deklaroi Macron, duke shtuar se Franca duhet t\u00eb jet\u00eb \u201cgati dhe e respektuar\u201d, pa p\u00ebrmendur ndonj\u00eb armik specifik. Ai e p\u00ebrshkroi nism\u00ebn si nj\u00eb p\u00ebrgjigje ndaj \u201cp\u00ebrshpejtimit t\u00eb krizave\u201d q\u00eb po p\u00ebrballon vendi.<\/span><\/p>\n<p data-start=\"1430\" data-end=\"1598\"><span style=\"color: #000000;\">Ky njoftim i jep fund praktikisht programit t\u00eb Sh\u00ebrbimit Komb\u00ebtar Universal, nj\u00eb skem\u00eb e angazhimit qytetar q\u00eb Macron e kishte mb\u00ebshtetur m\u00eb her\u00ebt p\u00ebr gjith\u00eb t\u00eb rinjt\u00eb.<\/span><\/p>\n<p data-start=\"1600\" data-end=\"1925\"><span style=\"color: #000000;\">Dit\u00ebt e fundit, debati publik u tensionua pasi Shefi i Shtabit t\u00eb Mbrojtjes, Gjeneral Fabien Mandon, paralajm\u00ebroi se Franca duhet t\u00eb p\u00ebrgatitet \u201ct\u00eb pranoj\u00eb humbjen e f\u00ebmij\u00ebve t\u00eb saj\u201d n\u00eb rast p\u00ebrshkall\u00ebzimi t\u00eb k\u00ebrc\u00ebnimeve nga Rusia. Macron sqaroi t\u00eb mart\u00ebn se programi i ri \u201cnuk ka t\u00eb b\u00ebj\u00eb me d\u00ebrgimin e t\u00eb rinjve n\u00eb Ukrain\u00eb\u201d.<\/span><\/p>\n<p data-start=\"1927\" data-end=\"2043\"><span style=\"color: #000000;\">Programi nis n\u00eb nj\u00eb periudh\u00eb kur Franca po p\u00ebrballet me kufizime t\u00eb forta buxhetore dhe synon t\u00eb ul\u00eb borxhin publik.<\/span><\/p>\n<p data-start=\"2045\" data-end=\"2269\"><span style=\"color: #000000;\">Aktualisht, dymb\u00ebdhjet\u00eb vende europiane kan\u00eb sh\u00ebrbim t\u00eb detyruesh\u00ebm ushtarak. Norvegjia, t\u00eb cil\u00ebn Macron e p\u00ebrmendi si model, p\u00ebrzgjedh rreth 15% t\u00eb \u00e7do brezi p\u00ebr nj\u00eb sh\u00ebrbim 12-mujor bazuar n\u00eb aft\u00ebsit\u00eb dhe motivimin e tyre.<\/span><\/p>\n","protected":false,"gt_translate_keys":[{"key":"rendered","format":"html"}]},"excerpt":{"rendered":"<p>Franca do t\u00eb nis\u00eb nj\u00eb program t\u00eb ri sh\u00ebrbimi ushtarak vullnetar p\u00ebr 18 dhe 19-vje\u00e7ar\u00ebt duke filluar nga vera e vitit 2026, njoftoi Presidenti Emmanuel Macron t\u00eb enjten gjat\u00eb nj\u00eb fjalimi n\u00eb Varces, n\u00eb Alpet franceze, p\u00ebrcjell Euronews. Programi do t\u00eb p\u00ebrzgjedh\u00eb t\u00eb rinjt\u00eb gjat\u00eb nj\u00eb \u201cdite mobilizimi\u201d, bazuar n\u00eb motivimin e tyre dhe nevojat [&hellip;]<\/p>\n","protected":false,"gt_translate_keys":[{"key":"rendered","format":"html"}]},"author":32,"featured_media":761949,"comment_status":"closed","ping_status":"open","sticky":false,"template":"","format":"standard","meta":{"footnotes":""},"categories":[6],"tags":[],"class_list":["post-773806","post","type-post","status-publish","format-standard","has-post-thumbnail","hentry","category-nderkombetare"],"gt_translate_keys":[{"key":"link","format":"url"}],"_links":{"self":[{"href":"https:\/\/www.hashtag.al\/index.php\/wp-json\/wp\/v2\/posts\/773806","targetHints":{"allow":["GET"]}}],"collection":[{"href":"https:\/\/www.hashtag.al\/index.php\/wp-json\/wp\/v2\/posts"}],"about":[{"href":"https:\/\/www.hashtag.al\/index.php\/wp-json\/wp\/v2\/types\/post"}],"author":[{"embeddable":true,"href":"https:\/\/www.hashtag.al\/index.php\/wp-json\/wp\/v2\/users\/32"}],"replies":[{"embeddable":true,"href":"https:\/\/www.hashtag.al\/index.php\/wp-json\/wp\/v2\/comments?post=773806"}],"version-history":[{"count":99999,"href":"https:\/\/www.hashtag.al\/index.php\/wp-json\/wp\/v2\/posts\/773806\/revisions"}],"predecessor-version":[{"id":773807,"href":"https:\/\/www.hashtag.al\/index.php\/wp-json\/wp\/v2\/posts\/773806\/revisions\/773807"}],"wp:featuredmedia":[{"embeddable":true,"href":"https:\/\/www.hashtag.al\/index.php\/wp-json\/wp\/v2\/media\/761949"}],"wp:attachment":[{"href":"https:\/\/www.hashtag.al\/index.php\/wp-json\/wp\/v2\/media?parent=773806"}],"wp:term":[{"taxonomy":"category","embeddable":true,"href":"https:\/\/www.hashtag.al\/index.php\/wp-json\/wp\/v2\/categories?post=773806"},{"taxonomy":"post_tag","embeddable":true,"href":"https:\/\/www.hashtag.al\/index.php\/wp-json\/wp\/v2\/tags?post=773806"}],"curies":[{"name":"wp","href":"https:\/\/api.w.org\/{rel}","templated":true}]}}