{"id":773707,"date":"2025-11-27T14:27:39","date_gmt":"2025-11-27T13:27:39","guid":{"rendered":"https:\/\/www.hashtag.al\/?p=773707"},"modified":"2025-11-27T14:27:39","modified_gmt":"2025-11-27T13:27:39","slug":"i-pandehur-per-shkelje-te-barazise-ne-tendera-erion-isai-paraqitet-ne-spak","status":"publish","type":"post","link":"https:\/\/www.hashtag.al\/index.php\/2025\/11\/27\/i-pandehur-per-shkelje-te-barazise-ne-tendera-erion-isai-paraqitet-ne-spak\/","title":{"rendered":"I pandehur p\u00ebr shkelje t\u00eb barazis\u00eb n\u00eb tendera, Erion Isai paraqitet n\u00eb SPAK","gt_translate_keys":[{"key":"rendered","format":"text"}]},"content":{"rendered":"<p><span style=\"color: #000000;\"><img loading=\"lazy\" decoding=\"async\" class=\"alignnone size-medium wp-image-773708\" src=\"https:\/\/www.hashtag.al\/wp-content\/uploads\/2025\/11\/32-300x176.png\" alt=\"\" width=\"300\" height=\"176\" srcset=\"https:\/\/www.hashtag.al\/wp-content\/uploads\/2025\/11\/32-300x176.png 300w, https:\/\/www.hashtag.al\/wp-content\/uploads\/2025\/11\/32.png 717w\" sizes=\"auto, (max-width: 300px) 100vw, 300px\" \/><\/span><\/p>\n<p><span style=\"color: #000000;\">Kryetari i Bashkis\u00eb s\u00eb Kolonj\u00ebs, Erion Isai \u00ebsht\u00eb paraqitur pak momente m\u00eb par\u00eb n\u00eb ambientet e Prokuroris\u00eb s\u00eb Posa\u00e7me, SPAK.<\/span><\/p>\n<p><span style=\"color: #000000;\">Isai \u00ebsht\u00eb paraqitur edhe m\u00eb par\u00eb n\u00eb ambientet e SPAK,\u00a0 nd\u00ebrsa \u00ebsht\u00eb marr\u00eb i pandehur per akuz\u00ebn e shkeljes s\u00eb barazis\u00eb n\u00eb tendera dhe ankande publike.<\/span><\/p>\n<p><span style=\"color: #000000;\">Ai akuzohet konkretisht p\u00ebr \u201cShkelje t\u00eb parimeve t\u00eb barazis\u00eb s\u00eb pjes\u00ebmarr\u00ebsve n\u00eb tendera ose ankande publike\u201d.<\/span><\/p>\n","protected":false,"gt_translate_keys":[{"key":"rendered","format":"html"}]},"excerpt":{"rendered":"<p>Kryetari i Bashkis\u00eb s\u00eb Kolonj\u00ebs, Erion Isai \u00ebsht\u00eb paraqitur pak momente m\u00eb par\u00eb n\u00eb ambientet e Prokuroris\u00eb s\u00eb Posa\u00e7me, SPAK. Isai \u00ebsht\u00eb paraqitur edhe m\u00eb par\u00eb n\u00eb ambientet e SPAK,\u00a0 nd\u00ebrsa \u00ebsht\u00eb marr\u00eb i pandehur per akuz\u00ebn e shkeljes s\u00eb barazis\u00eb n\u00eb tendera dhe ankande publike. Ai akuzohet konkretisht p\u00ebr \u201cShkelje t\u00eb parimeve t\u00eb barazis\u00eb [&hellip;]<\/p>\n","protected":false,"gt_translate_keys":[{"key":"rendered","format":"html"}]},"author":32,"featured_media":773708,"comment_status":"closed","ping_status":"open","sticky":false,"template":"","format":"standard","meta":{"footnotes":""},"categories":[65],"tags":[],"class_list":["post-773707","post","type-post","status-publish","format-standard","has-post-thumbnail","hentry","category-lajme"],"gt_translate_keys":[{"key":"link","format":"url"}],"_links":{"self":[{"href":"https:\/\/www.hashtag.al\/index.php\/wp-json\/wp\/v2\/posts\/773707","targetHints":{"allow":["GET"]}}],"collection":[{"href":"https:\/\/www.hashtag.al\/index.php\/wp-json\/wp\/v2\/posts"}],"about":[{"href":"https:\/\/www.hashtag.al\/index.php\/wp-json\/wp\/v2\/types\/post"}],"author":[{"embeddable":true,"href":"https:\/\/www.hashtag.al\/index.php\/wp-json\/wp\/v2\/users\/32"}],"replies":[{"embeddable":true,"href":"https:\/\/www.hashtag.al\/index.php\/wp-json\/wp\/v2\/comments?post=773707"}],"version-history":[{"count":99999,"href":"https:\/\/www.hashtag.al\/index.php\/wp-json\/wp\/v2\/posts\/773707\/revisions"}],"predecessor-version":[{"id":773709,"href":"https:\/\/www.hashtag.al\/index.php\/wp-json\/wp\/v2\/posts\/773707\/revisions\/773709"}],"wp:featuredmedia":[{"embeddable":true,"href":"https:\/\/www.hashtag.al\/index.php\/wp-json\/wp\/v2\/media\/773708"}],"wp:attachment":[{"href":"https:\/\/www.hashtag.al\/index.php\/wp-json\/wp\/v2\/media?parent=773707"}],"wp:term":[{"taxonomy":"category","embeddable":true,"href":"https:\/\/www.hashtag.al\/index.php\/wp-json\/wp\/v2\/categories?post=773707"},{"taxonomy":"post_tag","embeddable":true,"href":"https:\/\/www.hashtag.al\/index.php\/wp-json\/wp\/v2\/tags?post=773707"}],"curies":[{"name":"wp","href":"https:\/\/api.w.org\/{rel}","templated":true}]}}