{"id":773633,"date":"2025-11-27T10:05:30","date_gmt":"2025-11-27T09:05:30","guid":{"rendered":"https:\/\/www.hashtag.al\/?p=773633"},"modified":"2025-11-27T10:05:30","modified_gmt":"2025-11-27T09:05:30","slug":"plani-per-klimen-qeveria-do-te-perfshije-ppp-te-dhe-obligacion-te-gjelber-per-te-gjetur-9-1-mld-usd","status":"publish","type":"post","link":"https:\/\/www.hashtag.al\/index.php\/2025\/11\/27\/plani-per-klimen-qeveria-do-te-perfshije-ppp-te-dhe-obligacion-te-gjelber-per-te-gjetur-9-1-mld-usd\/","title":{"rendered":"Plani p\u00ebr klim\u00ebn, qeveria do t\u00eb p\u00ebrfshij\u00eb PPP-t\u00eb dhe obligacion t\u00eb gjelb\u00ebr p\u00ebr t\u00eb gjetur 9.1 mld USD","gt_translate_keys":[{"key":"rendered","format":"text"}]},"content":{"rendered":"<p><span style=\"color: #000000;\"><img loading=\"lazy\" decoding=\"async\" class=\"aligncenter size-full wp-image-773634\" src=\"https:\/\/www.hashtag.al\/wp-content\/uploads\/2025\/11\/Green-Bonds-768x497-1.jpg\" alt=\"\" width=\"768\" height=\"497\" srcset=\"https:\/\/www.hashtag.al\/wp-content\/uploads\/2025\/11\/Green-Bonds-768x497-1.jpg 768w, https:\/\/www.hashtag.al\/wp-content\/uploads\/2025\/11\/Green-Bonds-768x497-1-300x194.jpg 300w\" sizes=\"auto, (max-width: 768px) 100vw, 768px\" \/><\/span><\/p>\n<p><span style=\"color: #000000;\">Plani i ri p\u00ebr p\u00ebrshtatjen ndaj ndryshimeve klimatike 2026-2030 parashikon disa dhjet\u00ebra masa dhe politika q\u00eb duhet t\u00eb nd\u00ebrmerren t\u00eb cilat kan\u00eb nj\u00eb kosto 9.8 miliard\u00eb dollar\u00eb.<\/span><\/p>\n<p><span style=\"color: #000000;\">E nga parashikimi i tyre deri n\u00eb zbatim \u00ebsht\u00eb n\u00eb mes nj\u00eb hendek i madh financiar q\u00eb n\u00eb 93 p\u00ebr qind t\u00eb k\u00ebsaj vlere pasi p\u00ebr 2025-2027 vet\u00ebm 7 p\u00ebr qind e fondeve t\u00eb nevojshme \u00ebsht\u00eb angazhuar p\u00ebrmes Programit Buxhetor Afatmes\u00ebm, pra i duhen dhe rreth 9.1 miliard\u00eb dollar\u00eb.<\/span><\/p>\n<p><span style=\"color: #000000;\">P\u00ebr t\u00eb plot\u00ebsuar k\u00ebt\u00eb, plani i nxjerr\u00eb tashm\u00eb p\u00ebr konsultim ka parashikuar nj\u00eb s\u00ebr\u00eb drejtimesh nga buxheti i shtetit tek sektori privat dhe zhvillimi i instrumenteve novatore.<\/span><\/p>\n<p><span style=\"color: #000000;\">\u201cMobilizimi efektiv i burimeve dhe financimi i prioriteteve t\u00eb p\u00ebrshtatjes t\u00eb Shqip\u00ebris\u00eb do t\u00eb k\u00ebrkoj\u00eb nj\u00eb strategji shum\u00ebplan\u00ebshe, q\u00eb kombinon mobilizimin e burimeve vendase, qasjen e p\u00ebrmir\u00ebsuar n\u00eb financimin nd\u00ebrkomb\u00ebtar p\u00ebr ndryshimet klimatike, angazhimin m\u00eb t\u00eb madh me sektorin privat dhe zhvillimin e instrumenteve financiare novatore, si dhe masat nd\u00ebrsektoriale q\u00eb rrisin kapacitetin p\u00ebrshtat\u00ebs t\u00eb vendit\u201d \u2013 thuhet n\u00eb dokument.<\/span><\/p>\n<p><span style=\"color: #000000;\"><strong>Qeveria do t\u00eb angazhoj\u00eb PPP<\/strong><\/span><\/p>\n<p><span style=\"color: #000000;\">Q\u00eb t\u00eb v\u00ebr\u00eb n\u00eb jet\u00eb k\u00ebt\u00eb plan qeveria fillimisht synon q\u00eb t\u00eb mobilizoj\u00eb burimet vendase dhe k\u00ebtu n\u00eb rend t\u00eb par\u00eb \u00ebsht\u00eb buxheti i shtetit. Lidhur me k\u00ebt\u00eb t\u00eb fundit pritet q\u00eb t\u00eb ket\u00eb nj\u00eb qasje m\u00eb t\u00eb detajuar t\u00eb z\u00ebrave dhe parashikimeve nga ana e ministrive. Po k\u00ebshtu parashikohet nj\u00eb p\u00ebrshtatje e instrumenteve fiskale me objektivat klimatik\u00eb si dhe krijimi i nj\u00eb fondi komb\u00ebtar p\u00ebr Klim\u00ebn.<\/span><\/p>\n<p><span style=\"color: #000000;\">Nj\u00eb tjet\u00ebr burim \u00ebsht\u00eb ai i financimit nd\u00ebrkomb\u00ebtar ku qeveria synon t\u00eb forcoj\u00eb partneritetet me fonde m\u00eb t\u00eb m\u00ebdha nd\u00ebrkomb\u00ebtar\u00eb t\u00eb dedikuara p\u00ebr klim\u00ebn.<\/span><\/p>\n<p><span style=\"color: #000000;\">S\u00eb treti \u00ebsht\u00eb mobilizimi i kapitalit privat. K\u00ebtu del n\u00eb pah edhe p\u00ebrfshirja e Partneriteteve Publike Private q\u00eb sipas dokumentit jan\u00eb t\u00eb n\u00ebn shfryt\u00ebzuara sa i takon k\u00ebsaj fushe.<\/span><\/p>\n<p><span style=\"color: #000000;\">\u201cP\u00ebr t\u2019iu p\u00ebrgjigjur k\u00ebtyre sfidave, Shqip\u00ebria po piloton modele t\u00eb p\u00ebrziera financimi, si Fondi Adriatik p\u00ebr Aft\u00ebsit\u00eb Rip\u00ebrt\u00ebrit\u00ebse, i cili kombinon grantet e FGJK-s\u00eb, huat e BEI-s\u00eb dhe kapitalin privat p\u00ebr t\u00eb financuar projekte t\u00eb ekoturizmit dhe agropylltaris\u00eb, duke arritur nj\u00eb raport 1:3 t\u00eb p\u00ebrdorimit publik-privat. Shkall\u00ebzimi i k\u00ebsaj qasjeje do t\u00eb k\u00ebrkoj\u00eb mjete m\u00eb t\u00eb forta p\u00ebr zbutjen e riskut, financim koncesionar dhe qart\u00ebsi rregullatore.<\/span><\/p>\n<p><span style=\"color: #000000;\">Qeveria planifikon t\u00eb zgjeroj\u00eb mekanizmat e financimit t\u00eb p\u00ebrzier dhe t\u00eb PPP-ve, t\u00eb l\u00ebshoj\u00eb obligacione t\u00eb gjelbra dhe me aft\u00ebsi rip\u00ebrt\u00ebrit\u00ebse, t\u00eb krijoj\u00eb instrumente sigurimesh dhe risku nga katastrofat, si dhe t\u00eb prezantoj\u00eb incentiva si zbritje tatimore dhe linja huaje koncesionare.<\/span><\/p>\n<p><span style=\"color: #000000;\">Mobilizimi i financave private do t\u00eb jet\u00eb thelb\u00ebsor p\u00ebr shkall\u00ebzimin e investimeve n\u00eb p\u00ebrshtatje dhe p\u00ebrmir\u00ebsimin e aft\u00ebsive rip\u00ebrt\u00ebrit\u00ebse afatgjata ndaj klim\u00ebs, p\u00ebr t\u00eb cilat fushat kryesore t\u00eb fokusit duhet t\u00eb p\u00ebrfshijn\u00eb veprimet e m\u00ebposhtme:<\/span><\/p>\n<p><span style=\"color: #000000;\">\u2022 T\u00eb zgjerohet p\u00ebrdorimi i Partneriteteve Publike-Private135 (PPP).<\/span><\/p>\n<p><span style=\"color: #000000;\">\u2022 T\u00eb prezantohen obligacionet t\u00eb gjelbra dhe klimatike136 .<\/span><\/p>\n<p><span style=\"color: #000000;\">\u2022 T\u00eb pilotohen instrumentet e sigurimit137 .<\/span><\/p>\n<p><span style=\"color: #000000;\">\u2022 T\u00eb forcohet P\u00ebrgjegj\u00ebsia Sociale t\u00eb Korporatave\u201d, thuhet n\u00eb dokument.<\/span><\/p>\n<p><span style=\"color: #000000;\"><strong>Gati obligacioni i par\u00eb i gjelb\u00ebr<\/strong><\/span><\/p>\n<p><span style=\"color: #000000;\">Nj\u00eb tjet\u00ebr aspekt tek i cili do t\u00eb mb\u00ebshtetet financimi i hendekut p\u00ebr zbatimin e planit t\u00eb klim\u00ebs \u00ebsht\u00eb ai i p\u00ebrfshirjes s\u00eb instrumenteve novatore. Nj\u00eb prej tyre duket se \u00ebsht\u00eb emetimi i obligacionit t\u00eb par\u00eb t\u00eb gjelb\u00ebr studimi i fizibilitetit i t\u00eb cilit do t\u00eb z\u00ebr\u00eb vend vitin e ardhsh\u00ebm.<\/span><\/p>\n<p><span style=\"color: #000000;\">\u201cNj\u00eb studim fizibiliteti p\u00ebr obligacionin e par\u00eb t\u00eb gjelb\u00ebr t\u00eb vendit \u00ebsht\u00eb planifikuar p\u00ebr vitin 2026, duke u bazuar n\u00eb p\u00ebrvojat rajonale nga Serbia dhe Maqedonia e Veriut.<\/span><\/p>\n<p><span style=\"color: #000000;\">N\u00eb bujq\u00ebsi dhe zgjidhje t\u00eb bazuara n\u00eb natyr\u00eb, projektet pilot t\u00eb financimit t\u00eb klim\u00ebs t\u00eb bazuara n\u00eb rezultate do t\u00eb lidhin disbursimet me rezultate t\u00eb matshme, t\u00eb tilla si restaurimi i ekosistemit ose rendimentet e p\u00ebrmir\u00ebsuara n\u00ebn stresin klimatik.<\/span><\/p>\n<p><span style=\"color: #000000;\">Shqip\u00ebria po angazhohet edhe n\u00eb krijimin e nj\u00eb strukture rajonale t\u00eb sigurimit t\u00eb riskut klimatik (SECRIF) p\u00ebr t\u00eb ofruar mbulim kund\u00ebr ngjarjeve ekstreme t\u00eb motit p\u00ebr qeverit\u00eb, bashkit\u00eb, fermer\u00ebt dhe NVM-t\u00eb.<\/span><\/p>\n<p><span style=\"color: #000000;\">K\u00ebto nisma synojn\u00eb t\u00eb diversifikojn\u00eb burimet e financimit, t\u00eb mobilizojn\u00eb investimet private dhe t\u00eb forcojn\u00eb menaxhimin e riskut klimatik. Suksesi i tyre do t\u00eb varet nga koordinimi i fort\u00eb institucional, mb\u00ebshtetja e vazhdueshme e donator\u00ebve dhe reformat rregullatore p\u00ebr t\u00eb t\u00ebrhequr kapital n\u00eb shkall\u00eb t\u00eb gjer\u00eb p\u00ebrmes mekanizmave si platformat e bashk\u00ebinvestimit dhe marr\u00ebveshjet e financimit t\u00eb p\u00ebrzier\u201d thuhet n\u00eb dokument. <a href=\"https:\/\/monitor.al\/plani-per-klimen-qeveria-do-perfshije-ppp-te-dhe-obligacion-te-gjelber-per-te-gjetur-9-1-mld-usd\/\"><span style=\"color: #0000ff;\"><strong>\/Monitor<\/strong><\/span><\/a><\/span><\/p>\n","protected":false,"gt_translate_keys":[{"key":"rendered","format":"html"}]},"excerpt":{"rendered":"<p>Plani i ri p\u00ebr p\u00ebrshtatjen ndaj ndryshimeve klimatike 2026-2030 parashikon disa dhjet\u00ebra masa dhe politika q\u00eb duhet t\u00eb nd\u00ebrmerren t\u00eb cilat kan\u00eb nj\u00eb kosto 9.8 miliard\u00eb dollar\u00eb. E nga parashikimi i tyre deri n\u00eb zbatim \u00ebsht\u00eb n\u00eb mes nj\u00eb hendek i madh financiar q\u00eb n\u00eb 93 p\u00ebr qind t\u00eb k\u00ebsaj vlere pasi p\u00ebr 2025-2027 vet\u00ebm [&hellip;]<\/p>\n","protected":false,"gt_translate_keys":[{"key":"rendered","format":"html"}]},"author":49,"featured_media":773634,"comment_status":"closed","ping_status":"open","sticky":false,"template":"","format":"standard","meta":{"footnotes":""},"categories":[65],"tags":[],"class_list":["post-773633","post","type-post","status-publish","format-standard","has-post-thumbnail","hentry","category-lajme"],"gt_translate_keys":[{"key":"link","format":"url"}],"_links":{"self":[{"href":"https:\/\/www.hashtag.al\/index.php\/wp-json\/wp\/v2\/posts\/773633","targetHints":{"allow":["GET"]}}],"collection":[{"href":"https:\/\/www.hashtag.al\/index.php\/wp-json\/wp\/v2\/posts"}],"about":[{"href":"https:\/\/www.hashtag.al\/index.php\/wp-json\/wp\/v2\/types\/post"}],"author":[{"embeddable":true,"href":"https:\/\/www.hashtag.al\/index.php\/wp-json\/wp\/v2\/users\/49"}],"replies":[{"embeddable":true,"href":"https:\/\/www.hashtag.al\/index.php\/wp-json\/wp\/v2\/comments?post=773633"}],"version-history":[{"count":99999,"href":"https:\/\/www.hashtag.al\/index.php\/wp-json\/wp\/v2\/posts\/773633\/revisions"}],"predecessor-version":[{"id":773635,"href":"https:\/\/www.hashtag.al\/index.php\/wp-json\/wp\/v2\/posts\/773633\/revisions\/773635"}],"wp:featuredmedia":[{"embeddable":true,"href":"https:\/\/www.hashtag.al\/index.php\/wp-json\/wp\/v2\/media\/773634"}],"wp:attachment":[{"href":"https:\/\/www.hashtag.al\/index.php\/wp-json\/wp\/v2\/media?parent=773633"}],"wp:term":[{"taxonomy":"category","embeddable":true,"href":"https:\/\/www.hashtag.al\/index.php\/wp-json\/wp\/v2\/categories?post=773633"},{"taxonomy":"post_tag","embeddable":true,"href":"https:\/\/www.hashtag.al\/index.php\/wp-json\/wp\/v2\/tags?post=773633"}],"curies":[{"name":"wp","href":"https:\/\/api.w.org\/{rel}","templated":true}]}}