{"id":773501,"date":"2025-11-26T12:38:26","date_gmt":"2025-11-26T11:38:26","guid":{"rendered":"https:\/\/www.hashtag.al\/?p=773501"},"modified":"2025-11-26T12:38:26","modified_gmt":"2025-11-26T11:38:26","slug":"demtohet-nje-pjese-e-kanalit-te-iber-lepencit","status":"publish","type":"post","link":"https:\/\/www.hashtag.al\/index.php\/2025\/11\/26\/demtohet-nje-pjese-e-kanalit-te-iber-lepencit\/","title":{"rendered":"D\u00ebmtohet nj\u00eb pjes\u00eb e kanalit t\u00eb Ib\u00ebr-Lepencit","gt_translate_keys":[{"key":"rendered","format":"text"}]},"content":{"rendered":"<p><span style=\"color: #000000;\"><img loading=\"lazy\" decoding=\"async\" class=\"aligncenter size-full wp-image-773505\" src=\"https:\/\/www.hashtag.al\/wp-content\/uploads\/2025\/11\/Screenshot-2025-11-26-122815.png\" alt=\"\" width=\"1057\" height=\"561\" srcset=\"https:\/\/www.hashtag.al\/wp-content\/uploads\/2025\/11\/Screenshot-2025-11-26-122815.png 1057w, https:\/\/www.hashtag.al\/wp-content\/uploads\/2025\/11\/Screenshot-2025-11-26-122815-300x159.png 300w, https:\/\/www.hashtag.al\/wp-content\/uploads\/2025\/11\/Screenshot-2025-11-26-122815-1024x543.png 1024w, https:\/\/www.hashtag.al\/wp-content\/uploads\/2025\/11\/Screenshot-2025-11-26-122815-768x408.png 768w\" sizes=\"auto, (max-width: 1057px) 100vw, 1057px\" \/><\/span><\/p>\n<p><span style=\"color: #000000;\">Policia e Kosov\u00ebs ka njoftuar se nj\u00eb pjes\u00eb e kanalit t\u00eb Ib\u00ebr-Lepencit n\u00eb Zubin Potok \u00ebsht\u00eb d\u00ebmtuar \u201cme mjete t\u00eb forta\u201d nga persona t\u00eb panjohur.<\/span><\/p>\n<p><span style=\"color: #000000;\">Petrit Fejza nga Policia e Kosov\u00ebs i tha <a href=\"https:\/\/www.evropaelire.org\/a\/demtonte-kanali-iber-lepenc-\/33606001.html\"><span style=\"color: #0000ff;\"><strong>Radios Evropa e Lir\u00eb<\/strong> <\/span><\/a>se pun\u00ebkryesi n\u00eb k\u00ebt\u00eb kanal e ka raportuar d\u00ebmin m\u00eb 25 n\u00ebntor dhe hetuesit tani jan\u00eb duke punuar p\u00ebr t\u00eb zbardhur rastin.<\/span><\/p>\n<p><span style=\"color: #000000;\">Fejza tha se \u201cvlera e d\u00ebmit, sipas ankuesit, \u00ebsht\u00eb rreth 3.000-4000 euro\u201d.<\/span><\/p>\n<p><span style=\"color: #000000;\">\u201cDje \u00ebsht\u00eb lajm\u00ebruar nga pun\u00ebkryesi q\u00eb najloni q\u00eb \u00ebsht\u00eb duke punuar \u00ebsht\u00eb d\u00ebmtuar. \u00cbsht\u00eb nj\u00eb pjes\u00eb e najlonit q\u00eb \u00ebsht\u00eb shtruar kanali dhe \u00ebsht\u00eb d\u00ebmtuar. Nj\u00ebsitet relevante kan\u00eb dal\u00eb n\u00eb vendin e ngjarjes dhe e kan\u00eb kryer vendshikimin. \u00cbsht\u00eb hapur rast dhe hetuesit jan\u00eb duke punuar n\u00eb k\u00ebt\u00eb drejtim\u201d, tha ai.<\/span><\/p>\n<p><span style=\"color: #000000;\">I pyetur se me \u00e7far\u00eb mjetesh t\u00eb forta konkretisht dyshohet t\u00eb jet\u00eb shkaktuar d\u00ebmi, ai tha se \u201cnuk kemi m\u00eb shum\u00eb informacione\u201d.<\/span><\/p>\n<p><span style=\"color: #000000;\">Raportimet p\u00ebr d\u00ebme n\u00eb k\u00ebt\u00eb kanal vijn\u00eb pothuajse nj\u00eb vit pasi n\u00eb Ib\u00ebr-Lepenc, n\u00eb fshatin Varrag\u00eb, ndodhi nj\u00eb shp\u00ebrthim.<\/span><\/p>\n<p><span style=\"color: #000000;\">P\u00ebr shp\u00ebrthimin e 29 n\u00ebntorit t\u00eb vitit 2024, Kosova e faj\u00ebsoi Serbin\u00eb, por Beogradi i mohoi akuzat.<\/span><\/p>\n<p><span style=\"color: #000000;\">Kosova e konsideron shp\u00ebrthimin n\u00eb kanalin e Ib\u00ebr-Lepencit si akt terrorist.<\/span><\/p>\n<p><span style=\"color: #000000;\">Shtetet e Bashkuara kishin deklaruar pas shp\u00ebrthimit se nuk kishte prova q\u00eb e lidhnin drejtp\u00ebrdrejt Beogradin me shp\u00ebrthimin, por se ishte her\u00ebt p\u00ebr t\u00eb nxjerr\u00eb p\u00ebrfundime. N\u00eb hetimet p\u00ebr shp\u00ebrthimin jan\u00eb p\u00ebrfshir\u00eb edhe agjent\u00ebt e Byros\u00eb Federale t\u00eb Hetimit (FBI).<\/span><\/p>\n<p><span style=\"color: #000000;\">Prokuroria Speciale \u00ebsht\u00eb duke e hetuar shp\u00ebrthimin e 29 n\u00ebntorit, por deri m\u00eb tani nuk ka ndonj\u00eb aktakuz\u00eb t\u00eb ngritur. P\u00ebr rastin jan\u00eb arrestuar dhjet\u00ebra t\u00eb dyshuar dhe jan\u00eb sekuestruar arm\u00eb dhe eksploziv\u00eb.<\/span><\/p>\n<p><span style=\"color: #000000;\">Megjithat\u00eb, vet\u00ebm Dragisha dhe Jovan Vi\u00e7entijeviq jan\u00eb d\u00ebrguar n\u00eb paraburgim.<\/span><\/p>\n<p><span style=\"color: #000000;\">Autoritetet dhe Policia e Kosov\u00ebs kan\u00eb dekaruar m\u00eb her\u00ebt se jan\u00eb p\u00ebrdorur rreth 20 kilogram\u00eb eksploziv\u00eb p\u00ebr t\u00eb hedhur n\u00eb er\u00eb kanalin dhe se ky ishte sulmi m\u00eb serioz ndaj infrastruktur\u00ebs kritike t\u00eb vendit n\u00eb periudh\u00ebn pas luft\u00ebs.<\/span><\/p>\n<p><span style=\"color: #000000;\">D\u00ebmi i shkaktuar \u00ebsht\u00eb vler\u00ebsuar n\u00eb\u00a0rreth 400 mij\u00eb euro.<\/span><\/p>\n","protected":false,"gt_translate_keys":[{"key":"rendered","format":"html"}]},"excerpt":{"rendered":"<p>Policia e Kosov\u00ebs ka njoftuar se nj\u00eb pjes\u00eb e kanalit t\u00eb Ib\u00ebr-Lepencit n\u00eb Zubin Potok \u00ebsht\u00eb d\u00ebmtuar \u201cme mjete t\u00eb forta\u201d nga persona t\u00eb panjohur. Petrit Fejza nga Policia e Kosov\u00ebs i tha Radios Evropa e Lir\u00eb se pun\u00ebkryesi n\u00eb k\u00ebt\u00eb kanal e ka raportuar d\u00ebmin m\u00eb 25 n\u00ebntor dhe hetuesit tani jan\u00eb duke punuar [&hellip;]<\/p>\n","protected":false,"gt_translate_keys":[{"key":"rendered","format":"html"}]},"author":49,"featured_media":773505,"comment_status":"closed","ping_status":"open","sticky":false,"template":"","format":"standard","meta":{"footnotes":""},"categories":[149],"tags":[],"class_list":["post-773501","post","type-post","status-publish","format-standard","has-post-thumbnail","hentry","category-kosoverajon"],"gt_translate_keys":[{"key":"link","format":"url"}],"_links":{"self":[{"href":"https:\/\/www.hashtag.al\/index.php\/wp-json\/wp\/v2\/posts\/773501","targetHints":{"allow":["GET"]}}],"collection":[{"href":"https:\/\/www.hashtag.al\/index.php\/wp-json\/wp\/v2\/posts"}],"about":[{"href":"https:\/\/www.hashtag.al\/index.php\/wp-json\/wp\/v2\/types\/post"}],"author":[{"embeddable":true,"href":"https:\/\/www.hashtag.al\/index.php\/wp-json\/wp\/v2\/users\/49"}],"replies":[{"embeddable":true,"href":"https:\/\/www.hashtag.al\/index.php\/wp-json\/wp\/v2\/comments?post=773501"}],"version-history":[{"count":99999,"href":"https:\/\/www.hashtag.al\/index.php\/wp-json\/wp\/v2\/posts\/773501\/revisions"}],"predecessor-version":[{"id":773506,"href":"https:\/\/www.hashtag.al\/index.php\/wp-json\/wp\/v2\/posts\/773501\/revisions\/773506"}],"wp:featuredmedia":[{"embeddable":true,"href":"https:\/\/www.hashtag.al\/index.php\/wp-json\/wp\/v2\/media\/773505"}],"wp:attachment":[{"href":"https:\/\/www.hashtag.al\/index.php\/wp-json\/wp\/v2\/media?parent=773501"}],"wp:term":[{"taxonomy":"category","embeddable":true,"href":"https:\/\/www.hashtag.al\/index.php\/wp-json\/wp\/v2\/categories?post=773501"},{"taxonomy":"post_tag","embeddable":true,"href":"https:\/\/www.hashtag.al\/index.php\/wp-json\/wp\/v2\/tags?post=773501"}],"curies":[{"name":"wp","href":"https:\/\/api.w.org\/{rel}","templated":true}]}}