{"id":773428,"date":"2025-11-25T23:32:21","date_gmt":"2025-11-25T22:32:21","guid":{"rendered":"https:\/\/www.hashtag.al\/?p=773428"},"modified":"2025-11-25T23:32:21","modified_gmt":"2025-11-25T22:32:21","slug":"autoritetet-ne-mal-te-zi-gjukanovic-si-ka-deklaruar-oret-qe-arrijne-vleren-e-rreth-200-mije-eurove","status":"publish","type":"post","link":"https:\/\/www.hashtag.al\/index.php\/2025\/11\/25\/autoritetet-ne-mal-te-zi-gjukanovic-si-ka-deklaruar-oret-qe-arrijne-vleren-e-rreth-200-mije-eurove\/","title":{"rendered":"Autoritetet n\u00eb Mal t\u00eb Zi: Gjukanovi\u00e7 s\u2019i ka deklaruar or\u00ebt q\u00eb arrijn\u00eb vler\u00ebn e rreth 200 mij\u00eb eurove","gt_translate_keys":[{"key":"rendered","format":"text"}]},"content":{"rendered":"<p><span style=\"color: #000000;\"><img loading=\"lazy\" decoding=\"async\" class=\"alignnone size-medium wp-image-773429\" src=\"https:\/\/www.hashtag.al\/wp-content\/uploads\/2025\/11\/Screenshot-2025-11-25-140112-300x154.png\" alt=\"\" width=\"300\" height=\"154\" srcset=\"https:\/\/www.hashtag.al\/wp-content\/uploads\/2025\/11\/Screenshot-2025-11-25-140112-300x154.png 300w, https:\/\/www.hashtag.al\/wp-content\/uploads\/2025\/11\/Screenshot-2025-11-25-140112-1024x527.png 1024w, https:\/\/www.hashtag.al\/wp-content\/uploads\/2025\/11\/Screenshot-2025-11-25-140112-768x395.png 768w, https:\/\/www.hashtag.al\/wp-content\/uploads\/2025\/11\/Screenshot-2025-11-25-140112-568x290.png 568w, https:\/\/www.hashtag.al\/wp-content\/uploads\/2025\/11\/Screenshot-2025-11-25-140112.png 1228w\" sizes=\"auto, (max-width: 300px) 100vw, 300px\" \/><\/span><\/p>\n<p><span style=\"color: #000000;\">Agjencia p\u00ebr Parandalimin e Korrupsionit konstatoi m\u00eb 25 n\u00ebntor se ish-presidenti i Malit t\u00eb Zi, Millo Gjukanovi\u00e7, nuk ka deklaruar nj\u00eb pjes\u00eb t\u00eb pasuris\u00eb s\u00eb tij t\u00eb luajtshme \u2013 koleksionin e or\u00ebve t\u00eb dor\u00ebs q\u00eb zot\u00ebron, me vler\u00eb rreth 200.000 eurosh.<\/span><\/p>\n<p><span style=\"color: #000000;\">Si\u00e7 thuhet n\u00eb raport, Agjencia ka analizuar fotografi t\u00eb publikuara nga disa media malazeze, t\u00eb b\u00ebra gjat\u00eb paraqitjeve t\u00eb ndryshme publike t\u00eb Gjukanoviqit nd\u00ebr vite, teksa ai ushtronte funksionin e presidentit ose kryeministrit t\u00eb Malit t\u00eb Zi.<\/span><\/p>\n<p><span style=\"color: #000000;\">Fotografit\u00eb p\u00ebrfshinin edhe or\u00eb dore nga shtat\u00eb marka, secila nga to, sipas ekspert\u00ebve t\u00eb provave digjitale, vler\u00ebsohet se kushtoj\u00eb mes 8.000 dhe 59.000 euro.<\/span><\/p>\n<p><span style=\"color: #000000;\">Ekspert\u00ebt e provave digjitale dhe t\u00eb fush\u00ebs ekonomiko-financiare analizuan fotografi n\u00eb t\u00eb cilat Gjukanoviq mban n\u00eb dor\u00eb or\u00ebt \u201cFranck Muller\u201d, \u201cCartier Pasha\u201d, \u201cBrequet Tourbilion\u201d, \u201cRoger Dubuis Excalibur\u201d, \u201cRolex\u201d, \u201cPatek Philippe\u201d dhe \u201cCartier Moonphase\u201d.<\/span><\/p>\n<p><span style=\"color: #000000;\"><em>\u201cAgjencia, n\u00eb procedur\u00ebn e provave, ka konstatuar se fotografit\u00eb ku paraqitet ish-funksionari publik Millo Gjukanoviq me k\u00ebto or\u00eb n\u00eb dor\u00eb jan\u00eb autentike dhe se ato nuk jan\u00eb deklaruar n\u00eb asnj\u00ebrin nga raportet e cekura mbi t\u00eb ardhurat dhe pasurin\u00eb si pron\u00eb sa i p\u00ebrket pasuris\u00eb s\u00eb luajtshme\u201d,<\/em> thuhet n\u00eb arsyetim.<\/span><\/p>\n<p><span style=\"color: #000000;\">N\u00eb p\u00ebrgjigjen e vitit 2021, Gjukanoviq ka deklaruar se pretendimet p\u00ebr \u201cor\u00eb me vler\u00eb marramend\u00ebse jan\u00eb sensacionaliz\u00ebm dashakeq\u201d.<\/span><\/p>\n<p><span style=\"color: #000000;\">Ai ka theksuar gjithashtu se nj\u00eb pjes\u00eb t\u00eb or\u00ebve nuk i ka pasur kurr\u00eb n\u00eb pron\u00ebsi, nd\u00ebrsa or\u00ebn \u201cBrequet Tourbilion\u201d e zot\u00ebron \u201cq\u00eb nga vitet \u201990 si dhurat\u00eb nga nj\u00eb person i af\u00ebrt, para se t\u00eb merrja funksion publik\u201d.<\/span><\/p>\n<p><span style=\"color: #000000;\">Agjencia n\u00eb vendimin e saj ka deklaruar se nuk e pranoi arsyetimin e Gjukanovi\u00e7it.<\/span><\/p>\n<p><span style=\"color: #000000;\">\u201c<em>Agjencia nuk ka pranuar pretendimin e pakonfirmuar se nj\u00ebra nga or\u00ebt \u00ebsht\u00eb dhurat\u00eb nga nj\u00eb periudh\u00eb e m\u00ebhershme, pasi kjo nuk \u00ebsht\u00eb mb\u00ebshtetur me asnj\u00eb prov\u00eb, dhe sipas ekspert\u00ebve t\u00eb provave digjitale, nj\u00eb model i till\u00eb i or\u00ebs nuk ekziston\u201d.<\/em><\/span><\/p>\n<p><span style=\"color: #000000;\">Millo Gjukanoviq ka ushtruar funksionet m\u00eb t\u00eb larta shtet\u00ebrore n\u00eb Mal t\u00eb Zi q\u00eb nga fillimi i viteve \u201990.<\/span><\/p>\n<p><span style=\"color: #000000;\">Partia e tij, Partia Demokratike e Socialist\u00ebve, ka udh\u00ebhequr t\u00eb gjitha qeverit\u00eb deri n\u00eb vitin 2020, kur humbi pushtetin ndaj nj\u00eb koalicioni t\u00eb p\u00ebrb\u00ebr\u00eb nga Fronti Demokratik pro-rus, Demokrat\u00ebt dhe L\u00ebvizja Ura.<\/span><\/p>\n<p><span style=\"color: #000000;\">Gjukanoviq e p\u00ebrfundoi mandatin e tij presidencial n\u00eb vitin 2023, kur u mund nga presidenti aktual, Jakov Millatoviq.<\/span><\/p>\n<p><span style=\"color: #000000;\">Radio Evropa e Lir\u00eb i ka d\u00ebrguar k\u00ebrkes\u00eb Zyr\u00ebs s\u00eb ish-presidentit duke k\u00ebrkuar koment mbi vendimin e Agjencis\u00eb p\u00ebr Parandalimin e Korrupsionit, por nuk ka marr\u00eb p\u00ebrgjigje.<\/span><\/p>\n<p><span style=\"color: #000000;\">Gjukanoviq mund t\u00eb nis\u00eb procedur\u00eb administrative kund\u00ebr vendimit t\u00eb Agjencis\u00eb brenda 20 dit\u00ebsh.\/<span style=\"color: #0000ff;\"><a style=\"color: #0000ff;\" href=\"https:\/\/www.evropaelire.org\/a\/gjukanoviq-mosdeklarim-i-pasurise-\/33605438.html\">REL<\/a><\/span><\/span><\/p>\n","protected":false,"gt_translate_keys":[{"key":"rendered","format":"html"}]},"excerpt":{"rendered":"<p>Agjencia p\u00ebr Parandalimin e Korrupsionit konstatoi m\u00eb 25 n\u00ebntor se ish-presidenti i Malit t\u00eb Zi, Millo Gjukanovi\u00e7, nuk ka deklaruar nj\u00eb pjes\u00eb t\u00eb pasuris\u00eb s\u00eb tij t\u00eb luajtshme \u2013 koleksionin e or\u00ebve t\u00eb dor\u00ebs q\u00eb zot\u00ebron, me vler\u00eb rreth 200.000 eurosh. Si\u00e7 thuhet n\u00eb raport, Agjencia ka analizuar fotografi t\u00eb publikuara nga disa media malazeze, [&hellip;]<\/p>\n","protected":false,"gt_translate_keys":[{"key":"rendered","format":"html"}]},"author":32,"featured_media":773429,"comment_status":"closed","ping_status":"open","sticky":false,"template":"","format":"standard","meta":{"footnotes":""},"categories":[149],"tags":[],"class_list":["post-773428","post","type-post","status-publish","format-standard","has-post-thumbnail","hentry","category-kosoverajon"],"gt_translate_keys":[{"key":"link","format":"url"}],"_links":{"self":[{"href":"https:\/\/www.hashtag.al\/index.php\/wp-json\/wp\/v2\/posts\/773428","targetHints":{"allow":["GET"]}}],"collection":[{"href":"https:\/\/www.hashtag.al\/index.php\/wp-json\/wp\/v2\/posts"}],"about":[{"href":"https:\/\/www.hashtag.al\/index.php\/wp-json\/wp\/v2\/types\/post"}],"author":[{"embeddable":true,"href":"https:\/\/www.hashtag.al\/index.php\/wp-json\/wp\/v2\/users\/32"}],"replies":[{"embeddable":true,"href":"https:\/\/www.hashtag.al\/index.php\/wp-json\/wp\/v2\/comments?post=773428"}],"version-history":[{"count":99999,"href":"https:\/\/www.hashtag.al\/index.php\/wp-json\/wp\/v2\/posts\/773428\/revisions"}],"predecessor-version":[{"id":773430,"href":"https:\/\/www.hashtag.al\/index.php\/wp-json\/wp\/v2\/posts\/773428\/revisions\/773430"}],"wp:featuredmedia":[{"embeddable":true,"href":"https:\/\/www.hashtag.al\/index.php\/wp-json\/wp\/v2\/media\/773429"}],"wp:attachment":[{"href":"https:\/\/www.hashtag.al\/index.php\/wp-json\/wp\/v2\/media?parent=773428"}],"wp:term":[{"taxonomy":"category","embeddable":true,"href":"https:\/\/www.hashtag.al\/index.php\/wp-json\/wp\/v2\/categories?post=773428"},{"taxonomy":"post_tag","embeddable":true,"href":"https:\/\/www.hashtag.al\/index.php\/wp-json\/wp\/v2\/tags?post=773428"}],"curies":[{"name":"wp","href":"https:\/\/api.w.org\/{rel}","templated":true}]}}