{"id":773422,"date":"2025-11-25T22:49:42","date_gmt":"2025-11-25T21:49:42","guid":{"rendered":"https:\/\/www.hashtag.al\/?p=773422"},"modified":"2025-11-25T22:49:42","modified_gmt":"2025-11-25T21:49:42","slug":"minatoret-e-spacit-njoftojne-proteste-me-27-nentor","status":"publish","type":"post","link":"https:\/\/www.hashtag.al\/index.php\/2025\/11\/25\/minatoret-e-spacit-njoftojne-proteste-me-27-nentor\/","title":{"rendered":"Minator\u00ebt e Spa\u00e7it njoftojn\u00eb protest\u00eb m\u00eb 27 N\u00ebntor","gt_translate_keys":[{"key":"rendered","format":"text"}]},"content":{"rendered":"<p><span style=\"color: #000000;\"><img loading=\"lazy\" decoding=\"async\" class=\"alignnone size-medium wp-image-773423\" src=\"https:\/\/www.hashtag.al\/wp-content\/uploads\/2025\/11\/Screenshot_8-2-752x440-1-300x176.jpg\" alt=\"\" width=\"300\" height=\"176\" srcset=\"https:\/\/www.hashtag.al\/wp-content\/uploads\/2025\/11\/Screenshot_8-2-752x440-1-300x176.jpg 300w, https:\/\/www.hashtag.al\/wp-content\/uploads\/2025\/11\/Screenshot_8-2-752x440-1.jpg 752w\" sizes=\"auto, (max-width: 300px) 100vw, 300px\" \/><\/span><\/p>\n<p><span style=\"color: #000000;\">Minator\u00ebt e Spa\u00e7it kan\u00eb njoftuar se t\u00eb enjten, m\u00eb 27 N\u00ebntor 2025, n\u00eb ora 12:00, do t\u00eb zhvillohet nj\u00eb protest\u00eb dhe tubim n\u00eb hyrje t\u00eb \u201cRrug\u00ebs s\u00eb Mundimeve\u201d, n\u00eb daljen e Autostrad\u00ebs s\u00eb Kombit.<\/span><\/p>\n<p><span style=\"color: #000000;\">Sipas Komisionit t\u00eb Grev\u00ebs, minator\u00ebt mbeten t\u00eb vendosur t\u00eb vazhdojn\u00eb protest\u00ebn dhe grev\u00ebn, duke theksuar se kjo vjen pas q\u00ebndrimit, si\u00e7 e p\u00ebrshkruajn\u00eb ata, <em>\u201cmosp\u00ebrfill\u00ebs, arrogant dhe antiligjor\u201d<\/em> t\u00eb pun\u00ebdh\u00ebn\u00ebsit, si edhe ndaj indiferenc\u00ebs s\u00eb Ministres s\u00eb Ekonomis\u00eb dhe Inovacionit, institucioni p\u00ebrgjegj\u00ebs p\u00ebr nd\u00ebrmjet\u00ebsimin dhe mbylljen e grev\u00ebs sipas parashikimeve ligjore.<\/span><\/p>\n<p><span style=\"color: #000000;\">N\u00eb njoftim, Komisioni i Grev\u00ebs u b\u00ebn thirrje komunitetit mirditor, autoriteteve publike e politike, pushtetit vendor dhe qendror, medias, intelektual\u00ebve dhe deputet\u00ebve t\u00eb zon\u00ebs, pa dallime politike, q\u00eb t\u2019i bashkohen protest\u00ebs dhe t\u00eb b\u00ebhen z\u00ebri i minator\u00ebve.<\/span><\/p>\n<p><span style=\"color: #000000;\">\u00a0Ata akuzojn\u00eb kompanin\u00eb turke \u201cTete Albania Tunnel &amp; Mining\u201d Sh.a. p\u00ebr \u201cpropagand\u00eb, shpifje dhe mashtrim\u201d, nd\u00ebrsa shprehen se minator\u00ebt jan\u00eb t\u00eb gatsh\u00ebm t\u00eb paguajn\u00eb \u00e7do \u00e7mim p\u00ebr kauz\u00ebn e tyre, dinjitetin dhe t\u00eb ardhmen e f\u00ebmij\u00ebve t\u00eb tyre.<\/span><\/p>\n<p><span style=\"color: #000000;\">Njoftimi mbyllet me thirrjen: \u201c<em>T\u00eb gjith\u00eb s\u00eb bashku pa dallime politike, fetare, etnike e krahinore me Minator\u00ebt dhe p\u00ebr Minator\u00ebt!\u201d<\/em><\/span><\/p>\n<p><span style=\"color: #000000;\"><em>\u00a0<\/em><\/span><\/p>\n<p><span style=\"color: #000000;\">Njoftimi<\/span><\/p>\n<p><span style=\"color: #000000;\"><em>Spa\u00e7, me dat\u00eb 27 N\u00ebntor, ora 12:00, Protest\u00eb dhe Tubim n\u00eb sheshin, n\u00eb hyrje t\u00eb rrug\u00ebs s\u00eb \u201cMundimeve\u201d n\u00eb dalje t\u00eb autostrad\u00ebs s\u00eb Kombit!<\/em><\/span><\/p>\n<p><span style=\"color: #000000;\"><em>Minator\u00ebt t\u00eb vendosur m\u00eb shum\u00eb se kurr\u00eb p\u00ebr t\u00eb protestuar dhe vazhduar grev\u00ebn!<\/em><\/span><\/p>\n<p><span style=\"color: #000000;\"><em>Dit\u00ebn e enjte me dat\u00eb 27 N\u00ebntor 2025, n\u00eb or\u00ebn 12:00, t\u00eb gjith\u00eb s\u00eb bashku t\u00eb protestojm\u00eb n\u00eb hyrjen e rrug\u00ebs s\u00eb \u201cMundimeve\u201d n\u00eb dalje t\u00eb autostrad\u00ebs s\u00eb Kombit! <\/em><\/span><\/p>\n<p><span style=\"color: #000000;\"><em>T\u00eb nisur nga q\u00ebndrimi mosp\u00ebrfill\u00ebs, arrogant dhe antiligjor i pun\u00ebdh\u00ebn\u00ebsit si dhe indiferenca e Ministres s\u00eb Ekonomis\u00eb dhe Inovacionit si ministria p\u00ebrgjegj\u00ebse ligj\u00ebrisht por dhe e ngarkuar posa\u00e7\u00ebrisht nga strukturat e Parlamentit p\u00ebr t\u00eb negociuar me pal\u00ebt dhe mbyllur grev\u00ebn e minator\u00ebve sipas ligjit e n\u00eb zbatim t\u00eb tij: <\/em><\/span><\/p>\n<p><span style=\"color: #000000;\"><em>Komisioni i Grev\u00ebs ju b\u00ebn thirrje komunitetit mirditor, autoriteteve publike, politike, t\u00eb pushtetit vendor dhe q\u00ebndror, medias, intelektual\u00ebve mirditor\u00eb si dhe deputet\u00ebve t\u00eb zon\u00ebs pa dallime politike t\u2019i bashkohen protest\u00ebs ton\u00eb, t\u00eb b\u00ebhen z\u00ebri yn\u00eb publik p\u00ebr t\u2019u d\u00ebgjuar nga vesh\u00ebt e pushtetit t\u00eb z\u00ebn\u00eb nga propoganda, shpifja dhe mashtrimi i pun\u00ebdh\u00ebn\u00ebsit, Kompania turke \u201cTete Albania Tunnel &amp; Minning\u201d Sh.a. <\/em><\/span><\/p>\n<p><span style=\"color: #000000;\"><em>Minator\u00ebt e Spa\u00e7it t\u00eb mb\u00ebshtetur nga Sindikata e tyre jan\u00eb t\u00eb gatsh\u00ebm t\u00eb paguajn\u00eb \u00e7do \u00e7mim, sado i lart\u00eb t\u00eb jet\u00eb ai p\u00ebr kauz\u00ebn e tyre, p\u00ebr dinjitetin e tyre dhe p\u00ebr nderin e respektin e familjeve t\u00eb tyre e t\u00eb ardhmen e f\u00ebmij\u00ebve t\u00eb tyre!<\/em><\/span><\/p>\n<p><span style=\"color: #000000;\"><em>T\u00eb gjith\u00eb s\u00eb bashku pa dallime politike, fetare, etnike\u00a0 e krahinore me Minator\u00ebt dhe p\u00ebr Minator\u00ebt!<\/em><\/span><\/p>\n","protected":false,"gt_translate_keys":[{"key":"rendered","format":"html"}]},"excerpt":{"rendered":"<p>Minator\u00ebt e Spa\u00e7it kan\u00eb njoftuar se t\u00eb enjten, m\u00eb 27 N\u00ebntor 2025, n\u00eb ora 12:00, do t\u00eb zhvillohet nj\u00eb protest\u00eb dhe tubim n\u00eb hyrje t\u00eb \u201cRrug\u00ebs s\u00eb Mundimeve\u201d, n\u00eb daljen e Autostrad\u00ebs s\u00eb Kombit. Sipas Komisionit t\u00eb Grev\u00ebs, minator\u00ebt mbeten t\u00eb vendosur t\u00eb vazhdojn\u00eb protest\u00ebn dhe grev\u00ebn, duke theksuar se kjo vjen pas q\u00ebndrimit, si\u00e7 [&hellip;]<\/p>\n","protected":false,"gt_translate_keys":[{"key":"rendered","format":"html"}]},"author":32,"featured_media":773423,"comment_status":"closed","ping_status":"open","sticky":false,"template":"","format":"standard","meta":{"footnotes":""},"categories":[65],"tags":[],"class_list":["post-773422","post","type-post","status-publish","format-standard","has-post-thumbnail","hentry","category-lajme"],"gt_translate_keys":[{"key":"link","format":"url"}],"_links":{"self":[{"href":"https:\/\/www.hashtag.al\/index.php\/wp-json\/wp\/v2\/posts\/773422","targetHints":{"allow":["GET"]}}],"collection":[{"href":"https:\/\/www.hashtag.al\/index.php\/wp-json\/wp\/v2\/posts"}],"about":[{"href":"https:\/\/www.hashtag.al\/index.php\/wp-json\/wp\/v2\/types\/post"}],"author":[{"embeddable":true,"href":"https:\/\/www.hashtag.al\/index.php\/wp-json\/wp\/v2\/users\/32"}],"replies":[{"embeddable":true,"href":"https:\/\/www.hashtag.al\/index.php\/wp-json\/wp\/v2\/comments?post=773422"}],"version-history":[{"count":99999,"href":"https:\/\/www.hashtag.al\/index.php\/wp-json\/wp\/v2\/posts\/773422\/revisions"}],"predecessor-version":[{"id":773424,"href":"https:\/\/www.hashtag.al\/index.php\/wp-json\/wp\/v2\/posts\/773422\/revisions\/773424"}],"wp:featuredmedia":[{"embeddable":true,"href":"https:\/\/www.hashtag.al\/index.php\/wp-json\/wp\/v2\/media\/773423"}],"wp:attachment":[{"href":"https:\/\/www.hashtag.al\/index.php\/wp-json\/wp\/v2\/media?parent=773422"}],"wp:term":[{"taxonomy":"category","embeddable":true,"href":"https:\/\/www.hashtag.al\/index.php\/wp-json\/wp\/v2\/categories?post=773422"},{"taxonomy":"post_tag","embeddable":true,"href":"https:\/\/www.hashtag.al\/index.php\/wp-json\/wp\/v2\/tags?post=773422"}],"curies":[{"name":"wp","href":"https:\/\/api.w.org\/{rel}","templated":true}]}}