{"id":773412,"date":"2025-11-25T21:47:29","date_gmt":"2025-11-25T20:47:29","guid":{"rendered":"https:\/\/www.hashtag.al\/?p=773412"},"modified":"2025-11-25T21:47:29","modified_gmt":"2025-11-25T20:47:29","slug":"adolf-hitleri-synon-rizgjedhjen","status":"publish","type":"post","link":"https:\/\/www.hashtag.al\/index.php\/2025\/11\/25\/adolf-hitleri-synon-rizgjedhjen\/","title":{"rendered":"Adolf Hitleri synon rizgjedhjen","gt_translate_keys":[{"key":"rendered","format":"text"}]},"content":{"rendered":"<p><img loading=\"lazy\" decoding=\"async\" class=\"aligncenter size-full wp-image-773413\" src=\"https:\/\/www.hashtag.al\/wp-content\/uploads\/2025\/11\/adolf.jpg\" alt=\"\" width=\"768\" height=\"432\" srcset=\"https:\/\/www.hashtag.al\/wp-content\/uploads\/2025\/11\/adolf.jpg 768w, https:\/\/www.hashtag.al\/wp-content\/uploads\/2025\/11\/adolf-300x169.jpg 300w\" sizes=\"auto, (max-width: 768px) 100vw, 768px\" \/><\/p>\n<p><span style=\"color: #000000;\">Politikani rajonal i Namibis\u00eb, Adolf Hitler Uunona, i quajtur sipas udh\u00ebheq\u00ebsit nazist, por q\u00eb mohon \u00e7do lidhje me ideologjin\u00eb e tij, po kandidon p\u00ebr rizgjedhje n\u00eb Namibin\u00eb veriore, raportoi t\u00eb mart\u00ebn tabloidi gjerman Bild.<\/span><\/p>\n<p><span style=\"color: #000000;\">Politikani 59-vje\u00e7ar, an\u00ebtar i partis\u00eb qeveris\u00ebse t\u00eb krahut t\u00eb majt\u00eb SWAPO, po kandidon s\u00ebrish n\u00eb zon\u00ebn elektorale t\u00eb Ompundja n\u00eb rajonin Oshana, ku zgjedhjet rajonale jan\u00eb caktuar p\u00ebr dat\u00ebn 26 n\u00ebntor. Uunona, i cili ka sh\u00ebrbyer si k\u00ebshilltar n\u00eb k\u00ebt\u00eb zon\u00eb q\u00eb nga viti 2004, pritet gjer\u00ebsisht t\u00eb mbaj\u00eb vendin e tij pasi fitoi rreth 85% t\u00eb votave n\u00eb vitin 2020, shkruan gazeta.<\/span><\/p>\n<p><span style=\"color: #000000;\">Uunona t\u00ebrhoqi v\u00ebmendjen nd\u00ebrkomb\u00ebtare at\u00eb vit, kur emri i tij i plot\u00eb u shfaq n\u00eb media nd\u00ebrkomb\u00ebtare gjat\u00eb zgjedhjeve. Ai ka th\u00ebn\u00eb se babai i tij e quajti q\u00ebllimisht sipas Hitlerit, por ka t\u00eb ngjar\u00eb q\u00eb nuk e kishte kuptuar historin\u00eb e plot\u00eb t\u00eb udh\u00ebheq\u00ebsit nazist.<\/span><\/p>\n<p><span style=\"color: #000000;\"><em><i>\u201cBabai im m\u00eb quajti sipas<\/i><\/em><em><i>\u00a0Hitlerit. <\/i><\/em><em><i>Ai ndoshta nuk e kuptoi se \u00e7far\u00eb p\u00ebrfaq\u00ebsonte Adolf Hitleri. Si f\u00ebmij\u00eb, e shihja si nj\u00eb em\u00ebr krejt\u00ebsisht normal,\u201d<\/i><\/em>\u00a0tha namibiani n\u00eb at\u00eb koh\u00eb.<\/span><\/p>\n<p><span style=\"color: #000000;\">Ai theksoi se absolutisht nuk mb\u00ebshtet ideologjin\u00eb naziste, shkruan <span style=\"color: #0000ff;\"><a style=\"color: #0000ff;\" href=\"https:\/\/www.rt.com\/africa\/628373-namibia-hitler-election\/\">Rt<\/a><\/span>.<\/span><\/p>\n<p><span style=\"color: #000000;\">Namibia, e njohur m\u00eb par\u00eb si Afrika Jugper\u00ebndimore Gjermane, ishte nj\u00eb koloni gjermane nga viti 1884 derisa forcat e Afrik\u00ebs s\u00eb Jugut pushtuan territorin n\u00eb vitin 1915 gjat\u00eb Luft\u00ebs s\u00eb Par\u00eb Bot\u00ebrore. <\/span><\/p>\n<p><span style=\"color: #000000;\">Territori mbeti n\u00ebn administrimin e Afrik\u00ebs s\u00eb Jugut deri n\u00eb pavar\u00ebsin\u00eb n\u00eb vitin 1990, por ndikimi gjerman nga epoka koloniale vazhdon n\u00eb emrat e vendeve dhe emrat personal\u00eb. Emrat e par\u00eb si Adolf mbeten relativisht t\u00eb zakonsh\u00ebm mes brezave t\u00eb vjet\u00ebr.<\/span><\/p>\n","protected":false,"gt_translate_keys":[{"key":"rendered","format":"html"}]},"excerpt":{"rendered":"<p>Politikani rajonal i Namibis\u00eb, Adolf Hitler Uunona, i quajtur sipas udh\u00ebheq\u00ebsit nazist, por q\u00eb mohon \u00e7do lidhje me ideologjin\u00eb e tij, po kandidon p\u00ebr rizgjedhje n\u00eb Namibin\u00eb veriore, raportoi t\u00eb mart\u00ebn tabloidi gjerman Bild. Politikani 59-vje\u00e7ar, an\u00ebtar i partis\u00eb qeveris\u00ebse t\u00eb krahut t\u00eb majt\u00eb SWAPO, po kandidon s\u00ebrish n\u00eb zon\u00ebn elektorale t\u00eb Ompundja n\u00eb rajonin [&hellip;]<\/p>\n","protected":false,"gt_translate_keys":[{"key":"rendered","format":"html"}]},"author":51,"featured_media":773413,"comment_status":"closed","ping_status":"open","sticky":false,"template":"","format":"standard","meta":{"footnotes":""},"categories":[53],"tags":[],"class_list":["post-773412","post","type-post","status-publish","format-standard","has-post-thumbnail","hentry","category-fast-foodi"],"gt_translate_keys":[{"key":"link","format":"url"}],"_links":{"self":[{"href":"https:\/\/www.hashtag.al\/index.php\/wp-json\/wp\/v2\/posts\/773412","targetHints":{"allow":["GET"]}}],"collection":[{"href":"https:\/\/www.hashtag.al\/index.php\/wp-json\/wp\/v2\/posts"}],"about":[{"href":"https:\/\/www.hashtag.al\/index.php\/wp-json\/wp\/v2\/types\/post"}],"author":[{"embeddable":true,"href":"https:\/\/www.hashtag.al\/index.php\/wp-json\/wp\/v2\/users\/51"}],"replies":[{"embeddable":true,"href":"https:\/\/www.hashtag.al\/index.php\/wp-json\/wp\/v2\/comments?post=773412"}],"version-history":[{"count":99999,"href":"https:\/\/www.hashtag.al\/index.php\/wp-json\/wp\/v2\/posts\/773412\/revisions"}],"predecessor-version":[{"id":773414,"href":"https:\/\/www.hashtag.al\/index.php\/wp-json\/wp\/v2\/posts\/773412\/revisions\/773414"}],"wp:featuredmedia":[{"embeddable":true,"href":"https:\/\/www.hashtag.al\/index.php\/wp-json\/wp\/v2\/media\/773413"}],"wp:attachment":[{"href":"https:\/\/www.hashtag.al\/index.php\/wp-json\/wp\/v2\/media?parent=773412"}],"wp:term":[{"taxonomy":"category","embeddable":true,"href":"https:\/\/www.hashtag.al\/index.php\/wp-json\/wp\/v2\/categories?post=773412"},{"taxonomy":"post_tag","embeddable":true,"href":"https:\/\/www.hashtag.al\/index.php\/wp-json\/wp\/v2\/tags?post=773412"}],"curies":[{"name":"wp","href":"https:\/\/api.w.org\/{rel}","templated":true}]}}