{"id":773380,"date":"2025-11-25T19:27:34","date_gmt":"2025-11-25T18:27:34","guid":{"rendered":"https:\/\/www.hashtag.al\/?p=773380"},"modified":"2025-11-25T19:30:10","modified_gmt":"2025-11-25T18:30:10","slug":"vendimi-i-strasburgut-shkarkimi-i-anetarit-te-gjykates-se-larte-shkelzen-selimi-i-padrejte-shkel-kushtetuten","status":"publish","type":"post","link":"https:\/\/www.hashtag.al\/index.php\/2025\/11\/25\/vendimi-i-strasburgut-shkarkimi-i-anetarit-te-gjykates-se-larte-shkelzen-selimi-i-padrejte-shkel-kushtetuten\/","title":{"rendered":"Vendimi i Strasburgut: Shkarkimi i an\u00ebtarit t\u00eb Gjykat\u00ebs s\u00eb Lart\u00eb Shk\u00eblzen Selimi i padrejt\u00eb, shkel Kushtetut\u00ebn","gt_translate_keys":[{"key":"rendered","format":"text"}]},"content":{"rendered":"<p><span style=\"color: #000000;\"><img loading=\"lazy\" decoding=\"async\" class=\"aligncenter size-full wp-image-773381\" src=\"https:\/\/www.hashtag.al\/wp-content\/uploads\/2025\/11\/selimi-e1764095231106.jpg\" alt=\"\" width=\"1536\" height=\"1167\" srcset=\"https:\/\/www.hashtag.al\/wp-content\/uploads\/2025\/11\/selimi-e1764095231106.jpg 1536w, https:\/\/www.hashtag.al\/wp-content\/uploads\/2025\/11\/selimi-e1764095231106-300x228.jpg 300w, https:\/\/www.hashtag.al\/wp-content\/uploads\/2025\/11\/selimi-e1764095231106-1024x778.jpg 1024w, https:\/\/www.hashtag.al\/wp-content\/uploads\/2025\/11\/selimi-e1764095231106-768x584.jpg 768w\" sizes=\"auto, (max-width: 1536px) 100vw, 1536px\" \/><\/span><\/p>\n<p><span style=\"color: #000000;\">Gjykata e Strasburgut e ka gjetur t\u00eb padrejt\u00eb dhe n\u00eb kund\u00ebrshtim me Kushtetut\u00ebn e Shqip\u00ebris\u00eb vendimin p\u00ebr shkarkimin e gjyqtarit t\u00eb Gjykat\u00ebs s\u00eb Lart\u00eb, Shk\u00eblzen Selimi.<\/span><\/p>\n<p><span style=\"color: #000000;\">Gjykata e Strasburgut thekson se shkarkimi i nj\u00eb gjyqtari t\u00eb Gjykat\u00ebs s\u00eb Lart\u00eb ka pasoja shum\u00eb t\u00eb r\u00ebnda dhe se organet e vetingut, Komisioni i Pavarur i Kualifikimit dhe Kolegji i Posa\u00e7\u00ebm i Apelimit nuk respektuan as standardet m\u00eb t\u00eb vogla t\u00eb \u00a0transparenc\u00ebs, arsyetimit dhe t\u00eb drejt\u00ebs p\u00ebr mbrojtje. Sipas vendimit u konstatua shkelja e nenit 6, e drejta p\u00ebr nj\u00eb proces t\u00eb drejt\u00eb.<\/span><\/p>\n<p><span style=\"color: #000000;\">Vendimi i Gjykat\u00ebs Evropiane t\u00eb Drejtave t\u00eb Njeriut u publikua nga ish-ministri i Drejt\u00ebsis\u00eb Ylli Manjani.<\/span><\/p>\n<p><span style=\"color: #000000;\">N\u00eb statusin e tij n\u00eb Facebook, ai shkruan se vendimi i Strasburgut \u00ebsht\u00eb nj\u00eb shuplak\u00eb e fort\u00eb ndaj organeve t\u00eb vettingut dhe an\u00ebtar\u00ebve t\u00eb KPK-s\u00eb e KPA-s\u00eb nd\u00ebrsa b\u00ebn thirrje p\u00ebr rikthimin n\u00eb detyr\u00eb t\u00eb Selimit.<\/span><\/p>\n<p><span style=\"color: #000000;\"><em><i>\u201cShk\u00eblzen Selimi, gjyqtar i Gjykat\u00ebs s\u00eb Lart\u00eb, u shkarkua nga mjeshtrat e vettingut p\u00ebr llogje Kavaje.\u00a0<\/i><\/em><\/span><span style=\"color: #000000;\"><em><i>Mbi baz\u00ebn e k\u00ebtyre llogjeve, ai i vendos n\u00eb skrutinitet penal absurd p\u00ebr 4 vite me radh\u00eb, deri sa gjyqtarja e GJKKO Rudina Palloj, me shum\u00eb durim e profesionaliz\u00ebm e gjeti at\u00eb t\u00eb pafajsh\u00ebm, me arsyetimin se nuk ka asnj\u00eb fakt penal t\u00eb lidhur me t\u00eb.<\/i><\/em><\/span><\/p>\n<p><span style=\"color: #000000;\"><em><i>Gjykata e Strassburg sapo shpalli se shkarkimi i gjyqtarit Selimi \u00ebsht\u00eb i padrejt\u00eb dhe n\u00eb shkelje t\u00eb Kushtetut\u00ebs Shqiptar dhe Konvent\u00ebs Europiane t\u00eb t\u00eb Drejtave t\u00eb Njeriut.<\/i><\/em><\/span><\/p>\n<p><span style=\"color: #000000;\"><em><i>Nj\u00eb shuplak\u00eb e fort\u00eb dhe e merituar p\u00ebr vettingsat thashethemexhinj, por edhe p\u00ebr shtetin shqiptar q\u00eb thashethemet i ka ngritur n\u00eb nivel kushtetues.<\/i><\/em><\/span><\/p>\n<p><span style=\"color: #000000;\"><em><i>Urime Shk\u00eblzen Selimit!<\/i><\/em><\/span><\/p>\n<p><span style=\"color: #000000;\"><em><i>Tani shteti t\u00eb mbyll\u00eb spepin dhe t\u00eb kthej\u00eb magistratin n\u00eb pun\u00eb se ka nevoj\u00eb sistemi.\u201d,<\/i><\/em>\u00a0shkruan Manjani.<\/span><\/p>\n<p><span style=\"color: #000000;\">M\u00eb her\u00ebt Gjykata e Posa\u00e7me e kishte shpallur t\u00eb pafajsh\u00ebm Selimin lidhur me akuz\u00ebn e SPAK-ut p\u00ebr refuzim p\u00ebr deklarim e fshehje pasurie.<\/span><\/p>\n<p><iframe loading=\"lazy\" style=\"border: none; overflow: hidden;\" src=\"https:\/\/www.facebook.com\/plugins\/post.php?href=https%3A%2F%2Fwww.facebook.com%2Fylli.manjani.2025%2Fposts%2Fpfbid02Rmg4aUpziXDNYxuX7L6gTqkzuHvSMyXiFoZ3bznyjiULzwbWH1oEMGkAJgYAq9Vil&amp;show_text=true&amp;width=500\" width=\"500\" height=\"376\" frameborder=\"0\" scrolling=\"no\" allowfullscreen=\"allowfullscreen\"><\/iframe><\/p>\n","protected":false,"gt_translate_keys":[{"key":"rendered","format":"html"}]},"excerpt":{"rendered":"<p>Gjykata e Strasburgut e ka gjetur t\u00eb padrejt\u00eb dhe n\u00eb kund\u00ebrshtim me Kushtetut\u00ebn e Shqip\u00ebris\u00eb vendimin p\u00ebr shkarkimin e gjyqtarit t\u00eb Gjykat\u00ebs s\u00eb Lart\u00eb, Shk\u00eblzen Selimi. Gjykata e Strasburgut thekson se shkarkimi i nj\u00eb gjyqtari t\u00eb Gjykat\u00ebs s\u00eb Lart\u00eb ka pasoja shum\u00eb t\u00eb r\u00ebnda dhe se organet e vetingut, Komisioni i Pavarur i Kualifikimit dhe [&hellip;]<\/p>\n","protected":false,"gt_translate_keys":[{"key":"rendered","format":"html"}]},"author":51,"featured_media":773381,"comment_status":"closed","ping_status":"open","sticky":false,"template":"","format":"standard","meta":{"footnotes":""},"categories":[65],"tags":[],"class_list":["post-773380","post","type-post","status-publish","format-standard","has-post-thumbnail","hentry","category-lajme"],"gt_translate_keys":[{"key":"link","format":"url"}],"_links":{"self":[{"href":"https:\/\/www.hashtag.al\/index.php\/wp-json\/wp\/v2\/posts\/773380","targetHints":{"allow":["GET"]}}],"collection":[{"href":"https:\/\/www.hashtag.al\/index.php\/wp-json\/wp\/v2\/posts"}],"about":[{"href":"https:\/\/www.hashtag.al\/index.php\/wp-json\/wp\/v2\/types\/post"}],"author":[{"embeddable":true,"href":"https:\/\/www.hashtag.al\/index.php\/wp-json\/wp\/v2\/users\/51"}],"replies":[{"embeddable":true,"href":"https:\/\/www.hashtag.al\/index.php\/wp-json\/wp\/v2\/comments?post=773380"}],"version-history":[{"count":99999,"href":"https:\/\/www.hashtag.al\/index.php\/wp-json\/wp\/v2\/posts\/773380\/revisions"}],"predecessor-version":[{"id":773384,"href":"https:\/\/www.hashtag.al\/index.php\/wp-json\/wp\/v2\/posts\/773380\/revisions\/773384"}],"wp:featuredmedia":[{"embeddable":true,"href":"https:\/\/www.hashtag.al\/index.php\/wp-json\/wp\/v2\/media\/773381"}],"wp:attachment":[{"href":"https:\/\/www.hashtag.al\/index.php\/wp-json\/wp\/v2\/media?parent=773380"}],"wp:term":[{"taxonomy":"category","embeddable":true,"href":"https:\/\/www.hashtag.al\/index.php\/wp-json\/wp\/v2\/categories?post=773380"},{"taxonomy":"post_tag","embeddable":true,"href":"https:\/\/www.hashtag.al\/index.php\/wp-json\/wp\/v2\/tags?post=773380"}],"curies":[{"name":"wp","href":"https:\/\/api.w.org\/{rel}","templated":true}]}}