{"id":772914,"date":"2025-11-23T09:21:18","date_gmt":"2025-11-23T08:21:18","guid":{"rendered":"https:\/\/www.hashtag.al\/?p=772914"},"modified":"2025-11-23T09:21:35","modified_gmt":"2025-11-23T08:21:35","slug":"regjistrohen-reshjet-e-para-te-debores-ne-qarkun-e-korces-zbardhet-dardha","status":"publish","type":"post","link":"https:\/\/www.hashtag.al\/index.php\/2025\/11\/23\/regjistrohen-reshjet-e-para-te-debores-ne-qarkun-e-korces-zbardhet-dardha\/","title":{"rendered":"Regjistrohen reshjet e para t\u00eb d\u00ebbor\u00ebs n\u00eb qarkun e Kor\u00e7\u00ebs, zbardhet Dardha","gt_translate_keys":[{"key":"rendered","format":"text"}]},"content":{"rendered":"<p><span style=\"color: #000000;\"><img loading=\"lazy\" decoding=\"async\" class=\"alignnone size-medium wp-image-772915\" src=\"https:\/\/www.hashtag.al\/wp-content\/uploads\/2025\/11\/hgfjfhkjhfkgjkl-300x188.jpg\" alt=\"\" width=\"300\" height=\"188\" srcset=\"https:\/\/www.hashtag.al\/wp-content\/uploads\/2025\/11\/hgfjfhkjhfkgjkl-300x188.jpg 300w, https:\/\/www.hashtag.al\/wp-content\/uploads\/2025\/11\/hgfjfhkjhfkgjkl.jpg 750w\" sizes=\"auto, (max-width: 300px) 100vw, 300px\" \/><\/span><\/p>\n<p><span style=\"color: #000000;\">Regjistrohen reshjet e para t\u00eb bor\u00ebs n\u00eb qarkun e Kor\u00e7\u00ebs.<\/span><\/p>\n<p><span style=\"color: #000000;\">Reshje ka pasur n\u00eb zon\u00ebn e Dardh\u00ebs, Vithkuqit dhe Shtyll\u00ebs, mbi 1000 m lart\u00ebsi. Sipas informacioneve n\u00eb Dardh\u00eb reshjet jan\u00eb prezente nga Km 9, nd\u00ebrsa n\u00eb terren ndodhen kontraktor\u00ebt p\u00ebr mir\u00ebmbajtjen e rrug\u00ebs.<\/span><\/p>\n<p><span style=\"color: #000000;\">Aktualisht situata paraqitet e qet\u00eb, pasi edhe reshjet nuk jan\u00eb intensive, nd\u00ebrsa nuk evidentohen probleme me qarkullimin e automjeteve momentalisht.<\/span><\/p>\n","protected":false,"gt_translate_keys":[{"key":"rendered","format":"html"}]},"excerpt":{"rendered":"<p>Regjistrohen reshjet e para t\u00eb bor\u00ebs n\u00eb qarkun e Kor\u00e7\u00ebs. Reshje ka pasur n\u00eb zon\u00ebn e Dardh\u00ebs, Vithkuqit dhe Shtyll\u00ebs, mbi 1000 m lart\u00ebsi. Sipas informacioneve n\u00eb Dardh\u00eb reshjet jan\u00eb prezente nga Km 9, nd\u00ebrsa n\u00eb terren ndodhen kontraktor\u00ebt p\u00ebr mir\u00ebmbajtjen e rrug\u00ebs. Aktualisht situata paraqitet e qet\u00eb, pasi edhe reshjet nuk jan\u00eb intensive, nd\u00ebrsa [&hellip;]<\/p>\n","protected":false,"gt_translate_keys":[{"key":"rendered","format":"html"}]},"author":32,"featured_media":772915,"comment_status":"closed","ping_status":"open","sticky":false,"template":"","format":"standard","meta":{"footnotes":""},"categories":[65],"tags":[],"class_list":["post-772914","post","type-post","status-publish","format-standard","has-post-thumbnail","hentry","category-lajme"],"gt_translate_keys":[{"key":"link","format":"url"}],"_links":{"self":[{"href":"https:\/\/www.hashtag.al\/index.php\/wp-json\/wp\/v2\/posts\/772914","targetHints":{"allow":["GET"]}}],"collection":[{"href":"https:\/\/www.hashtag.al\/index.php\/wp-json\/wp\/v2\/posts"}],"about":[{"href":"https:\/\/www.hashtag.al\/index.php\/wp-json\/wp\/v2\/types\/post"}],"author":[{"embeddable":true,"href":"https:\/\/www.hashtag.al\/index.php\/wp-json\/wp\/v2\/users\/32"}],"replies":[{"embeddable":true,"href":"https:\/\/www.hashtag.al\/index.php\/wp-json\/wp\/v2\/comments?post=772914"}],"version-history":[{"count":99999,"href":"https:\/\/www.hashtag.al\/index.php\/wp-json\/wp\/v2\/posts\/772914\/revisions"}],"predecessor-version":[{"id":772917,"href":"https:\/\/www.hashtag.al\/index.php\/wp-json\/wp\/v2\/posts\/772914\/revisions\/772917"}],"wp:featuredmedia":[{"embeddable":true,"href":"https:\/\/www.hashtag.al\/index.php\/wp-json\/wp\/v2\/media\/772915"}],"wp:attachment":[{"href":"https:\/\/www.hashtag.al\/index.php\/wp-json\/wp\/v2\/media?parent=772914"}],"wp:term":[{"taxonomy":"category","embeddable":true,"href":"https:\/\/www.hashtag.al\/index.php\/wp-json\/wp\/v2\/categories?post=772914"},{"taxonomy":"post_tag","embeddable":true,"href":"https:\/\/www.hashtag.al\/index.php\/wp-json\/wp\/v2\/tags?post=772914"}],"curies":[{"name":"wp","href":"https:\/\/api.w.org\/{rel}","templated":true}]}}