{"id":772735,"date":"2025-11-21T19:29:19","date_gmt":"2025-11-21T18:29:19","guid":{"rendered":"https:\/\/www.hashtag.al\/?p=772735"},"modified":"2025-11-21T19:29:19","modified_gmt":"2025-11-21T18:29:19","slug":"moti-i-keq-vengu-rreziku-ende-ska-kaluar-vijojne-kerkimet-per-76-vjecaren-e-zhdukur-ne-korce","status":"publish","type":"post","link":"https:\/\/www.hashtag.al\/index.php\/2025\/11\/21\/moti-i-keq-vengu-rreziku-ende-ska-kaluar-vijojne-kerkimet-per-76-vjecaren-e-zhdukur-ne-korce\/","title":{"rendered":"Moti i keq\/ Vengu: Rreziku ende s&#8217;ka kaluar, vijojn\u00eb k\u00ebrkimet p\u00ebr 76-vje\u00e7aren e zhdukur n\u00eb Kor\u00e7\u00eb","gt_translate_keys":[{"key":"rendered","format":"text"}]},"content":{"rendered":"<p><span style=\"color: #000000;\"><img loading=\"lazy\" decoding=\"async\" class=\"alignnone size-medium wp-image-772736\" src=\"https:\/\/www.hashtag.al\/wp-content\/uploads\/2025\/11\/1763747200_pirrovengu-300x169.jpg\" alt=\"\" width=\"300\" height=\"169\" srcset=\"https:\/\/www.hashtag.al\/wp-content\/uploads\/2025\/11\/1763747200_pirrovengu-300x169.jpg 300w, https:\/\/www.hashtag.al\/wp-content\/uploads\/2025\/11\/1763747200_pirrovengu-768x433.jpg 768w, https:\/\/www.hashtag.al\/wp-content\/uploads\/2025\/11\/1763747200_pirrovengu.jpg 780w\" sizes=\"auto, (max-width: 300px) 100vw, 300px\" \/><\/span><\/p>\n<p><span style=\"color: #000000;\">Rreziku nga reshjet e shumta t\u00eb shiut dhe prurjet e lumenjve ende nuk ka kaluar. K\u00ebshtu deklaroi nga Gjirokastra ministri i Mbrojtjes Pirro Vengu i cili ishte i pranish\u00ebm n\u00eb mbledhjen e Komitetit t\u00eb Emergjencave Civile n\u00eb rang prefekture.<\/span><\/p>\n<p><span style=\"color: #000000;\">Sipas tij n\u00eb terren jan\u00eb n\u00eb gatishm\u00ebri dhe punojn\u00eb t\u00eb gjitha forcat dhe strukturat e pushtetit vendor.<\/span><\/p>\n<p><span style=\"color: #000000;\">\u00a0Lidhur me rrezikun e ur\u00ebs s\u00eb Glin\u00ebs n\u00eb Dropull Ministri Vengu tha se \u00ebsht\u00eb mund\u00ebsuar kalimi p\u00ebr banor\u00ebt n\u00ebp\u00ebrmjet nj\u00eb rrug\u00eb alternative dyt\u00ebsore.<\/span><\/p>\n<p><span style=\"color: #000000;\">Ministri tha se lajmi i mire \u00ebsht\u00eb q\u00eb nuk kemi humbje jete, nd\u00ebrsa vijojn\u00eb k\u00ebrkimet p\u00ebr 76-vje\u00e7aren e zhdukur n\u00eb Kor\u00e7\u00eb.<\/span><\/p>\n<p><span style=\"color: #000000;\">Vengu theksoi se jan\u00eb marr\u00eb masat q\u00eb n\u00eb rastet e nevojshme t\u00eb gjith\u00eb qytetar\u00ebt t\u00eb furnizohen me medikamente, ushqime por edhe ndihm\u00eb financiare n\u00ebse do t\u00eb konstatohen d\u00ebme.<\/span><\/p>\n<p><span style=\"color: #000000;\"><em>&#8216;Vijojn\u00eb k\u00ebrkimet p\u00ebr 76-vje\u00e7aren n\u00eb Kor\u00e7\u00eb, b\u00ebhet fjal\u00eb p\u00ebr nj\u00eb person n\u00eb mosh\u00eb me problematika t\u00eb sh\u00ebndetit mendor, nuk dihen arsyet e zhdukjes s\u00eb saj. Gjirokastra, Delvina dhe Saranda ka njohur reshje masive, n\u00eb 48 or\u00ebt e fundit kan\u00eb pasur reshjet me intensive t\u00eb k\u00ebtyre dit\u00ebve n\u00eb rang vendi.<\/em><\/span><\/p>\n<p><span style=\"color: #000000;\"><em>Rr\u00ebshqitje dherash n\u00eb rrug\u00ebt dyt\u00ebsore dhe n\u00eb fshatra, rrezikohet p\u00ebr rr\u00ebshqitje dhe n\u00eb vijim. Reparti i G\u00ebrhotit po funksionon si baz\u00eb mb\u00ebshtet\u00ebse p\u00ebr Emergjencat Civile p\u00ebr bashkit\u00eb e qarkut Gjirokast\u00ebr, Delvin\u00ebs e Sarand\u00ebs. Po b\u00ebhen rehabilitime n\u00eb nivelin e Quk\u00ebs n\u00eb m\u00ebnyr\u00eb q\u00eb t\u00eb\u00a0 kufizohen pasojat e p\u00ebrmbytjes masive t\u00eb or\u00ebve t\u00eb para t\u00eb m\u00ebngjesit Po verifikojm\u00eb edhe nj\u00ebher\u00eb elementet e urave.<\/em><\/span><\/p>\n<p><span style=\"color: #000000;\"><em>Po mundohemi t\u00eb gjejm\u00eb rrug\u00eb alternative deri sa t\u00eb kemi rehabilitim t\u00eb plot\u00eb t\u00eb infrastruktur\u00ebs. Kemi informuar popullin p\u00ebr motin e keq dhe identifikuam element\u00ebt e basenit t\u00eb Vjos\u00ebs p\u00ebr problematikat q\u00eb ndodh\u00ebn. Ura e Glin\u00ebs dhe ura e Isues midis Libohov\u00eb dhe Dropullit jan\u00eb d\u00ebmtuar. P\u00ebr Glin\u00ebn \u00ebsht\u00eb gjetur aksesi alternativ nga mbrapa nga Nepravishta. P\u00ebr pjes\u00ebn e Isues duhet t\u00eb b\u00ebjm\u00eb nj\u00eb investim rehabilitues \u00ebsht\u00eb nj\u00eb d\u00ebmtim dometh\u00ebn\u00ebs. Kemi marr\u00eb masat n\u00eb komunitet p\u00ebr mb\u00ebshtetje ushqimore apo baz\u00eb materiale e financiare p\u00ebr banor\u00ebt e zon\u00ebs&#8217;<\/em>, tha Vengu.<\/span><\/p>\n","protected":false,"gt_translate_keys":[{"key":"rendered","format":"html"}]},"excerpt":{"rendered":"<p>Rreziku nga reshjet e shumta t\u00eb shiut dhe prurjet e lumenjve ende nuk ka kaluar. K\u00ebshtu deklaroi nga Gjirokastra ministri i Mbrojtjes Pirro Vengu i cili ishte i pranish\u00ebm n\u00eb mbledhjen e Komitetit t\u00eb Emergjencave Civile n\u00eb rang prefekture. Sipas tij n\u00eb terren jan\u00eb n\u00eb gatishm\u00ebri dhe punojn\u00eb t\u00eb gjitha forcat dhe strukturat e pushtetit [&hellip;]<\/p>\n","protected":false,"gt_translate_keys":[{"key":"rendered","format":"html"}]},"author":32,"featured_media":772736,"comment_status":"closed","ping_status":"open","sticky":false,"template":"","format":"standard","meta":{"footnotes":""},"categories":[65],"tags":[],"class_list":["post-772735","post","type-post","status-publish","format-standard","has-post-thumbnail","hentry","category-lajme"],"gt_translate_keys":[{"key":"link","format":"url"}],"_links":{"self":[{"href":"https:\/\/www.hashtag.al\/index.php\/wp-json\/wp\/v2\/posts\/772735","targetHints":{"allow":["GET"]}}],"collection":[{"href":"https:\/\/www.hashtag.al\/index.php\/wp-json\/wp\/v2\/posts"}],"about":[{"href":"https:\/\/www.hashtag.al\/index.php\/wp-json\/wp\/v2\/types\/post"}],"author":[{"embeddable":true,"href":"https:\/\/www.hashtag.al\/index.php\/wp-json\/wp\/v2\/users\/32"}],"replies":[{"embeddable":true,"href":"https:\/\/www.hashtag.al\/index.php\/wp-json\/wp\/v2\/comments?post=772735"}],"version-history":[{"count":99999,"href":"https:\/\/www.hashtag.al\/index.php\/wp-json\/wp\/v2\/posts\/772735\/revisions"}],"predecessor-version":[{"id":772740,"href":"https:\/\/www.hashtag.al\/index.php\/wp-json\/wp\/v2\/posts\/772735\/revisions\/772740"}],"wp:featuredmedia":[{"embeddable":true,"href":"https:\/\/www.hashtag.al\/index.php\/wp-json\/wp\/v2\/media\/772736"}],"wp:attachment":[{"href":"https:\/\/www.hashtag.al\/index.php\/wp-json\/wp\/v2\/media?parent=772735"}],"wp:term":[{"taxonomy":"category","embeddable":true,"href":"https:\/\/www.hashtag.al\/index.php\/wp-json\/wp\/v2\/categories?post=772735"},{"taxonomy":"post_tag","embeddable":true,"href":"https:\/\/www.hashtag.al\/index.php\/wp-json\/wp\/v2\/tags?post=772735"}],"curies":[{"name":"wp","href":"https:\/\/api.w.org\/{rel}","templated":true}]}}