{"id":772400,"date":"2025-11-20T11:57:00","date_gmt":"2025-11-20T10:57:00","guid":{"rendered":"https:\/\/www.hashtag.al\/?p=772400"},"modified":"2025-11-20T11:57:00","modified_gmt":"2025-11-20T10:57:00","slug":"osmani-shperndan-kuvendin-kosova-ne-zgjedhje-te-reja","status":"publish","type":"post","link":"https:\/\/www.hashtag.al\/index.php\/2025\/11\/20\/osmani-shperndan-kuvendin-kosova-ne-zgjedhje-te-reja\/","title":{"rendered":"Osmani shp\u00ebrndan Kuvendin, Kosova n\u00eb zgjedhje t\u00eb reja","gt_translate_keys":[{"key":"rendered","format":"text"}]},"content":{"rendered":"<p><img loading=\"lazy\" decoding=\"async\" class=\"aligncenter size-full wp-image-666964\" src=\"https:\/\/www.hashtag.al\/wp-content\/uploads\/2024\/04\/1692301341_vjosaosmani.jpg\" alt=\"\" width=\"780\" height=\"440\" srcset=\"https:\/\/www.hashtag.al\/wp-content\/uploads\/2024\/04\/1692301341_vjosaosmani.jpg 780w, https:\/\/www.hashtag.al\/wp-content\/uploads\/2024\/04\/1692301341_vjosaosmani-300x169.jpg 300w, https:\/\/www.hashtag.al\/wp-content\/uploads\/2024\/04\/1692301341_vjosaosmani-768x433.jpg 768w\" sizes=\"auto, (max-width: 780px) 100vw, 780px\" \/><\/p>\n<p><span style=\"color: #000000;\">Kosova do mbaj\u00eb zgjedhje t\u00eb reja pasi presidentja Osmani vendosi sot t\u00eb shp\u00ebrndaj\u00eb Kuvendin. <\/span><\/p>\n<p><span style=\"color: #000000;\">L\u00ebvizja erdhi pas nj\u00eb ng\u00ebr\u00e7i disamujor ku vendi nuk qe n\u00eb gjendje t\u00eb formonte nj\u00eb qeveri t\u00eb re me kryeministra t\u00eb propozuar Kurtin e Konjufc\u00ebn. <\/span><\/p>\n<p><span style=\"color: #000000;\">Edhe pse Vet\u00ebvendosje arriti t\u2019i fitoj\u00eb zgjedhjet nuk qe n\u00eb gjendje q\u00eb t\u00eb formonte qeverin\u00eb duke e l\u00ebn\u00eb vendin n\u00eb nj\u00eb ng\u00ebr\u00e7 t\u00eb gjat\u00eb institucional.<\/span><\/p>\n","protected":false,"gt_translate_keys":[{"key":"rendered","format":"html"}]},"excerpt":{"rendered":"<p>Kosova do mbaj\u00eb zgjedhje t\u00eb reja pasi presidentja Osmani vendosi sot t\u00eb shp\u00ebrndaj\u00eb Kuvendin. L\u00ebvizja erdhi pas nj\u00eb ng\u00ebr\u00e7i disamujor ku vendi nuk qe n\u00eb gjendje t\u00eb formonte nj\u00eb qeveri t\u00eb re me kryeministra t\u00eb propozuar Kurtin e Konjufc\u00ebn. Edhe pse Vet\u00ebvendosje arriti t\u2019i fitoj\u00eb zgjedhjet nuk qe n\u00eb gjendje q\u00eb t\u00eb formonte qeverin\u00eb duke [&hellip;]<\/p>\n","protected":false,"gt_translate_keys":[{"key":"rendered","format":"html"}]},"author":51,"featured_media":666964,"comment_status":"closed","ping_status":"open","sticky":false,"template":"","format":"standard","meta":{"footnotes":""},"categories":[149],"tags":[],"class_list":["post-772400","post","type-post","status-publish","format-standard","has-post-thumbnail","hentry","category-kosoverajon"],"gt_translate_keys":[{"key":"link","format":"url"}],"_links":{"self":[{"href":"https:\/\/www.hashtag.al\/index.php\/wp-json\/wp\/v2\/posts\/772400","targetHints":{"allow":["GET"]}}],"collection":[{"href":"https:\/\/www.hashtag.al\/index.php\/wp-json\/wp\/v2\/posts"}],"about":[{"href":"https:\/\/www.hashtag.al\/index.php\/wp-json\/wp\/v2\/types\/post"}],"author":[{"embeddable":true,"href":"https:\/\/www.hashtag.al\/index.php\/wp-json\/wp\/v2\/users\/51"}],"replies":[{"embeddable":true,"href":"https:\/\/www.hashtag.al\/index.php\/wp-json\/wp\/v2\/comments?post=772400"}],"version-history":[{"count":99999,"href":"https:\/\/www.hashtag.al\/index.php\/wp-json\/wp\/v2\/posts\/772400\/revisions"}],"predecessor-version":[{"id":772406,"href":"https:\/\/www.hashtag.al\/index.php\/wp-json\/wp\/v2\/posts\/772400\/revisions\/772406"}],"wp:featuredmedia":[{"embeddable":true,"href":"https:\/\/www.hashtag.al\/index.php\/wp-json\/wp\/v2\/media\/666964"}],"wp:attachment":[{"href":"https:\/\/www.hashtag.al\/index.php\/wp-json\/wp\/v2\/media?parent=772400"}],"wp:term":[{"taxonomy":"category","embeddable":true,"href":"https:\/\/www.hashtag.al\/index.php\/wp-json\/wp\/v2\/categories?post=772400"},{"taxonomy":"post_tag","embeddable":true,"href":"https:\/\/www.hashtag.al\/index.php\/wp-json\/wp\/v2\/tags?post=772400"}],"curies":[{"name":"wp","href":"https:\/\/api.w.org\/{rel}","templated":true}]}}