{"id":772340,"date":"2025-11-19T23:07:47","date_gmt":"2025-11-19T22:07:47","guid":{"rendered":"https:\/\/www.hashtag.al\/?p=772340"},"modified":"2025-11-19T23:07:47","modified_gmt":"2025-11-19T22:07:47","slug":"komisioni-evropian-propozon-lehtesime-per-rregulloret-e-ai-dhe-privatesise-se-te-dhenave","status":"publish","type":"post","link":"https:\/\/www.hashtag.al\/index.php\/2025\/11\/19\/komisioni-evropian-propozon-lehtesime-per-rregulloret-e-ai-dhe-privatesise-se-te-dhenave\/","title":{"rendered":"Komisioni Evropian propozon leht\u00ebsime p\u00ebr rregulloret e AI dhe privat\u00ebsis\u00eb s\u00eb t\u00eb dh\u00ebnave","gt_translate_keys":[{"key":"rendered","format":"text"}]},"content":{"rendered":"<p data-start=\"0\" data-end=\"372\"><span style=\"color: #000000;\"><img loading=\"lazy\" decoding=\"async\" class=\"aligncenter wp-image-646615 size-full\" src=\"https:\/\/www.hashtag.al\/wp-content\/uploads\/2024\/01\/Inteligjenca-artificiale-879-600x375-1.jpg\" alt=\"\" width=\"600\" height=\"375\" srcset=\"https:\/\/www.hashtag.al\/wp-content\/uploads\/2024\/01\/Inteligjenca-artificiale-879-600x375-1.jpg 600w, https:\/\/www.hashtag.al\/wp-content\/uploads\/2024\/01\/Inteligjenca-artificiale-879-600x375-1-300x188.jpg 300w\" sizes=\"auto, (max-width: 600px) 100vw, 600px\" \/><br \/>\nKomisioni Evropian ka prezantuar nj\u00eb paket\u00eb t\u00eb re propozimesh q\u00eb synon t\u00eb thjeshtoj\u00eb rregullat e inteligjenc\u00ebs artificiale dhe t\u00eb privat\u00ebsis\u00eb s\u00eb t\u00eb dh\u00ebnave n\u00eb Bashkimin Evropian. Paketa, e njohur si \u201cDigital Omnibus\u201d, vjen n\u00eb nj\u00eb moment kur BE-ja po k\u00ebrkon t\u00eb gjej\u00eb ekuilibrin mes rritjes s\u00eb inovacionit dhe ruajtjes s\u00eb standardeve t\u00eb larta t\u00eb mbrojtjes s\u00eb t\u00eb dh\u00ebnave, p\u00ebrcjell <span style=\"color: #0000ff;\"><a style=\"color: #0000ff;\" href=\"https:\/\/www.dw.com\/en\/eu-proposes-softening-ai-and-data-privacy-regulations\/a-74813949\">DW<\/a><\/span>.<\/span><\/p>\n<p data-start=\"0\" data-end=\"372\"><span style=\"color: #000000;\">Sipas Komisionit, rregullat e reja synojn\u00eb t\u00eb reduktojn\u00eb barr\u00ebn administrative dhe t\u00eb ulin kompleksitetin p\u00ebr bizneset evropiane n\u00eb sektorin dixhital. Nj\u00eb nga ndryshimet m\u00eb t\u00eb r\u00ebnd\u00ebsishme \u00ebsht\u00eb shtyrja e zbatimit t\u00eb k\u00ebrkesave t\u00eb plota p\u00ebr sistemet e AI me \u201crrezik t\u00eb lart\u00eb\u201d nga viti 2026 n\u00eb fund t\u00eb vitit 2027. Kategori t\u00eb tilla p\u00ebrfshijn\u00eb p\u00ebrdorimet biometrike, sh\u00ebrbimet kritike si energjia dhe uji, sh\u00ebndet\u00ebsin\u00eb, vler\u00ebsimin e kreditit dhe zbatimin e ligjit.<\/span><\/p>\n<p data-start=\"836\" data-end=\"1218\"><span style=\"color: #000000;\">Komisioni gjithashtu propozon qart\u00ebsimin e kritereve se kur t\u00eb dh\u00ebnat nuk konsiderohen m\u00eb personale sipas GDPR, duke hapur rrug\u00eb p\u00ebr p\u00ebrdorimin e t\u00eb dh\u00ebnave t\u00eb anonimizuara n\u00eb trajnimin e modeleve t\u00eb AI. N\u00eb t\u00eb nj\u00ebjt\u00ebn koh\u00eb, parashikohen ndryshime n\u00eb rregullat p\u00ebr cookie-t, me synimin q\u00eb p\u00ebrdoruesit t\u00eb mos p\u00ebrballen m\u00eb me k\u00ebrkesa t\u00eb shpeshta p\u00ebr p\u00eblqim gjat\u00eb navigimit n\u00eb internet.<\/span><\/p>\n<p data-start=\"1220\" data-end=\"1549\"><span style=\"color: #000000;\">Komisioner\u00ebt e BE-s\u00eb kan\u00eb argumentuar se kjo paket\u00eb \u00ebsht\u00eb e nevojshme p\u00ebr t\u00eb forcuar konkurrueshm\u00ebrin\u00eb e Evrop\u00ebs, e cila sipas tyre ka mbetur prapa Shteteve t\u00eb Bashkuara dhe vendeve t\u00eb Azis\u00eb Lindore n\u00eb gar\u00ebn teknologjike. Ata theksuan se rregullat duhet t\u00eb jen\u00eb \u201cshtes\u00eb vlere\u201d p\u00ebr ekonomin\u00eb evropiane, jo penges\u00eb p\u00ebr inovacionin.<\/span><\/p>\n<p data-start=\"1551\" data-end=\"1974\"><span style=\"color: #000000;\">Megjithat\u00eb, propozimet kan\u00eb hasur kund\u00ebrshtime t\u00eb forta nga grupet e privat\u00ebsis\u00eb dhe mbrojtjes s\u00eb konsumatorit, t\u00eb cilat kan\u00eb paralajm\u00ebruar se BE po rrezikon t\u00eb dob\u00ebsoj\u00eb mbrojtjet e qytetar\u00ebve n\u00ebn presionin e korporatave t\u00eb m\u00ebdha teknologjike. Aktivist\u00ebt e privat\u00ebsis\u00eb kan\u00eb e quajtur paket\u00ebn \u201csulmin m\u00eb t\u00eb madh ndaj t\u00eb drejtave dixhitale n\u00eb vite\u201d, duke paralajm\u00ebruar se \u00e7do leht\u00ebsim duhet t\u00eb shoq\u00ebrohet me garanci t\u00eb forta.<\/span><\/p>\n<p data-start=\"1976\" data-end=\"2268\" data-is-last-node=\"\" data-is-only-node=\"\"><span style=\"color: #000000;\">Propozimet do t\u2019i n\u00ebnshtrohen tani diskutimeve dhe negociatave mes shteteve an\u00ebtare dhe Parlamentit Evropian. Debati pritet t\u00eb jet\u00eb i nxeht\u00eb, nd\u00ebrsa BE k\u00ebrkon t\u00eb gjej\u00eb nj\u00eb rrug\u00eb t\u00eb mesme mes nxitjes s\u00eb inovacionit dhe ruajtjes s\u00eb standardeve t\u00eb larta t\u00eb privat\u00ebsis\u00eb dhe t\u00eb drejtave themelore.<\/span><\/p>\n","protected":false,"gt_translate_keys":[{"key":"rendered","format":"html"}]},"excerpt":{"rendered":"<p>Komisioni Evropian ka prezantuar nj\u00eb paket\u00eb t\u00eb re propozimesh q\u00eb synon t\u00eb thjeshtoj\u00eb rregullat e inteligjenc\u00ebs artificiale dhe t\u00eb privat\u00ebsis\u00eb s\u00eb t\u00eb dh\u00ebnave n\u00eb Bashkimin Evropian. Paketa, e njohur si \u201cDigital Omnibus\u201d, vjen n\u00eb nj\u00eb moment kur BE-ja po k\u00ebrkon t\u00eb gjej\u00eb ekuilibrin mes rritjes s\u00eb inovacionit dhe ruajtjes s\u00eb standardeve t\u00eb larta t\u00eb mbrojtjes [&hellip;]<\/p>\n","protected":false,"gt_translate_keys":[{"key":"rendered","format":"html"}]},"author":32,"featured_media":646615,"comment_status":"closed","ping_status":"open","sticky":false,"template":"","format":"standard","meta":{"footnotes":""},"categories":[53],"tags":[],"class_list":["post-772340","post","type-post","status-publish","format-standard","has-post-thumbnail","hentry","category-fast-foodi"],"gt_translate_keys":[{"key":"link","format":"url"}],"_links":{"self":[{"href":"https:\/\/www.hashtag.al\/index.php\/wp-json\/wp\/v2\/posts\/772340","targetHints":{"allow":["GET"]}}],"collection":[{"href":"https:\/\/www.hashtag.al\/index.php\/wp-json\/wp\/v2\/posts"}],"about":[{"href":"https:\/\/www.hashtag.al\/index.php\/wp-json\/wp\/v2\/types\/post"}],"author":[{"embeddable":true,"href":"https:\/\/www.hashtag.al\/index.php\/wp-json\/wp\/v2\/users\/32"}],"replies":[{"embeddable":true,"href":"https:\/\/www.hashtag.al\/index.php\/wp-json\/wp\/v2\/comments?post=772340"}],"version-history":[{"count":99999,"href":"https:\/\/www.hashtag.al\/index.php\/wp-json\/wp\/v2\/posts\/772340\/revisions"}],"predecessor-version":[{"id":772341,"href":"https:\/\/www.hashtag.al\/index.php\/wp-json\/wp\/v2\/posts\/772340\/revisions\/772341"}],"wp:featuredmedia":[{"embeddable":true,"href":"https:\/\/www.hashtag.al\/index.php\/wp-json\/wp\/v2\/media\/646615"}],"wp:attachment":[{"href":"https:\/\/www.hashtag.al\/index.php\/wp-json\/wp\/v2\/media?parent=772340"}],"wp:term":[{"taxonomy":"category","embeddable":true,"href":"https:\/\/www.hashtag.al\/index.php\/wp-json\/wp\/v2\/categories?post=772340"},{"taxonomy":"post_tag","embeddable":true,"href":"https:\/\/www.hashtag.al\/index.php\/wp-json\/wp\/v2\/tags?post=772340"}],"curies":[{"name":"wp","href":"https:\/\/api.w.org\/{rel}","templated":true}]}}