{"id":772268,"date":"2025-11-19T17:33:20","date_gmt":"2025-11-19T16:33:20","guid":{"rendered":"https:\/\/www.hashtag.al\/?p=772268"},"modified":"2025-11-19T17:33:20","modified_gmt":"2025-11-19T16:33:20","slug":"idf-godet-vale-objektivash-te-hezbollahut-ne-libanin-jugor-pas-paralajmerimeve-per-evakuim","status":"publish","type":"post","link":"https:\/\/www.hashtag.al\/index.php\/2025\/11\/19\/idf-godet-vale-objektivash-te-hezbollahut-ne-libanin-jugor-pas-paralajmerimeve-per-evakuim\/","title":{"rendered":"IDF godet val\u00eb objektivash t\u00eb Hezbollahut n\u00eb Libanin jugor pas paralajm\u00ebrimeve p\u00ebr evakuim","gt_translate_keys":[{"key":"rendered","format":"text"}]},"content":{"rendered":"<p><span style=\"color: #000000;\"><img loading=\"lazy\" decoding=\"async\" class=\"alignnone size-medium wp-image-772270\" src=\"https:\/\/www.hashtag.al\/wp-content\/uploads\/2025\/11\/Screenshot-2025-11-19-081412-300x181.png\" alt=\"\" width=\"300\" height=\"181\" srcset=\"https:\/\/www.hashtag.al\/wp-content\/uploads\/2025\/11\/Screenshot-2025-11-19-081412-300x181.png 300w, https:\/\/www.hashtag.al\/wp-content\/uploads\/2025\/11\/Screenshot-2025-11-19-081412-768x463.png 768w, https:\/\/www.hashtag.al\/wp-content\/uploads\/2025\/11\/Screenshot-2025-11-19-081412.png 833w\" sizes=\"auto, (max-width: 300px) 100vw, 300px\" \/><\/span><\/p>\n<p><span style=\"color: #000000;\">Ushtria izraelite l\u00ebshoi t\u00eb m\u00ebrkur\u00ebn pasdite nj\u00eb seri sulmesh ajrore ndaj objektivave t\u00eb Hezbollahut n\u00eb Libanin jugor, pak minuta pasi u b\u00ebri thirrje banor\u00ebve t\u00eb disa fshatrave t\u00eb largoheshin nga zonat e rrezikut.<\/span><\/p>\n<p><span style=\"color: #000000;\">Sipas IDF-s\u00eb, sulmet nis\u00ebn rreth or\u00ebs 15:30 n\u00eb fshatrat Deir Kifa dhe Chehour, menj\u00ebher\u00eb pas paralajm\u00ebrimit publik t\u00eb z\u00ebdh\u00ebn\u00ebsit t\u00eb ushtris\u00eb n\u00eb gjuh\u00ebn arabe, Avichay Adraee, i cili u k\u00ebrkoi banor\u00ebve t\u00eb evakuonin godinat q\u00eb dyshohen se strehojn\u00eb infrastruktur\u00eb ushtarake t\u00eb Hezbollahut.<\/span><\/p>\n<p><span style=\"color: #000000;\">Brenda 30 minutash, paralajm\u00ebrime t\u00eb ngjashme u l\u00ebshuan edhe p\u00ebr fshatrat Aynata dhe Tayr Felsay, t\u00eb cilat u godit\u00ebn pak m\u00eb pas.<\/span><\/p>\n<p><span style=\"color: #000000;\">N\u00eb paralajm\u00ebrimin e tij \u201curgjent\u201d, Adraee shkroi se IDF-ja do t\u00eb synonte \u201c<em>infrastruktur\u00ebn ushtarake t\u00eb Hezbollahut p\u00ebr t\u00eb penguar p\u00ebrpjekjet e tij p\u00ebr t\u00eb rikthyer aktivitetet n\u00eb zon\u00eb\u201d,<\/em> duke u b\u00ebr\u00eb thirrje banor\u00ebve t\u00eb largoheshin menj\u00ebher\u00eb, p\u00ebrcjell <span style=\"color: #0000ff;\"><a style=\"color: #0000ff;\" href=\"https:\/\/www.ynetnews.com\/article\/s1gipiiezl#autoplay\">Ynet.<\/a><\/span><\/span><\/p>\n<p><span style=\"color: #000000;\">Sulmi pasoi nj\u00eb sulm t\u00eb nj\u00eb dite m\u00eb par\u00eb, ku nj\u00eb goditje izraelite vrau 14 operativ\u00eb t\u00eb Hamasit dhe plagosi 28 t\u00eb tjer\u00eb n\u00eb kampin e refugjat\u00ebve Ain al-Hilweh pran\u00eb Sidonit. Mediat pran\u00eb Hezbollahut e cil\u00ebsuan sulmin si \u201cmasak\u00ebr\u201d, duke pretenduar se n\u00eb sh\u00ebnjest\u00ebr ishin civil\u00ebt.<\/span><\/p>\n<p><span style=\"color: #000000;\">Si p\u00ebrgjigje, IDF publikoi nj\u00eb flet\u00eb-rekrutim t\u00eb gjetur n\u00eb kamp, e cila \u2013 sipas saj \u2013 u b\u00ebnte thirrje t\u00eb rinjve palestinez\u00eb t\u2019i bashkoheshin \u201crezistenc\u00ebs\u201d.<\/span><\/p>\n<p><span style=\"color: #000000;\">\u00a0Nj\u00eb nga vendet e rekrutimit, pran\u00eb xhamis\u00eb Khalid Ibn al-Walid, u godit t\u00eb mart\u00ebn.<\/span><\/p>\n<p><span style=\"color: #000000;\">Adraee tha se pretendimet p\u00ebr nj\u00eb \u201cmasak\u00ebr\u201d ishin \u201cp\u00ebrpjekje t\u00eb d\u00ebshp\u00ebruara t\u00eb Hamasit dhe element\u00ebve libanez\u00eb p\u00ebr t\u00eb fshehur terrorizmin e v\u00ebrtet\u00eb\u201d.<\/span><\/p>\n<p><span style=\"color: #000000;\"><strong>Reagime n\u00eb Liban<\/strong><\/span><\/p>\n<p><span style=\"color: #000000;\">T\u00eb m\u00ebrkur\u00ebn n\u00eb m\u00ebngjes, mediat libaneze transmetuan pamje nga zonat e goditura dhe raportuan nj\u00eb grev\u00eb t\u00eb p\u00ebrgjithshme n\u00eb kampin Ain al-Hilweh. Shkollat n\u00eb Sidon u mbyll\u00ebn n\u00eb shenj\u00eb proteste kund\u00ebr sulmit izraelit.<\/span><\/p>\n<p><img decoding=\"async\" src=\"https:\/\/ynet-pic1.yit.co.il\/cdn-cgi\/image\/format=auto\/picserver6\/crop_images\/2025\/11\/19\/rk00BFHoeWg\/rk00BFHoeWg_0_827_900_507_0_x-large.jpg\" alt=\"\u05ea\u05e7\u05d9\u05e4\u05d5\u05ea \u05d1\u05d3\u05d9\u05e8 \u05db\u05d9\u05e4\u05d0, \u05dc\u05d1\u05e0\u05d5\u05df\" \/><\/p>\n<p><span style=\"color: #000000;\">Nj\u00eb media pro boshtit shiit shkroi se \u201ckampi u zgjua me plag\u00eb q\u00eb kujtonin vet\u00ebm Nakb\u00ebn\u201d.<\/span><\/p>\n<p><span style=\"color: #000000;\">Kampi Ain al-Hilweh, nj\u00eb nga 12 kampet palestineze n\u00eb Liban, mbetet i armatosur r\u00ebnd\u00eb, pavar\u00ebsisht se muajt e fundit nj\u00eb pjes\u00eb e arm\u00ebve t\u00eb PLO-s\u00eb jan\u00eb dor\u00ebzuar tek ushtria libaneze.<\/span><\/p>\n<p><span style=\"color: #000000;\">Ushtria libaneze njoftoi n\u00eb shtator se kishte marr\u00eb tet\u00eb kamion\u00eb me arm\u00eb nga dy kampe palestineze, mes tyre Ain al-Hilweh.<\/span><\/p>\n<p><span style=\"color: #000000;\">Mediat shtet\u00ebrore libaneze raportuan p\u00ebr nj\u00eb takim t\u00eb figurave lokale n\u00eb Sidon t\u00eb m\u00ebrkur\u00ebn, t\u00eb cil\u00ebt po p\u00ebrgatisin nj\u00eb deklarat\u00eb t\u00eb p\u00ebrbashk\u00ebt kund\u00ebr sulmit.<\/span><\/p>\n<p><span style=\"color: #000000;\">Nd\u00ebrkoh\u00eb, presidenti libanez Joseph Aoun nuk ka dh\u00ebn\u00eb ende nj\u00eb deklarat\u00eb p\u00ebr sulmet.<\/span><\/p>\n<p><img decoding=\"async\" src=\"https:\/\/ynet-pic1.yit.co.il\/cdn-cgi\/image\/format=auto\/picserver6\/crop_images\/2025\/11\/19\/H1Lr9IieZg\/H1Lr9IieZg_0_0_3000_2000_0_x-large.jpg\" alt=\"\u05d6\u05d9\u05e8\u05ea \u05d4\u05ea\u05e7\u05d9\u05e4\u05d4 \u05d1\u05d3\u05d9\u05e8 \u05db\u05d9\u05e4\u05d0\" \/><\/p>\n<p><span style=\"color: #000000;\">Zyrtarisht, Presidenca b\u00ebri t\u00eb ditur se biseda e tij me shefin e ushtris\u00eb, gjeneralin Rodolphe Haykal, kishte trajtuar vet\u00ebm vrasjen e dy ushtar\u00ebve libanez\u00eb gjat\u00eb nj\u00eb operacioni kund\u00ebr trafikant\u00ebve t\u00eb drog\u00ebs n\u00eb Baalbek, pa p\u00ebrmendur sulmin izraelit.<\/span><\/p>\n<p>&nbsp;<\/p>\n<p><span style=\"color: #000000;\"><strong>Reagimi i Hezbollahut<\/strong><\/span><\/p>\n<p><span style=\"color: #000000;\">Hezbollah e d\u00ebnoi ashp\u00ebr sulmin, duke pretenduar se ai goditi \u201cnj\u00eb zon\u00eb t\u00eb dendur me civil\u00eb dhe f\u00ebmij\u00eb\u201d dhe se p\u00ebrb\u00ebn \u201cshkelje t\u00eb sovranitetit t\u00eb Libanit, marr\u00ebveshjes s\u00eb arm\u00ebpushimit dhe Rezolut\u00ebs 1701\u201d.<\/span><\/p>\n<p><span style=\"color: #000000;\">Grupi deklaroi se \u00e7do \u201cdob\u00ebsi apo n\u00ebnshtrim\u201d i institucioneve shtet\u00ebrore libaneze ndaj Izraelit \u201cdo ta inkurajonte edhe m\u00eb shum\u00eb agresionin\u201d.<\/span><\/p>\n<p><span style=\"color: #000000;\">Nd\u00ebrkoh\u00eb, raportime t\u00eb reja nga Libani t\u00eb m\u00ebrkur\u00ebn n\u00eb m\u00ebngjes flasin p\u00ebr nj\u00eb tjet\u00ebr viktim\u00eb dhe 11 t\u00eb plagosur nga nj\u00eb goditje izraelite n\u00eb fshatin At-Tiri, p\u00ebrfshir\u00eb nx\u00ebn\u00ebs q\u00eb udh\u00ebtonin me nj\u00eb autobus shkolle.<\/span><\/p>\n<p><img decoding=\"async\" src=\"https:\/\/ynet-pic1.yit.co.il\/cdn-cgi\/image\/format=auto\/picserver6\/crop_images\/2025\/11\/19\/HyN009LolWg\/HyN009LolWg_0_0_3000_2000_0_x-large.jpg\" alt=\"\u05d6\u05d9\u05e8\u05ea \u05d4\u05ea\u05e7\u05d9\u05e4\u05d4 \u05d1\u05d3\u05d9\u05e8 \u05db\u05d9\u05e4\u05d0\" \/><\/p>\n","protected":false,"gt_translate_keys":[{"key":"rendered","format":"html"}]},"excerpt":{"rendered":"<p>Ushtria izraelite l\u00ebshoi t\u00eb m\u00ebrkur\u00ebn pasdite nj\u00eb seri sulmesh ajrore ndaj objektivave t\u00eb Hezbollahut n\u00eb Libanin jugor, pak minuta pasi u b\u00ebri thirrje banor\u00ebve t\u00eb disa fshatrave t\u00eb largoheshin nga zonat e rrezikut. Sipas IDF-s\u00eb, sulmet nis\u00ebn rreth or\u00ebs 15:30 n\u00eb fshatrat Deir Kifa dhe Chehour, menj\u00ebher\u00eb pas paralajm\u00ebrimit publik t\u00eb z\u00ebdh\u00ebn\u00ebsit t\u00eb ushtris\u00eb n\u00eb [&hellip;]<\/p>\n","protected":false,"gt_translate_keys":[{"key":"rendered","format":"html"}]},"author":32,"featured_media":772270,"comment_status":"closed","ping_status":"open","sticky":false,"template":"","format":"standard","meta":{"footnotes":""},"categories":[6],"tags":[],"class_list":["post-772268","post","type-post","status-publish","format-standard","has-post-thumbnail","hentry","category-nderkombetare"],"gt_translate_keys":[{"key":"link","format":"url"}],"_links":{"self":[{"href":"https:\/\/www.hashtag.al\/index.php\/wp-json\/wp\/v2\/posts\/772268","targetHints":{"allow":["GET"]}}],"collection":[{"href":"https:\/\/www.hashtag.al\/index.php\/wp-json\/wp\/v2\/posts"}],"about":[{"href":"https:\/\/www.hashtag.al\/index.php\/wp-json\/wp\/v2\/types\/post"}],"author":[{"embeddable":true,"href":"https:\/\/www.hashtag.al\/index.php\/wp-json\/wp\/v2\/users\/32"}],"replies":[{"embeddable":true,"href":"https:\/\/www.hashtag.al\/index.php\/wp-json\/wp\/v2\/comments?post=772268"}],"version-history":[{"count":99999,"href":"https:\/\/www.hashtag.al\/index.php\/wp-json\/wp\/v2\/posts\/772268\/revisions"}],"predecessor-version":[{"id":772271,"href":"https:\/\/www.hashtag.al\/index.php\/wp-json\/wp\/v2\/posts\/772268\/revisions\/772271"}],"wp:featuredmedia":[{"embeddable":true,"href":"https:\/\/www.hashtag.al\/index.php\/wp-json\/wp\/v2\/media\/772270"}],"wp:attachment":[{"href":"https:\/\/www.hashtag.al\/index.php\/wp-json\/wp\/v2\/media?parent=772268"}],"wp:term":[{"taxonomy":"category","embeddable":true,"href":"https:\/\/www.hashtag.al\/index.php\/wp-json\/wp\/v2\/categories?post=772268"},{"taxonomy":"post_tag","embeddable":true,"href":"https:\/\/www.hashtag.al\/index.php\/wp-json\/wp\/v2\/tags?post=772268"}],"curies":[{"name":"wp","href":"https:\/\/api.w.org\/{rel}","templated":true}]}}