{"id":772257,"date":"2025-11-19T16:10:36","date_gmt":"2025-11-19T15:10:36","guid":{"rendered":"https:\/\/www.hashtag.al\/?p=772257"},"modified":"2025-11-19T16:10:36","modified_gmt":"2025-11-19T15:10:36","slug":"kuvendi-i-kosoves-rrezon-glauk-konjufcen-vendi-drejt-zgjedhjeve-te-parakohshme","status":"publish","type":"post","link":"https:\/\/www.hashtag.al\/index.php\/2025\/11\/19\/kuvendi-i-kosoves-rrezon-glauk-konjufcen-vendi-drejt-zgjedhjeve-te-parakohshme\/","title":{"rendered":"Kuvendi i Kosov\u00ebs rr\u00ebzon Glauk Konjufc\u00ebn, vendi drejt zgjedhjeve t\u00eb parakohshme","gt_translate_keys":[{"key":"rendered","format":"text"}]},"content":{"rendered":"<p><span style=\"color: #000000;\"><img loading=\"lazy\" decoding=\"async\" class=\"alignnone size-medium wp-image-772258\" src=\"https:\/\/www.hashtag.al\/wp-content\/uploads\/2025\/11\/Screenshot-2025-11-19-070447-300x151.png\" alt=\"\" width=\"300\" height=\"151\" srcset=\"https:\/\/www.hashtag.al\/wp-content\/uploads\/2025\/11\/Screenshot-2025-11-19-070447-300x151.png 300w, https:\/\/www.hashtag.al\/wp-content\/uploads\/2025\/11\/Screenshot-2025-11-19-070447-768x385.png 768w, https:\/\/www.hashtag.al\/wp-content\/uploads\/2025\/11\/Screenshot-2025-11-19-070447.png 873w\" sizes=\"auto, (max-width: 300px) 100vw, 300px\" \/><\/span><\/p>\n<p><span style=\"color: #000000;\">I mandatuari p\u00ebr kryeminist\u00ebr i Kosov\u00ebs, Glauk Konjufca i partis\u00eb L\u00ebvizja Vet\u00ebvendosje, ka d\u00ebshtuar p\u00ebr t\u00eb formuar qeverin\u00eb e re.<\/span><\/p>\n<p><span style=\"color: #000000;\">Kuvendi i Kosov\u00ebs votoi kund\u00ebr formimit t\u00eb qeveris\u00eb me Konjufc\u00ebn kryeminist\u00ebr duke e rr\u00ebzuar me 53 vota kund\u00ebr dhe 4 abstenim, 56 deputet\u00eb votuan pro tij. Konjufca duhet t\u00eb siguronte minimumi 61 vota p\u00ebr t\u00eb formuar qeverin\u00eb.<\/span><\/p>\n<p><span style=\"color: #000000;\">N\u00eb k\u00ebt\u00eb rast Kosov\u00ebs i \u00ebsht\u00eb hapur rruga p\u00ebr t\u00eb shkruar drejt zgjedhjeve t\u00eb reja t\u00eb p\u00ebrgjithshme, t\u00eb fundit t\u00eb cilat u zhvilluan m\u00eb dat\u00eb 9 shkurt.<\/span><\/p>\n<p><span style=\"color: #000000;\">I pari q\u00eb d\u00ebshtoi n\u00eb formimin e qeveris\u00eb, ishte kryeministri n\u00eb detyr\u00eb Albin Kurti m\u00eb 26 tetor me 56 vota pro, 52 kund\u00ebr dhe 4 abstenim. Kurti m\u00eb pas i hapi rrug\u00eb Konjufc\u00ebs, i cili u mandatua nga presidentja Vjosa Osmani m\u00eb 4 n\u00ebntor.<\/span><\/p>\n<p><span style=\"color: #000000;\">Me rastin e d\u00ebshtimit t\u00eb Konjufc\u00ebs, presidentja Osmani ka si detyrim ligjor p\u00ebr t\u00eb shpallur zgjedhjet e parakohshme, t\u00eb cil\u00ebt duhet t\u00eb mbahen brenda 40 dit\u00ebve nga shpallja.<\/span><\/p>\n<p><span style=\"color: #000000;\">Qeveria e propozuar nga Konjufca nuk kishte pothuajse asnj\u00eb ndryshim nga ajo e Albin Kurtit. I vetmi ndryshim ishte ministri i Infrastruktur\u00ebs dhe Transportit, ku Glauk Konjufca ia kishte besuar si post Besnik Bislimit n\u00eb vend t\u00eb Dimal Bash\u00ebs. N\u00eb k\u00ebt\u00eb qeveri, Kurti do t\u00eb luante rolin e Ministrit t\u00eb Jasht\u00ebm.<\/span><\/p>\n<p><span style=\"color: #000000;\"><em>\u201cSynojm\u00eb ta kursejm\u00eb Kosov\u00ebn nga zgjedhje t\u00eb tjera. Do t\u00eb ishte arroganc\u00eb ta \u00e7ojm\u00eb vendin n\u00eb zgjedhje s\u00ebrish. N\u00ebse i mbajn\u00eb m\u00eb dhjetor, kush na garanton q\u00eb nuk shkojm\u00eb edhe n\u00eb mars. T\u00eb mos harrojm\u00eb q\u00eb ideja e domosdoshm\u00ebris\u00eb p\u00ebr mandatarin e dyt\u00eb lindi pas d\u00ebshtimit n\u00eb mbledhjen e Kryesis\u00eb s\u00eb Kuvendit\u201d,<\/em> tha Konjufca p\u00ebrpara ligjv\u00ebn\u00ebsve.<\/span><\/p>\n","protected":false,"gt_translate_keys":[{"key":"rendered","format":"html"}]},"excerpt":{"rendered":"<p>I mandatuari p\u00ebr kryeminist\u00ebr i Kosov\u00ebs, Glauk Konjufca i partis\u00eb L\u00ebvizja Vet\u00ebvendosje, ka d\u00ebshtuar p\u00ebr t\u00eb formuar qeverin\u00eb e re. Kuvendi i Kosov\u00ebs votoi kund\u00ebr formimit t\u00eb qeveris\u00eb me Konjufc\u00ebn kryeminist\u00ebr duke e rr\u00ebzuar me 53 vota kund\u00ebr dhe 4 abstenim, 56 deputet\u00eb votuan pro tij. Konjufca duhet t\u00eb siguronte minimumi 61 vota p\u00ebr t\u00eb [&hellip;]<\/p>\n","protected":false,"gt_translate_keys":[{"key":"rendered","format":"html"}]},"author":32,"featured_media":772258,"comment_status":"closed","ping_status":"open","sticky":false,"template":"","format":"standard","meta":{"footnotes":""},"categories":[149],"tags":[],"class_list":["post-772257","post","type-post","status-publish","format-standard","has-post-thumbnail","hentry","category-kosoverajon"],"gt_translate_keys":[{"key":"link","format":"url"}],"_links":{"self":[{"href":"https:\/\/www.hashtag.al\/index.php\/wp-json\/wp\/v2\/posts\/772257","targetHints":{"allow":["GET"]}}],"collection":[{"href":"https:\/\/www.hashtag.al\/index.php\/wp-json\/wp\/v2\/posts"}],"about":[{"href":"https:\/\/www.hashtag.al\/index.php\/wp-json\/wp\/v2\/types\/post"}],"author":[{"embeddable":true,"href":"https:\/\/www.hashtag.al\/index.php\/wp-json\/wp\/v2\/users\/32"}],"replies":[{"embeddable":true,"href":"https:\/\/www.hashtag.al\/index.php\/wp-json\/wp\/v2\/comments?post=772257"}],"version-history":[{"count":99999,"href":"https:\/\/www.hashtag.al\/index.php\/wp-json\/wp\/v2\/posts\/772257\/revisions"}],"predecessor-version":[{"id":772259,"href":"https:\/\/www.hashtag.al\/index.php\/wp-json\/wp\/v2\/posts\/772257\/revisions\/772259"}],"wp:featuredmedia":[{"embeddable":true,"href":"https:\/\/www.hashtag.al\/index.php\/wp-json\/wp\/v2\/media\/772258"}],"wp:attachment":[{"href":"https:\/\/www.hashtag.al\/index.php\/wp-json\/wp\/v2\/media?parent=772257"}],"wp:term":[{"taxonomy":"category","embeddable":true,"href":"https:\/\/www.hashtag.al\/index.php\/wp-json\/wp\/v2\/categories?post=772257"},{"taxonomy":"post_tag","embeddable":true,"href":"https:\/\/www.hashtag.al\/index.php\/wp-json\/wp\/v2\/tags?post=772257"}],"curies":[{"name":"wp","href":"https:\/\/api.w.org\/{rel}","templated":true}]}}