{"id":772246,"date":"2025-11-19T15:18:43","date_gmt":"2025-11-19T14:18:43","guid":{"rendered":"https:\/\/www.hashtag.al\/?p=772246"},"modified":"2025-11-19T15:18:43","modified_gmt":"2025-11-19T14:18:43","slug":"gjekmarkaj-akuzon-qeverine-buxheti-2026-braktisje-per-veriun","status":"publish","type":"post","link":"https:\/\/www.hashtag.al\/index.php\/2025\/11\/19\/gjekmarkaj-akuzon-qeverine-buxheti-2026-braktisje-per-veriun\/","title":{"rendered":"Gjekmarkaj akuzon qeverin\u00eb: Buxheti 2026, braktisje p\u00ebr Veriun","gt_translate_keys":[{"key":"rendered","format":"text"}]},"content":{"rendered":"<p><span style=\"color: #000000;\"><img loading=\"lazy\" decoding=\"async\" class=\"alignnone size-medium wp-image-772247\" src=\"https:\/\/www.hashtag.al\/wp-content\/uploads\/2025\/11\/Screenshot-2025-11-19-060418-300x190.png\" alt=\"\" width=\"300\" height=\"190\" srcset=\"https:\/\/www.hashtag.al\/wp-content\/uploads\/2025\/11\/Screenshot-2025-11-19-060418-300x190.png 300w, https:\/\/www.hashtag.al\/wp-content\/uploads\/2025\/11\/Screenshot-2025-11-19-060418.png 657w\" sizes=\"auto, (max-width: 300px) 100vw, 300px\" \/><\/span><\/p>\n<p><span style=\"color: #000000;\">N\u00eb nj\u00eb seanc\u00eb t\u00eb tensionuar parlamentare, n\u00ebnkryetari i Partis\u00eb Demokratike, Agron Gjekmarkaj, ka akuzuar qeverin\u00eb se projektbuxheti i vitit 2026 p\u00ebrfaq\u00ebson nj\u00eb akt t\u00eb hapur braktisjeje ndaj qytetar\u00ebve t\u00eb Veriut.<\/span><\/p>\n<p><span style=\"color: #000000;\">Gjat\u00eb fjal\u00ebs s\u00eb tij n\u00eb Kuvend, ai denoncoi munges\u00ebn e investimeve n\u00eb infrastruktur\u00eb, energji, bujq\u00ebsi dhe turiz\u00ebm, duke e cil\u00ebsuar dokumentin financiar si nj\u00eb \u201cbuxhet propagande\u201d.<\/span><\/p>\n<p><span style=\"color: #000000;\"><em>\u201cBuxheti nuk \u00ebsht\u00eb let\u00ebr. Buxheti \u00ebsht\u00eb drita ose err\u00ebsira e qytetar\u00ebve. \u00cbsht\u00eb mir\u00ebqenie ose mjerim. \u00cbsht\u00eb shpres\u00eb ose braktisje,\u201d<\/em> deklaroi Gjekmarkaj, duke shtuar se Lezha, Mirdita dhe Kurbini marrin vet\u00ebm th\u00ebrrime, nd\u00ebrsa fondet p\u00ebrfundojn\u00eb tek nj\u00eb grusht biznesmen\u00ebsh t\u00eb lidhur me pushtetin.<\/span><\/p>\n<p><span style=\"color: #000000;\">Ai solli n\u00eb v\u00ebmendje p\u00ebrmbytjet e dit\u00ebve t\u00eb fundit n\u00eb Mamurras, Zejmen dhe Pllan\u00eb, duke theksuar se nj\u00eb shi i vet\u00ebm mjaftoi p\u00ebr t\u00eb nxjerr\u00eb n\u00eb pah d\u00ebshtimin e sistemit t\u00eb drenazhit dhe munges\u00ebn e mir\u00ebmbajtjes s\u00eb hidrovoreve.<\/span><\/p>\n<p><span style=\"color: #000000;\">\u201c<em>Kjo nuk \u00ebsht\u00eb natyr\u00eb. Kjo \u00ebsht\u00eb keqmenaxhim, \u00ebsht\u00eb munges\u00eb investimesh, \u00ebsht\u00eb d\u00ebshtim buxhetor,\u201d<\/em> u shpreh ai.<\/span><\/p>\n<p><span style=\"color: #000000;\">Gjekmarkaj akuzoi qeverin\u00eb p\u00ebr shp\u00ebrndarje klienteliste t\u00eb fondeve bujq\u00ebsore, duke th\u00ebn\u00eb se \u201cfermeri i ndersh\u00ebm nuk ka par\u00eb asnj\u00eb ndihm\u00eb\u201d, nd\u00ebrsa prodhimet po kalben n\u00eb fush\u00eb. Ai denoncoi edhe situat\u00ebn n\u00eb turiz\u00ebm, ku sipas tij mungesa e fuqis\u00eb pun\u00ebtore dhe emigrimi po d\u00ebmtojn\u00eb zonat si Sh\u00ebngjini dhe Tale.<\/span><\/p>\n<p><span style=\"color: #000000;\">N\u00eb sektorin e arsimit, ai p\u00ebrmendi mbylljen e shkollave dhe zbrazjen e fshatrave n\u00eb Mirdit\u00eb, nd\u00ebrsa n\u00eb ndihm\u00ebn sociale dhe pensione, qindra familje sipas tij jetojn\u00eb n\u00eb varf\u00ebri ekstreme pa asnj\u00eb rritje reale t\u00eb mb\u00ebshtetjes.<\/span><\/p>\n<p><span style=\"color: #000000;\"><em>\u201cKy buxhet nuk \u00ebsht\u00eb i juaji. Ky buxhet nuk \u00ebsht\u00eb p\u00ebr ju. Ky buxhet nuk zgjidh asnj\u00eb nga problemet q\u00eb ju prekin p\u00ebrdit\u00eb,\u201d tha Gjekmarkaj, duke i b\u00ebr\u00eb thirrje SPAK-ut dhe institucioneve t\u00eb drejt\u00ebsis\u00eb t\u00eb hetojn\u00eb \u00e7do fond dhe tender q\u00eb ka prodhuar \u201cvarf\u00ebri, p\u00ebrmbytje, shkat\u00ebrrim e emigrim\u201d.=<\/em> tha ai.<\/span><\/p>\n<p><span style=\"color: #000000;\">N\u00eb p\u00ebrmbyllje, ai theksoi se Veriu nuk k\u00ebrkon m\u00eb premtime, por investime reale: \u201c<em>Veriu nuk do th\u00ebrrime. Veriu nuk do propagand\u00eb. Veriu nuk do fasada. Veriu meriton buxhet t\u00eb drejt\u00eb, shkolla q\u00eb nuk mbyllen, bujq\u00ebsi q\u00eb prodhon e fiton, turiz\u00ebm q\u00eb pun\u00ebson, pensione t\u00eb ndershme dhe nj\u00eb qeveri q\u00eb punon, jo q\u00eb mashtron.\u201d<\/em><\/span><\/p>\n","protected":false,"gt_translate_keys":[{"key":"rendered","format":"html"}]},"excerpt":{"rendered":"<p>N\u00eb nj\u00eb seanc\u00eb t\u00eb tensionuar parlamentare, n\u00ebnkryetari i Partis\u00eb Demokratike, Agron Gjekmarkaj, ka akuzuar qeverin\u00eb se projektbuxheti i vitit 2026 p\u00ebrfaq\u00ebson nj\u00eb akt t\u00eb hapur braktisjeje ndaj qytetar\u00ebve t\u00eb Veriut. Gjat\u00eb fjal\u00ebs s\u00eb tij n\u00eb Kuvend, ai denoncoi munges\u00ebn e investimeve n\u00eb infrastruktur\u00eb, energji, bujq\u00ebsi dhe turiz\u00ebm, duke e cil\u00ebsuar dokumentin financiar si nj\u00eb \u201cbuxhet [&hellip;]<\/p>\n","protected":false,"gt_translate_keys":[{"key":"rendered","format":"html"}]},"author":32,"featured_media":772247,"comment_status":"closed","ping_status":"open","sticky":false,"template":"","format":"standard","meta":{"footnotes":""},"categories":[65],"tags":[],"class_list":["post-772246","post","type-post","status-publish","format-standard","has-post-thumbnail","hentry","category-lajme"],"gt_translate_keys":[{"key":"link","format":"url"}],"_links":{"self":[{"href":"https:\/\/www.hashtag.al\/index.php\/wp-json\/wp\/v2\/posts\/772246","targetHints":{"allow":["GET"]}}],"collection":[{"href":"https:\/\/www.hashtag.al\/index.php\/wp-json\/wp\/v2\/posts"}],"about":[{"href":"https:\/\/www.hashtag.al\/index.php\/wp-json\/wp\/v2\/types\/post"}],"author":[{"embeddable":true,"href":"https:\/\/www.hashtag.al\/index.php\/wp-json\/wp\/v2\/users\/32"}],"replies":[{"embeddable":true,"href":"https:\/\/www.hashtag.al\/index.php\/wp-json\/wp\/v2\/comments?post=772246"}],"version-history":[{"count":99999,"href":"https:\/\/www.hashtag.al\/index.php\/wp-json\/wp\/v2\/posts\/772246\/revisions"}],"predecessor-version":[{"id":772248,"href":"https:\/\/www.hashtag.al\/index.php\/wp-json\/wp\/v2\/posts\/772246\/revisions\/772248"}],"wp:featuredmedia":[{"embeddable":true,"href":"https:\/\/www.hashtag.al\/index.php\/wp-json\/wp\/v2\/media\/772247"}],"wp:attachment":[{"href":"https:\/\/www.hashtag.al\/index.php\/wp-json\/wp\/v2\/media?parent=772246"}],"wp:term":[{"taxonomy":"category","embeddable":true,"href":"https:\/\/www.hashtag.al\/index.php\/wp-json\/wp\/v2\/categories?post=772246"},{"taxonomy":"post_tag","embeddable":true,"href":"https:\/\/www.hashtag.al\/index.php\/wp-json\/wp\/v2\/tags?post=772246"}],"curies":[{"name":"wp","href":"https:\/\/api.w.org\/{rel}","templated":true}]}}