{"id":772186,"date":"2025-11-19T12:19:45","date_gmt":"2025-11-19T11:19:45","guid":{"rendered":"https:\/\/www.hashtag.al\/?p=772186"},"modified":"2025-11-19T12:19:45","modified_gmt":"2025-11-19T11:19:45","slug":"tabaku-ne-kuvend-minimumi-jetik-eshte-detyrim-ligjor-dhe-moral-qeveria-refuzon-prej-13-vitesh-ti-jape-dinjitet-qytetareve","status":"publish","type":"post","link":"https:\/\/www.hashtag.al\/index.php\/2025\/11\/19\/tabaku-ne-kuvend-minimumi-jetik-eshte-detyrim-ligjor-dhe-moral-qeveria-refuzon-prej-13-vitesh-ti-jape-dinjitet-qytetareve\/","title":{"rendered":"Tabaku n\u00eb Kuvend: Minimumi jetik \u00ebsht\u00eb detyrim ligjor dhe moral, qeveria refuzon prej 13 vitesh t\u2019i jap\u00eb dinjitet qytetar\u00ebve","gt_translate_keys":[{"key":"rendered","format":"text"}]},"content":{"rendered":"<div class=\"html-div xdj266r x14z9mp xat24cr x1lziwak xexx8yu xyri2b x18d9i69 x1c1uobl\">\n<div class=\"html-div xdj266r x14z9mp xat24cr x1lziwak xexx8yu xyri2b x18d9i69 x1c1uobl\" dir=\"auto\">\n<div class=\"html-div xdj266r x14z9mp xat24cr x1lziwak xexx8yu xyri2b x18d9i69 x1c1uobl\" data-ad-rendering-role=\"story_message\">\n<div id=\"_r_24_\" class=\"x1l90r2v x1iorvi4 x1g0dm76 xpdmqnj\" data-ad-comet-preview=\"message\" data-ad-preview=\"message\">\n<div class=\"x78zum5 xdt5ytf xz62fqu x16ldp7u\">\n<div class=\"xu06os2 x1ok221b\">\n<div class=\"html-div xdj266r x14z9mp xat24cr x1lziwak xexx8yu xyri2b x18d9i69 x1c1uobl\">\n<div class=\"xdj266r x14z9mp xat24cr x1lziwak x1vvkbs x126k92a\">\n<div dir=\"auto\"><img loading=\"lazy\" decoding=\"async\" class=\"aligncenter size-full wp-image-772187\" src=\"https:\/\/www.hashtag.al\/wp-content\/uploads\/2025\/11\/WhatsApp-Image-2025-11-19-at-11.57.06_ca46eca1-scaled.jpg\" alt=\"\" width=\"2560\" height=\"1706\" srcset=\"https:\/\/www.hashtag.al\/wp-content\/uploads\/2025\/11\/WhatsApp-Image-2025-11-19-at-11.57.06_ca46eca1-scaled.jpg 2560w, https:\/\/www.hashtag.al\/wp-content\/uploads\/2025\/11\/WhatsApp-Image-2025-11-19-at-11.57.06_ca46eca1-300x200.jpg 300w, https:\/\/www.hashtag.al\/wp-content\/uploads\/2025\/11\/WhatsApp-Image-2025-11-19-at-11.57.06_ca46eca1-1024x683.jpg 1024w, https:\/\/www.hashtag.al\/wp-content\/uploads\/2025\/11\/WhatsApp-Image-2025-11-19-at-11.57.06_ca46eca1-768x512.jpg 768w, https:\/\/www.hashtag.al\/wp-content\/uploads\/2025\/11\/WhatsApp-Image-2025-11-19-at-11.57.06_ca46eca1-1536x1024.jpg 1536w, https:\/\/www.hashtag.al\/wp-content\/uploads\/2025\/11\/WhatsApp-Image-2025-11-19-at-11.57.06_ca46eca1-2048x1365.jpg 2048w\" sizes=\"auto, (max-width: 2560px) 100vw, 2560px\" \/><\/div>\n<div dir=\"auto\"><\/div>\n<div dir=\"auto\"><span style=\"color: #000000;\">N\u00eb seanc\u00ebn plenare ku u diskutua mocioni p\u00ebr minimumin jetik, deputetja e Partis\u00eb Demokratike, Jorida Tabaku, akuzoi qeverin\u00eb se prej 13 vitesh ka braktisur shtresat n\u00eb nevoj\u00eb, pensionist\u00ebt dhe familjet shqiptare, duke mos siguruar as standardet minimale t\u00eb jetes\u00ebs.<\/span><\/div>\n<div dir=\"auto\"><\/div>\n<\/div>\n<div class=\"x14z9mp xat24cr x1lziwak x1vvkbs xtlvy1s x126k92a\">\n<div dir=\"auto\"><span style=\"color: #000000;\">Tabaku rikujtoi se minimumi jetik \u00ebsht\u00eb nj\u00eb k\u00ebrkes\u00eb e p\u00ebrs\u00ebritur e Partis\u00eb Demokratike prej disa legjislaturash, por edhe nj\u00eb detyrim ligjor q\u00eb Kuvendi vazhdon ta injoroj\u00eb. Ajo theksoi se:<\/span><\/div>\n<div dir=\"auto\"><\/div>\n<div dir=\"auto\"><span style=\"color: #000000;\">\u2022 55% e familjeve shqiptare nuk arrijn\u00eb t\u00eb mbyllin muajin;<\/span><\/div>\n<div dir=\"auto\"><\/div>\n<div dir=\"auto\"><span style=\"color: #000000;\">\u2022 \u00c7mimet e ushqimeve, nga 20% e mesatares s\u00eb BE-s\u00eb n\u00eb vitin 2012, sot kan\u00eb arritur n\u00eb 92% t\u00eb \u00e7mimeve t\u00eb BE-s\u00eb;<\/span><\/div>\n<div dir=\"auto\"><\/div>\n<div dir=\"auto\"><span style=\"color: #000000;\">\u2022 Shqip\u00ebria \u00ebsht\u00eb e fundit n\u00eb rajon p\u00ebr mb\u00ebshtetjen sociale dhe pensionet;<\/span><\/div>\n<div dir=\"auto\"><\/div>\n<div dir=\"auto\"><span style=\"color: #000000;\">\u2022 Nj\u00eb \u00e7ift pensionist\u00ebsh n\u00eb Tiran\u00eb ka nevoj\u00eb p\u00ebr mbi 90 mij\u00eb lek\u00eb n\u00eb muaj, shum\u00eb larg asaj q\u00eb ofron qeveria.<\/span><\/div>\n<div dir=\"auto\"><\/div>\n<\/div>\n<div class=\"x14z9mp xat24cr x1lziwak x1vvkbs xtlvy1s x126k92a\">\n<div dir=\"auto\"><span style=\"color: #000000;\">\u201cPensionist\u00ebt jan\u00eb sot shtresa m\u00eb e varf\u00ebr. Qeveria refuzon s\u00ebrish rritjen e pensioneve dhe nuk ofron asnj\u00eb politik\u00eb sociale q\u00eb ndihmon shumic\u00ebn\u201d, u shpreh Tabaku, duke n\u00ebnvizuar se shtesa prej disa lek\u00ebsh n\u00eb dit\u00eb p\u00ebr pensionist\u00ebt \u201c\u00ebsht\u00eb tallje dhe jo politik\u00eb sociale\u201d.<\/span><\/div>\n<div dir=\"auto\"><\/div>\n<\/div>\n<div class=\"x14z9mp xat24cr x1lziwak x1vvkbs xtlvy1s x126k92a\">\n<div dir=\"auto\"><span style=\"color: #000000;\">Ajo akuzoi qeverin\u00eb se buxheti i vitit t\u00eb ardhsh\u00ebm vazhdon t\u00eb jet\u00eb nj\u00eb buxhet q\u00eb favorizon pakic\u00ebn, koncesionet dhe PPP-t\u00eb, nd\u00ebrsa l\u00eb pas dore shtresat n\u00eb nevoj\u00eb.<\/span><\/div>\n<div dir=\"auto\"><\/div>\n<div dir=\"auto\"><span style=\"color: #000000;\">\u201cKemi kaluar koncesione, aeroporte, porte, projekte t\u00eb ve\u00e7anta, por asnj\u00ebher\u00eb nuk jemi mbledhur t\u00eb diskutojm\u00eb se si t\u00eb ndihmojm\u00eb shtresat m\u00eb t\u00eb cenueshme\u201d, n\u00ebnvizoi deputetja demokrate.<\/span><\/div>\n<div dir=\"auto\"><\/div>\n<\/div>\n<div class=\"x14z9mp xat24cr x1lziwak x1vvkbs xtlvy1s x126k92a\">\n<div dir=\"auto\"><span style=\"color: #000000;\">Tabaku theksoi se vet\u00ebm abuzimet financiare t\u00eb qeveris\u00eb mjaftojn\u00eb p\u00ebr t\u00eb mbuluar disa her\u00eb koston e minimumit jetik dhe t\u00eb rritjes s\u00eb pensioneve<\/span><\/div>\n<div dir=\"auto\"><\/div>\n<div dir=\"auto\"><span style=\"color: #000000;\">\u2022 \u201c50 milion\u00eb euro taks\u00eb korrupsioni n\u00eb tunelin e Llogaras\u00eb mund t\u00eb mbulonin dy her\u00eb fatur\u00ebn e pensionist\u00ebve\u201d,<\/span><\/div>\n<div dir=\"auto\"><\/div>\n<div dir=\"auto\"><span style=\"color: #000000;\">\u2022 \u201c430 milion\u00eb euro nga incenerator\u00ebt mund t\u00eb mbulonin kat\u00ebr her\u00eb rritjen e pensioneve\u201d<\/span><\/div>\n<div dir=\"auto\"><\/div>\n<\/div>\n<div class=\"x14z9mp xat24cr x1lziwak x1vvkbs xtlvy1s x126k92a\">\n<div dir=\"auto\"><span style=\"color: #000000;\">Deputetja b\u00ebri t\u00eb qart\u00eb se PD do ta rikthej\u00eb menj\u00ebher\u00eb pas miratimit t\u00eb buxhetit projektligjin p\u00ebr minimumin jetik si \u201cnj\u00eb detyrim moral, politik dhe social ndaj qytetar\u00ebve\u201d.<\/span><\/div>\n<div dir=\"auto\"><\/div>\n<\/div>\n<div class=\"x14z9mp xat24cr x1lziwak x1vvkbs xtlvy1s x126k92a\">\n<div dir=\"auto\"><span style=\"color: #000000;\">Ajo p\u00ebrs\u00ebriti thirrjen q\u00eb Shqip\u00ebria t\u2019i bashkohet vendeve t\u00eb rajonit dhe BE-s\u00eb q\u00eb e kan\u00eb t\u00eb p\u00ebrcaktuar qart\u00eb minimumin jetik. \u201cMinimumi jetik vendos dinjitetin e qytetar\u00ebve. Pa t\u00eb, asnj\u00eb reform\u00eb ekonomike nuk q\u00ebndron\u201d, tha Tabaku<\/span><\/div>\n<div dir=\"auto\"><\/div>\n<\/div>\n<div class=\"x14z9mp xat24cr x1lziwak x1vvkbs xtlvy1s x126k92a\">\n<div dir=\"auto\"><span style=\"color: #000000;\">N\u00eb p\u00ebrfundim, ajo u b\u00ebri apel deputet\u00ebve t\u00eb mazhoranc\u00ebs t\u00eb mb\u00ebshtesin k\u00ebt\u00eb nism\u00eb:<\/span><\/div>\n<div dir=\"auto\"><span style=\"color: #000000;\">\u201cShpresoj q\u00eb koleg\u00ebt socialist\u00eb t\u2019i bashkohen k\u00ebsaj nisme p\u00ebr t\u2019u kthyer qytetar\u00ebve at\u00eb q\u00eb u \u00ebsht\u00eb mohuar prej 30 vitesh: nj\u00eb jet\u00eb me dinjitet.\u201d<\/span><\/div>\n<\/div>\n<\/div>\n<\/div>\n<\/div>\n<\/div>\n<\/div>\n<\/div>\n<\/div>\n<div class=\"x8gbvx8 x80vd3b x1q0q8m5 xso031l x8cjs6t x13fuv20 x178xt8z x78zum5 x1q0g3np x1qughib x1y1aw1k xf159sx xwib8y2 x1g0dm76\">\n<div class=\"x78zum5 x1q0g3np\">\n<div class=\"xwklpps x1xmf6yo xf159sx\"><\/div>\n<\/div>\n<\/div>\n","protected":false,"gt_translate_keys":[{"key":"rendered","format":"html"}]},"excerpt":{"rendered":"<p>N\u00eb seanc\u00ebn plenare ku u diskutua mocioni p\u00ebr minimumin jetik, deputetja e Partis\u00eb Demokratike, Jorida Tabaku, akuzoi qeverin\u00eb se prej 13 vitesh ka braktisur shtresat n\u00eb nevoj\u00eb, pensionist\u00ebt dhe familjet shqiptare, duke mos siguruar as standardet minimale t\u00eb jetes\u00ebs. Tabaku rikujtoi se minimumi jetik \u00ebsht\u00eb nj\u00eb k\u00ebrkes\u00eb e p\u00ebrs\u00ebritur e Partis\u00eb Demokratike prej disa legjislaturash, [&hellip;]<\/p>\n","protected":false,"gt_translate_keys":[{"key":"rendered","format":"html"}]},"author":49,"featured_media":772187,"comment_status":"closed","ping_status":"open","sticky":false,"template":"","format":"standard","meta":{"footnotes":""},"categories":[65],"tags":[],"class_list":["post-772186","post","type-post","status-publish","format-standard","has-post-thumbnail","hentry","category-lajme"],"gt_translate_keys":[{"key":"link","format":"url"}],"_links":{"self":[{"href":"https:\/\/www.hashtag.al\/index.php\/wp-json\/wp\/v2\/posts\/772186","targetHints":{"allow":["GET"]}}],"collection":[{"href":"https:\/\/www.hashtag.al\/index.php\/wp-json\/wp\/v2\/posts"}],"about":[{"href":"https:\/\/www.hashtag.al\/index.php\/wp-json\/wp\/v2\/types\/post"}],"author":[{"embeddable":true,"href":"https:\/\/www.hashtag.al\/index.php\/wp-json\/wp\/v2\/users\/49"}],"replies":[{"embeddable":true,"href":"https:\/\/www.hashtag.al\/index.php\/wp-json\/wp\/v2\/comments?post=772186"}],"version-history":[{"count":99999,"href":"https:\/\/www.hashtag.al\/index.php\/wp-json\/wp\/v2\/posts\/772186\/revisions"}],"predecessor-version":[{"id":772188,"href":"https:\/\/www.hashtag.al\/index.php\/wp-json\/wp\/v2\/posts\/772186\/revisions\/772188"}],"wp:featuredmedia":[{"embeddable":true,"href":"https:\/\/www.hashtag.al\/index.php\/wp-json\/wp\/v2\/media\/772187"}],"wp:attachment":[{"href":"https:\/\/www.hashtag.al\/index.php\/wp-json\/wp\/v2\/media?parent=772186"}],"wp:term":[{"taxonomy":"category","embeddable":true,"href":"https:\/\/www.hashtag.al\/index.php\/wp-json\/wp\/v2\/categories?post=772186"},{"taxonomy":"post_tag","embeddable":true,"href":"https:\/\/www.hashtag.al\/index.php\/wp-json\/wp\/v2\/tags?post=772186"}],"curies":[{"name":"wp","href":"https:\/\/api.w.org\/{rel}","templated":true}]}}