{"id":772170,"date":"2025-11-19T12:02:16","date_gmt":"2025-11-19T11:02:16","guid":{"rendered":"https:\/\/www.hashtag.al\/?p=772170"},"modified":"2025-11-19T12:06:12","modified_gmt":"2025-11-19T11:06:12","slug":"portreti-i-gustav-klimt-qe-i-shpetoi-jeten-nga-nazistet-modeles-thyen-rekordin-e-artit-modern-shitet-236-milione-dollare","status":"publish","type":"post","link":"https:\/\/www.hashtag.al\/index.php\/2025\/11\/19\/portreti-i-gustav-klimt-qe-i-shpetoi-jeten-nga-nazistet-modeles-thyen-rekordin-e-artit-modern-shitet-236-milione-dollare\/","title":{"rendered":"Portreti i Gustav Klimt q\u00eb i shp\u00ebtoi jet\u00ebn nga nazist\u00ebt modeles, thyen rekordin e artit modern, shitet 236 milion\u00eb dollar\u00eb","gt_translate_keys":[{"key":"rendered","format":"text"}]},"content":{"rendered":"<p><span style=\"color: #000000;\"><img loading=\"lazy\" decoding=\"async\" class=\"aligncenter size-full wp-image-772171\" src=\"https:\/\/www.hashtag.al\/wp-content\/uploads\/2025\/11\/S111lta1ixbg_0_14_926_1267_0_x-large-ezgif.com-avif-to-jpg-converter.jpg\" alt=\"\" width=\"926\" height=\"1266\" \/><\/span><\/p>\n<p><span style=\"color: #000000;\">Elisabeth Lederer sajoi nj\u00eb histori se Klimt, i cili nuk ishte hebre dhe kishte vdekur n\u00eb vitin 1918, ishte babai i saj, dhe fakti q\u00eb artisti kaloi vite duke punuar me p\u00ebrpik\u00ebri n\u00eb portretin e saj e ndihmoi k\u00ebt\u00eb pretendim.<\/span><\/p>\n<p><span style=\"color: #000000;\">Nj\u00eb piktur\u00eb portret e Gustav Klimt, e cila ndihmoi n\u00eb shp\u00ebtimin e jet\u00ebs s\u00eb subjektit t\u00eb saj hebre gjat\u00eb Holokaustit, u shit t\u00eb mart\u00ebn p\u00ebr 236.4 milion\u00eb dollar\u00eb, nj\u00eb rekord p\u00ebr nj\u00eb vep\u00ebr t\u00eb artit modern.<\/span><\/p>\n<p><span style=\"color: #000000;\">&#8220;Portreti i Elisabeth Lederer&#8221; i Klimt u shit pas nj\u00eb lufte 20-minut\u00ebshe ofertash n\u00eb Sotheby&#8217;s n\u00eb Nju Jork, ku objekti m\u00eb i bujsh\u00ebm i mbr\u00ebmjes ishte nj\u00eb tualet prej ari t\u00eb past\u00ebr dhe plot\u00ebsisht funksional, i cili u shit p\u00ebr 12.1 milion\u00eb dollar\u00eb.<\/span><\/p>\n<p><span style=\"color: #000000;\">Portreti 1.8 metra i lart\u00eb, i pikturuar gjat\u00eb tre viteve midis 1914 dhe 1916, paraqet vajz\u00ebn e nj\u00eb prej familjeve m\u00eb t\u00eb pasura t\u00eb Vjen\u00ebs, t\u00eb stolisur me mantelin e nj\u00eb perandori t\u00eb Azis\u00eb Lindore. \u00cbsht\u00eb nj\u00eb nga dy portretet me trup t\u00eb plot\u00eb t\u00eb artistit austriak q\u00eb mbeten n\u00eb pron\u00ebsi private. Vepra ishte mbajtur e ndar\u00eb nga pikturat e tjera t\u00eb Klimt, t\u00eb cilat u dogj\u00ebn gjat\u00eb nj\u00eb zjarri n\u00eb nj\u00eb k\u00ebshtjell\u00eb austriake.<\/span><\/p>\n<p><span style=\"color: #000000;\">Piktura plot ngjyra p\u00ebrshkruan jet\u00ebn luksoze t\u00eb familjes Lederer para se Gjermania naziste t\u00eb aneksonte Austrin\u00eb n\u00eb vitin 1938. Nazist\u00ebt pla\u00e7kit\u00ebn koleksionin e artit t\u00eb familjes Lederer, duke l\u00ebn\u00eb pas vet\u00ebm portretet e familjes, t\u00eb cilat konsideroheshin &#8220;tep\u00ebr hebreje&#8221; p\u00ebr t&#8217;u vjedhur, sipas Galeris\u00eb Komb\u00ebtare t\u00eb Kanadas\u00eb, ku piktura kishte qen\u00eb m\u00eb par\u00eb e huazuar.<\/span><\/p>\n<p><span style=\"color: #000000;\">N\u00eb nj\u00eb p\u00ebrpjekje p\u00ebr t\u00eb shp\u00ebtuar veten, Elisabeth Lederer sajoi nj\u00eb histori se Klimt, i cili nuk ishte hebre dhe kishte vdekur n\u00eb vitin 1918, ishte babai i saj biologjik. Fakti q\u00eb artisti kishte kaluar vite duke punuar me p\u00ebrpik\u00ebri n\u00eb portretin e saj ndihmoi n\u00eb besueshm\u00ebrin\u00eb e k\u00ebsaj historie.<\/span><\/p>\n<p><span style=\"color: #000000;\">Me ndihm\u00ebn e ish-kunatit t\u00eb saj, nj\u00eb zyrtar i lart\u00eb nazist, ajo i bindi nazist\u00ebt t&#8217;i l\u00ebshonin nj\u00eb dokument ku thuhej se ajo rridhte nga Klimt. Kjo i lejoi asaj t\u00eb q\u00ebndronte e sigurt n\u00eb Vjen\u00eb derisa vdiq nga nj\u00eb s\u00ebmundje n\u00eb vitin 1944.<\/span><\/p>\n<p><span style=\"color: #000000;\">Portreti ishte pjes\u00eb e koleksionit t\u00eb miliarderit Leonard A. Lauder, trash\u00ebgimtar i gjigantit t\u00eb kozmetik\u00ebs The Est\u00e9e Lauder Companies. Ai vdiq k\u00ebt\u00eb vit n\u00eb mosh\u00ebn 92-vje\u00e7are, duke l\u00ebn\u00eb pas nj\u00eb koleksion mbres\u00ebl\u00ebn\u00ebs me vler\u00eb m\u00eb shum\u00eb se 400 milion\u00eb dollar\u00eb.<\/span><\/p>\n<p><span style=\"color: #000000;\">Sotheby&#8217;s refuzoi t\u00eb b\u00ebnte publik identitetin e bler\u00ebsit t\u00eb portretit. Shitja tejkaloi nj\u00eb rekord t\u00eb m\u00ebparsh\u00ebm p\u00ebr artin e shekullit t\u00eb 20-t\u00eb, t\u00eb vendosur nga nj\u00eb portret i Marilyn Monroe nga Andy \u00ebarhol, i cili u shit p\u00ebr 195 milion\u00eb dollar\u00eb n\u00eb vitin 2022.<\/span><\/p>\n<p><span style=\"color: #000000;\">Pes\u00eb vepra t\u00eb Klimt nga koleksioni i Lauder u shit\u00ebn n\u00eb ankand p\u00ebr nj\u00eb total prej 392 milion\u00eb dollar\u00ebsh, njoftoi Sotheby&#8217;s, shkruan <span style=\"color: #0000ff;\"><a style=\"color: #0000ff;\" href=\"https:\/\/www.ynetnews.com\/culture\/article\/sjwidgix11x\">Ynet<\/a><\/span>.<\/span><\/p>\n","protected":false,"gt_translate_keys":[{"key":"rendered","format":"html"}]},"excerpt":{"rendered":"<p>Elisabeth Lederer sajoi nj\u00eb histori se Klimt, i cili nuk ishte hebre dhe kishte vdekur n\u00eb vitin 1918, ishte babai i saj, dhe fakti q\u00eb artisti kaloi vite duke punuar me p\u00ebrpik\u00ebri n\u00eb portretin e saj e ndihmoi k\u00ebt\u00eb pretendim. Nj\u00eb piktur\u00eb portret e Gustav Klimt, e cila ndihmoi n\u00eb shp\u00ebtimin e jet\u00ebs s\u00eb subjektit [&hellip;]<\/p>\n","protected":false,"gt_translate_keys":[{"key":"rendered","format":"html"}]},"author":51,"featured_media":772171,"comment_status":"closed","ping_status":"open","sticky":false,"template":"","format":"standard","meta":{"footnotes":""},"categories":[53],"tags":[],"class_list":["post-772170","post","type-post","status-publish","format-standard","has-post-thumbnail","hentry","category-fast-foodi"],"gt_translate_keys":[{"key":"link","format":"url"}],"_links":{"self":[{"href":"https:\/\/www.hashtag.al\/index.php\/wp-json\/wp\/v2\/posts\/772170","targetHints":{"allow":["GET"]}}],"collection":[{"href":"https:\/\/www.hashtag.al\/index.php\/wp-json\/wp\/v2\/posts"}],"about":[{"href":"https:\/\/www.hashtag.al\/index.php\/wp-json\/wp\/v2\/types\/post"}],"author":[{"embeddable":true,"href":"https:\/\/www.hashtag.al\/index.php\/wp-json\/wp\/v2\/users\/51"}],"replies":[{"embeddable":true,"href":"https:\/\/www.hashtag.al\/index.php\/wp-json\/wp\/v2\/comments?post=772170"}],"version-history":[{"count":99999,"href":"https:\/\/www.hashtag.al\/index.php\/wp-json\/wp\/v2\/posts\/772170\/revisions"}],"predecessor-version":[{"id":772180,"href":"https:\/\/www.hashtag.al\/index.php\/wp-json\/wp\/v2\/posts\/772170\/revisions\/772180"}],"wp:featuredmedia":[{"embeddable":true,"href":"https:\/\/www.hashtag.al\/index.php\/wp-json\/wp\/v2\/media\/772171"}],"wp:attachment":[{"href":"https:\/\/www.hashtag.al\/index.php\/wp-json\/wp\/v2\/media?parent=772170"}],"wp:term":[{"taxonomy":"category","embeddable":true,"href":"https:\/\/www.hashtag.al\/index.php\/wp-json\/wp\/v2\/categories?post=772170"},{"taxonomy":"post_tag","embeddable":true,"href":"https:\/\/www.hashtag.al\/index.php\/wp-json\/wp\/v2\/tags?post=772170"}],"curies":[{"name":"wp","href":"https:\/\/api.w.org\/{rel}","templated":true}]}}