{"id":772139,"date":"2025-11-18T22:12:13","date_gmt":"2025-11-18T21:12:13","guid":{"rendered":"https:\/\/www.hashtag.al\/?p=772139"},"modified":"2025-11-18T22:14:15","modified_gmt":"2025-11-18T21:14:15","slug":"ngrirja-e-fondeve-te-ipard-kos-duhet-shume-kujdes-jane-parate-e-taksapaguesve-evropiane","status":"publish","type":"post","link":"https:\/\/www.hashtag.al\/index.php\/2025\/11\/18\/ngrirja-e-fondeve-te-ipard-kos-duhet-shume-kujdes-jane-parate-e-taksapaguesve-evropiane\/","title":{"rendered":"Ngrirja e fondeve t\u00eb IPARD, Kos: Duhet shum\u00eb kujdes, jan\u00eb parat\u00eb e taksapaguesve evropian\u00eb","gt_translate_keys":[{"key":"rendered","format":"text"}]},"content":{"rendered":"<p><img loading=\"lazy\" decoding=\"async\" class=\"aligncenter size-full wp-image-772140\" src=\"https:\/\/www.hashtag.al\/wp-content\/uploads\/2025\/11\/kos2.jpg\" alt=\"\" width=\"1156\" height=\"675\" srcset=\"https:\/\/www.hashtag.al\/wp-content\/uploads\/2025\/11\/kos2.jpg 1156w, https:\/\/www.hashtag.al\/wp-content\/uploads\/2025\/11\/kos2-300x175.jpg 300w, https:\/\/www.hashtag.al\/wp-content\/uploads\/2025\/11\/kos2-1024x598.jpg 1024w, https:\/\/www.hashtag.al\/wp-content\/uploads\/2025\/11\/kos2-768x448.jpg 768w, https:\/\/www.hashtag.al\/wp-content\/uploads\/2025\/11\/kos2-250x145.jpg 250w\" sizes=\"auto, (max-width: 1156px) 100vw, 1156px\" \/><\/p>\n<p><span style=\"color: #000000;\">Komisionerja p\u00ebr Zgjerimin e BE-s\u00eb Marta Kos theksoi se p\u00eb BE-n\u00eb, lufta e vendeve kandidate kund\u00ebr korrupsionit futet nd\u00ebr k\u00ebrkesat themelore dhe tejet t\u00eb r\u00ebnd\u00ebsishme. <\/span><\/p>\n<p><span style=\"color: #000000;\">P\u00ebrve\u00e7 luft\u00ebs kund\u00ebr korrupsionit, ajo renditi prokurimet publike, luft\u00ebn kund\u00ebr krimit t\u00eb organizuar, sistemin gjyq\u00ebsor dhe t\u00eb drejtat e njeriut si pjes\u00eb t\u00eb kapitujve themelor\u00eb dhe m\u00eb t\u00eb r\u00ebnd\u00ebsish\u00ebm p\u00ebr sa i p\u00ebrket integrimit.<\/span><\/p>\n<p><span style=\"color: #000000;\"> Lidhur me fondet e IPARD II q\u00eb jan\u00eb t\u00eb ngrira ende nga BE-ja pas problemeve t\u00eb gjetura nga institucionet e BE-s\u00eb, Kos tha se duhet shum\u00eb kujdes nd\u00ebrsa vler\u00ebsoi pun\u00ebn e SPAK-ut.<\/span><\/p>\n<p><span style=\"color: #000000;\"><span style=\"color: #ff0000;\"><strong>DW<\/strong><\/span>: <strong><em><b><i>Grup-kapitulli q\u00eb u hap dje ka t\u00eb b\u00ebj\u00eb edhe me buq\u00ebsin\u00eb, mes t\u00eb tjerash. Dhe kur u p\u00ebrmend bujq\u00ebsia ju theksuat se Shqip\u00ebria duhet t\u00eb b\u00ebj\u00eb shum\u00eb kujdes n\u00eb menaxhimin e fondeve. Kemi nj\u00eb p\u00ebrvoj\u00eb t\u00eb keqe nga e shkuara me fondet e IPARD. Aktualisht, fondet IPARD II jan\u00eb t\u00eb ngrira. Dhe fatkeq\u00ebsisht Shqip\u00ebria \u00ebsht\u00eb vend me nivel t\u00eb lart\u00eb korrupsioni. A mendoni se Shqip\u00ebria do jet\u00eb n\u00eb gjendje t\u2019i menaxhoj\u00eb k\u00ebto fonde n\u00eb t\u00eb ardhmen?<\/i><\/b><\/em><\/strong><\/span><\/p>\n<p><span style=\"color: #000000;\"><span style=\"color: #0000ff;\"><strong>Kos<\/strong><\/span>: <em>\u201cPo, jam e sigurt, po duhet t\u00eb jemi t\u00eb kujdessh\u00ebm. Ka shum\u00eb arsye p\u00ebr k\u00ebt\u00eb. S\u00eb pari jan\u00eb parat\u00eb e taksapaguesve europian\u00eb. Dhe un\u00eb jam gjithashtu p\u00ebrgjegj\u00ebse p\u00ebr taksapaguesit e BE-s\u00eb. Se dyti jan\u00eb b\u00ebr\u00eb p\u00ebrmir\u00ebsime. \u00a0Disa raste n\u00eb Shqip\u00ebri kan\u00eb treguar se agjencia SPAK po punon dhe n\u00ebse shohim se rastet jan\u00eb zbuluar tregon se gjithashtu ne kemi b\u00ebr\u00eb pun\u00eb t\u00eb mir\u00eb n\u00eb procesin e pranimit. Lufta kund\u00ebr korrupsionit \u00ebsht\u00eb n\u00eb grupin e t\u00eb ashtuquajturave \u201cThemelore\u201d. Do t\u00eb thot\u00eb se kjo \u00ebsht\u00eb me t\u00eb v\u00ebrtet\u00eb fusha ku ne b\u00ebjm\u00eb shum\u00eb p\u00ebrpjekje p\u00ebr t\u00eb ndihmuar vendet kandidate. Nga ana tjet\u00ebr ato duhet t\u00eb b\u00ebjn\u00eb shum\u00eb reforma.<\/em><\/span><\/p>\n<p><em><span style=\"color: #000000;\">P\u00ebr shembull n\u00eb Shqip\u00ebri \u00ebsht\u00eb kryer verifikimi i gjyqtar\u00ebve. Nuk \u00ebsht\u00eb v\u00ebrtet e leht\u00eb. SPAK po jep rezultate. Por kjo nuk \u00ebsht\u00eb e mjaftuesh\u00ebm ka t\u00eb b\u00ebj\u00eb me ndryshimin e politik\u00ebs. Nj\u00eb vend mund t\u00eb ket\u00eb ligjet m\u00eb t\u00eb mira t\u00eb mundshme kund\u00ebr korrupsionit. Por n\u00ebse korrupsioni pranohet gjer\u00ebsisht nga njer\u00ebzit, at\u00ebher\u00eb nuk kemi b\u00ebr\u00eb mjaftuesh\u00ebm. Pra kjo \u00ebsht\u00eb pika kryesore e veprimit, \u00ebsht\u00eb e r\u00ebnd\u00ebsishme p\u00ebr ne. Por gjithashtu \u00ebsht\u00eb di\u00e7ka ku ne jemi v\u00ebrtet t\u00eb rrept\u00eb.<\/span><\/em><\/p>\n<p><em><span style=\"color: #000000;\">N\u00eb fakt, un\u00eb jam e rrept\u00eb dhe ne jemi t\u00eb rrept\u00eb n\u00eb t\u00eb gjith\u00eb kapitujt q\u00eb ata duhet t\u00eb p\u00ebrmbushin. Dua t\u00eb them se ne hap\u00ebm t\u00eb gjith\u00eb grup-kapitujt por tani fillon puna e v\u00ebrtet\u00eb, pra duhet t\u00eb negociojm\u00eb kapitull pas kapitulli. Ata duhet t\u00eb p\u00ebrmbushin kriteret e nd\u00ebrmjetme k\u00ebshtu q\u00eb ka disa kritere q\u00eb duhet t\u00eb p\u00ebrmbushin. Pasi t\u00eb p\u00ebrmbushen ne do jemi n\u00eb gjendje t\u00eb mbyllim edhe kapitujt, por krimi i organizuar, anti-korrupsioni, sistemi i prokurimit publik, sistemi gjyq\u00ebsor, t\u00eb drejtat e njeriut, gjith\u00e7ka q\u00eb \u00ebsht\u00eb n\u00eb grupin e par\u00eb \u00ebsht\u00eb kaq e r\u00ebnd\u00ebsishme saq\u00eb ne e fillojm\u00eb me k\u00ebt\u00eb dhe e mbyllim me k\u00ebt\u00eb. K\u00ebshtu q\u00eb ne mund t\u00eb monitorojm\u00eb edhe zhvillimet nd\u00ebrmjet.&#8221;<\/span><\/em><\/p>\n<div style=\"width: 848px;\" class=\"wp-video\"><video class=\"wp-video-shortcode\" id=\"video-772139-1\" width=\"848\" height=\"480\" preload=\"metadata\" controls=\"controls\"><source type=\"video\/mp4\" src=\"https:\/\/www.hashtag.al\/wp-content\/uploads\/2025\/11\/Kos-online-video-cutter.com-1.mp4?_=1\" \/><a href=\"https:\/\/www.hashtag.al\/wp-content\/uploads\/2025\/11\/Kos-online-video-cutter.com-1.mp4\">https:\/\/www.hashtag.al\/wp-content\/uploads\/2025\/11\/Kos-online-video-cutter.com-1.mp4<\/a><\/video><\/div>\n","protected":false,"gt_translate_keys":[{"key":"rendered","format":"html"}]},"excerpt":{"rendered":"<p>Komisionerja p\u00ebr Zgjerimin e BE-s\u00eb Marta Kos theksoi se p\u00eb BE-n\u00eb, lufta e vendeve kandidate kund\u00ebr korrupsionit futet nd\u00ebr k\u00ebrkesat themelore dhe tejet t\u00eb r\u00ebnd\u00ebsishme. P\u00ebrve\u00e7 luft\u00ebs kund\u00ebr korrupsionit, ajo renditi prokurimet publike, luft\u00ebn kund\u00ebr krimit t\u00eb organizuar, sistemin gjyq\u00ebsor dhe t\u00eb drejtat e njeriut si pjes\u00eb t\u00eb kapitujve themelor\u00eb dhe m\u00eb t\u00eb r\u00ebnd\u00ebsish\u00ebm p\u00ebr [&hellip;]<\/p>\n","protected":false,"gt_translate_keys":[{"key":"rendered","format":"html"}]},"author":51,"featured_media":772140,"comment_status":"closed","ping_status":"open","sticky":false,"template":"","format":"standard","meta":{"footnotes":""},"categories":[65],"tags":[],"class_list":["post-772139","post","type-post","status-publish","format-standard","has-post-thumbnail","hentry","category-lajme"],"gt_translate_keys":[{"key":"link","format":"url"}],"_links":{"self":[{"href":"https:\/\/www.hashtag.al\/index.php\/wp-json\/wp\/v2\/posts\/772139","targetHints":{"allow":["GET"]}}],"collection":[{"href":"https:\/\/www.hashtag.al\/index.php\/wp-json\/wp\/v2\/posts"}],"about":[{"href":"https:\/\/www.hashtag.al\/index.php\/wp-json\/wp\/v2\/types\/post"}],"author":[{"embeddable":true,"href":"https:\/\/www.hashtag.al\/index.php\/wp-json\/wp\/v2\/users\/51"}],"replies":[{"embeddable":true,"href":"https:\/\/www.hashtag.al\/index.php\/wp-json\/wp\/v2\/comments?post=772139"}],"version-history":[{"count":99999,"href":"https:\/\/www.hashtag.al\/index.php\/wp-json\/wp\/v2\/posts\/772139\/revisions"}],"predecessor-version":[{"id":772144,"href":"https:\/\/www.hashtag.al\/index.php\/wp-json\/wp\/v2\/posts\/772139\/revisions\/772144"}],"wp:featuredmedia":[{"embeddable":true,"href":"https:\/\/www.hashtag.al\/index.php\/wp-json\/wp\/v2\/media\/772140"}],"wp:attachment":[{"href":"https:\/\/www.hashtag.al\/index.php\/wp-json\/wp\/v2\/media?parent=772139"}],"wp:term":[{"taxonomy":"category","embeddable":true,"href":"https:\/\/www.hashtag.al\/index.php\/wp-json\/wp\/v2\/categories?post=772139"},{"taxonomy":"post_tag","embeddable":true,"href":"https:\/\/www.hashtag.al\/index.php\/wp-json\/wp\/v2\/tags?post=772139"}],"curies":[{"name":"wp","href":"https:\/\/api.w.org\/{rel}","templated":true}]}}