{"id":772136,"date":"2025-11-18T21:51:17","date_gmt":"2025-11-18T20:51:17","guid":{"rendered":"https:\/\/www.hashtag.al\/?p=772136"},"modified":"2025-11-18T21:53:29","modified_gmt":"2025-11-18T20:53:29","slug":"keshilltaret-socialiste-kerkojne-pjesemarrjen-fizike-te-erion-veliajt-ne-mbledhjen-e-keshillit-bashkiak-me-21-nentor","status":"publish","type":"post","link":"https:\/\/www.hashtag.al\/index.php\/2025\/11\/18\/keshilltaret-socialiste-kerkojne-pjesemarrjen-fizike-te-erion-veliajt-ne-mbledhjen-e-keshillit-bashkiak-me-21-nentor\/","title":{"rendered":"K\u00ebshilltar\u00ebt socialist\u00eb k\u00ebrkojn\u00eb pjes\u00ebmarrjen fizike t\u00eb Erion Veliajt n\u00eb mbledhjen e K\u00ebshillit Bashkiak m\u00eb 21 n\u00ebntor","gt_translate_keys":[{"key":"rendered","format":"text"}]},"content":{"rendered":"<p data-start=\"155\" data-end=\"487\"><span style=\"color: #000000;\"><img loading=\"lazy\" decoding=\"async\" class=\"aligncenter wp-image-772137 size-full\" src=\"https:\/\/www.hashtag.al\/wp-content\/uploads\/2025\/11\/IMG_3590.jpeg\" alt=\"\" width=\"1280\" height=\"720\" srcset=\"https:\/\/www.hashtag.al\/wp-content\/uploads\/2025\/11\/IMG_3590.jpeg 1280w, https:\/\/www.hashtag.al\/wp-content\/uploads\/2025\/11\/IMG_3590-300x169.jpeg 300w, https:\/\/www.hashtag.al\/wp-content\/uploads\/2025\/11\/IMG_3590-1024x576.jpeg 1024w, https:\/\/www.hashtag.al\/wp-content\/uploads\/2025\/11\/IMG_3590-768x432.jpeg 768w\" sizes=\"auto, (max-width: 1280px) 100vw, 1280px\" \/><br \/>\nK\u00ebshilltar\u00ebt socialist\u00eb n\u00eb K\u00ebshillin Bashkiak t\u00eb Tiran\u00ebs i kan\u00eb drejtuar nj\u00eb shkres\u00eb zyrtare SPAK-ut dhe Drejtoris\u00eb s\u00eb P\u00ebrgjithshme t\u00eb Burgjeve, ku k\u00ebrkojn\u00eb q\u00eb kryebashkiakut Erion Veliaj t\u2019i mund\u00ebsohet pjes\u00ebmarrja fizike n\u00eb mbledhjen e radh\u00ebs t\u00eb K\u00ebshillit Bashkiak, q\u00eb do t\u00eb zhvillohet t\u00eb premten, m\u00eb 21 n\u00ebntor 2025, n\u00eb or\u00ebn 10:00.<\/span><\/p>\n<p data-start=\"489\" data-end=\"883\"><span style=\"color: #000000;\">N\u00eb shkres\u00eb argumentohet se pjes\u00ebmarrja e kryebashkiakut n\u00eb mbledhjet e K\u00ebshillit Bashkiak \u00ebsht\u00eb nj\u00eb e drejt\u00eb e p\u00ebrcaktuar n\u00eb Ligjin nr. 139\/2015 \u201cP\u00ebr Vet\u00ebqeverisjen Vendore\u201d. Konkretisht, neni 58, pika 4 i jep kryetarit t\u00eb bashkis\u00eb t\u00eb drejt\u00ebn t\u00eb marr\u00eb pjes\u00eb dhe t\u00eb raportoj\u00eb, nd\u00ebrsa neni 60 p\u00ebrcakton bashk\u00ebpunimin e detyruesh\u00ebm midis tij dhe K\u00ebshillit Bashkiak p\u00ebr \u00e7\u00ebshtjet e interesit publik.<\/span><\/p>\n<p data-start=\"885\" data-end=\"907\"><span style=\"color: #000000;\">K\u00ebshilltar\u00ebt k\u00ebrkojn\u00eb:<\/span><\/p>\n<ul data-start=\"909\" data-end=\"1083\">\n<li data-start=\"909\" data-end=\"992\">\n<p data-start=\"911\" data-end=\"992\"><span style=\"color: #000000;\">lejimin e p\u00ebrkohsh\u00ebm t\u00eb pranis\u00eb fizike t\u00eb Erion Veliajt n\u00eb mbledhje,<\/span><br data-start=\"979\" data-end=\"982\" \/><span style=\"color: #000000;\">ose,<\/span><\/p>\n<\/li>\n<li data-start=\"993\" data-end=\"1083\">\n<p data-start=\"995\" data-end=\"1083\"><span style=\"color: #000000;\">mund\u00ebsimin e pjes\u00ebmarrjes p\u00ebrmes videokonference, n\u00ebse prania fizike nuk \u00ebsht\u00eb e mundur.<\/span><\/p>\n<\/li>\n<\/ul>\n<p data-start=\"1085\" data-end=\"1453\"><span style=\"color: #000000;\">N\u00eb dokument theksohet se prania e kryebashkiakut \u00ebsht\u00eb e domosdoshme p\u00ebr prezantimin e drafteve, buxhetit, raportimeve vjetore dhe \u00e7\u00ebshtjeve t\u00eb administrimit vendor. Po ashtu, K\u00ebshilli Bashkiak shprehet i gatsh\u00ebm t\u00eb zbatoj\u00eb \u00e7do k\u00ebrkes\u00eb sigurie apo protokolli t\u00eb institucioneve p\u00ebrkat\u00ebse, p\u00ebr t\u00eb siguruar zhvillimin e nj\u00eb procesi transparent dhe n\u00eb p\u00ebrputhje me ligjin.<\/span><\/p>\n<p data-start=\"1455\" data-end=\"1594\" data-is-last-node=\"\" data-is-only-node=\"\"><span style=\"color: #000000;\">Nd\u00ebrkoh\u00eb, t\u00eb pyetur nga <em data-start=\"1479\" data-end=\"1490\">BalkanWeb<\/em>, k\u00ebshilltar\u00ebt e Partis\u00eb Demokratike n\u00eb K\u00ebshillin Bashkiak than\u00eb se nuk jan\u00eb n\u00eb dijeni t\u00eb k\u00ebsaj shkrese.<\/span><\/p>\n","protected":false,"gt_translate_keys":[{"key":"rendered","format":"html"}]},"excerpt":{"rendered":"<p>K\u00ebshilltar\u00ebt socialist\u00eb n\u00eb K\u00ebshillin Bashkiak t\u00eb Tiran\u00ebs i kan\u00eb drejtuar nj\u00eb shkres\u00eb zyrtare SPAK-ut dhe Drejtoris\u00eb s\u00eb P\u00ebrgjithshme t\u00eb Burgjeve, ku k\u00ebrkojn\u00eb q\u00eb kryebashkiakut Erion Veliaj t\u2019i mund\u00ebsohet pjes\u00ebmarrja fizike n\u00eb mbledhjen e radh\u00ebs t\u00eb K\u00ebshillit Bashkiak, q\u00eb do t\u00eb zhvillohet t\u00eb premten, m\u00eb 21 n\u00ebntor 2025, n\u00eb or\u00ebn 10:00. N\u00eb shkres\u00eb argumentohet se pjes\u00ebmarrja [&hellip;]<\/p>\n","protected":false,"gt_translate_keys":[{"key":"rendered","format":"html"}]},"author":32,"featured_media":772137,"comment_status":"closed","ping_status":"open","sticky":false,"template":"","format":"standard","meta":{"footnotes":""},"categories":[65],"tags":[],"class_list":["post-772136","post","type-post","status-publish","format-standard","has-post-thumbnail","hentry","category-lajme"],"gt_translate_keys":[{"key":"link","format":"url"}],"_links":{"self":[{"href":"https:\/\/www.hashtag.al\/index.php\/wp-json\/wp\/v2\/posts\/772136","targetHints":{"allow":["GET"]}}],"collection":[{"href":"https:\/\/www.hashtag.al\/index.php\/wp-json\/wp\/v2\/posts"}],"about":[{"href":"https:\/\/www.hashtag.al\/index.php\/wp-json\/wp\/v2\/types\/post"}],"author":[{"embeddable":true,"href":"https:\/\/www.hashtag.al\/index.php\/wp-json\/wp\/v2\/users\/32"}],"replies":[{"embeddable":true,"href":"https:\/\/www.hashtag.al\/index.php\/wp-json\/wp\/v2\/comments?post=772136"}],"version-history":[{"count":99999,"href":"https:\/\/www.hashtag.al\/index.php\/wp-json\/wp\/v2\/posts\/772136\/revisions"}],"predecessor-version":[{"id":772138,"href":"https:\/\/www.hashtag.al\/index.php\/wp-json\/wp\/v2\/posts\/772136\/revisions\/772138"}],"wp:featuredmedia":[{"embeddable":true,"href":"https:\/\/www.hashtag.al\/index.php\/wp-json\/wp\/v2\/media\/772137"}],"wp:attachment":[{"href":"https:\/\/www.hashtag.al\/index.php\/wp-json\/wp\/v2\/media?parent=772136"}],"wp:term":[{"taxonomy":"category","embeddable":true,"href":"https:\/\/www.hashtag.al\/index.php\/wp-json\/wp\/v2\/categories?post=772136"},{"taxonomy":"post_tag","embeddable":true,"href":"https:\/\/www.hashtag.al\/index.php\/wp-json\/wp\/v2\/tags?post=772136"}],"curies":[{"name":"wp","href":"https:\/\/api.w.org\/{rel}","templated":true}]}}