{"id":772129,"date":"2025-11-18T21:38:06","date_gmt":"2025-11-18T20:38:06","guid":{"rendered":"https:\/\/www.hashtag.al\/?p=772129"},"modified":"2025-11-18T21:44:41","modified_gmt":"2025-11-18T20:44:41","slug":"hetimet-ndaj-ballukut-kos-raste-korrupsioni-ka-edhe-brenda-be-se-rendesi-ka-te-zbulohen-e-luftohen","status":"publish","type":"post","link":"https:\/\/www.hashtag.al\/index.php\/2025\/11\/18\/hetimet-ndaj-ballukut-kos-raste-korrupsioni-ka-edhe-brenda-be-se-rendesi-ka-te-zbulohen-e-luftohen\/","title":{"rendered":"Hetimet ndaj Ballukut, Kos: Raste korrupsioni ka edhe brenda BE-s\u00eb, r\u00ebnd\u00ebsi ka t\u00eb zbulohen e luftohen","gt_translate_keys":[{"key":"rendered","format":"text"}]},"content":{"rendered":"<p><img loading=\"lazy\" decoding=\"async\" class=\"aligncenter size-full wp-image-772130\" src=\"https:\/\/www.hashtag.al\/wp-content\/uploads\/2025\/11\/kos1.jpg\" alt=\"\" width=\"1196\" height=\"675\" srcset=\"https:\/\/www.hashtag.al\/wp-content\/uploads\/2025\/11\/kos1.jpg 1196w, https:\/\/www.hashtag.al\/wp-content\/uploads\/2025\/11\/kos1-300x169.jpg 300w, https:\/\/www.hashtag.al\/wp-content\/uploads\/2025\/11\/kos1-1024x578.jpg 1024w, https:\/\/www.hashtag.al\/wp-content\/uploads\/2025\/11\/kos1-768x433.jpg 768w\" sizes=\"auto, (max-width: 1196px) 100vw, 1196px\" \/><\/p>\n<p><span style=\"color: #000000;\">E pyetur mbi hetimet ndaj zv.kryeministres Balluku, Komisionerja p\u00ebr Zgjerimin e BE-s\u00eb Marta Kos tha se raste korrupsioni ka edhe brenda BE-s\u00eb por e r\u00ebnd\u00ebsishme \u00ebsht\u00eb zbulimi i tyre dhe puna e institucioneve p\u00ebr t\u2019i luftuar rastet n\u00eb fjal\u00eb. <\/span><\/p>\n<p><span style=\"color: #000000;\">N\u00eb nj\u00eb p\u00ebrgjigje p\u00ebr DW, zyertarja e lart\u00eb tha se nuk I vjen aspak mir\u00eb q\u00eb d\u00ebgjon p\u00ebr k\u00ebto raste por vler\u00ebsoi pun\u00ebn e SPAK-ut.<\/span><\/p>\n<p><span style=\"color: #000000;\"><strong><span style=\"color: #ff0000;\"><b>DW<\/b><\/span><em><b><i>: Ju p\u00ebrmend\u00ebt SPAK-un, gjithashtu fol\u00ebt p\u00ebr prokurimet publike, luft\u00ebn kund\u00ebr korrupsionit dhe t\u00eb gjitha k\u00ebto me sjellin nd\u00ebrmend rastin e zv.kryeministres aktuale, q\u00eb \u00ebsht\u00eb n\u00ebn hetim. Ka gjithashtu nj\u00eb tjet\u00ebr ish-z\u00ebvend\u00ebskryeminist\u00ebr n\u00eb arrati. N\u00eb t\u00eb dyja k\u00ebto raste kemi korrupsion t\u00eb nivelit t\u00eb lart\u00eb.<\/i><\/b><\/em><\/strong><\/span><\/p>\n<p><span style=\"color: #000000;\"><strong><span style=\"color: #0000ff;\">Kos<\/span><\/strong>: &#8220;<em>P\u00ebr mua ky \u00ebsht\u00eb nj\u00eb hap p\u00ebrpara sepse k\u00ebto raste jan\u00eb zbuluar. Nuk jam e lumtur t\u00eb d\u00ebgjoj p\u00ebr k\u00ebto raste. E nj\u00ebjta gj\u00eb vlen p\u00ebr Ukrain\u00ebn por kjo tregon se institucionet anti-korrupsion po punojn\u00eb. <\/em><\/span><\/p>\n<p><span style=\"color: #000000;\"><em>Si\u00e7 e kam th\u00ebn\u00eb edhe m\u00eb par\u00eb, ne gjithashtu kemi raste korrupsioni brenda Bashkimit Evropian. Ato ndodhin kudo. E r\u00ebnd\u00ebsishme \u00ebsht\u00eb t\u00eb kemi institucione, vendet kandidate i kan\u00eb institucionet p\u00ebr t\u2019i luftuar k\u00ebto raste. <\/em><\/span><\/p>\n<p><span style=\"color: #000000;\"><em>M\u00eb pas do jet\u00eb sistemi gjyq\u00ebsor ose gjykatat q\u00eb do zbulojn\u00eb n\u00ebse ligji \u00ebsht\u00eb shkelur dhe n\u00ebse \u00ebsht\u00eb shkelur se \u00e7far\u00eb do ndodh\u00eb m\u00eb pas.&#8221;<\/em><\/span><\/p>\n<div style=\"width: 848px;\" class=\"wp-video\"><video class=\"wp-video-shortcode\" id=\"video-772129-1\" width=\"848\" height=\"480\" preload=\"metadata\" controls=\"controls\"><source type=\"video\/mp4\" src=\"https:\/\/www.hashtag.al\/wp-content\/uploads\/2025\/11\/Kos-online-video-cutter.com_.mp4?_=1\" \/><a href=\"https:\/\/www.hashtag.al\/wp-content\/uploads\/2025\/11\/Kos-online-video-cutter.com_.mp4\">https:\/\/www.hashtag.al\/wp-content\/uploads\/2025\/11\/Kos-online-video-cutter.com_.mp4<\/a><\/video><\/div>\n","protected":false,"gt_translate_keys":[{"key":"rendered","format":"html"}]},"excerpt":{"rendered":"<p>E pyetur mbi hetimet ndaj zv.kryeministres Balluku, Komisionerja p\u00ebr Zgjerimin e BE-s\u00eb Marta Kos tha se raste korrupsioni ka edhe brenda BE-s\u00eb por e r\u00ebnd\u00ebsishme \u00ebsht\u00eb zbulimi i tyre dhe puna e institucioneve p\u00ebr t\u2019i luftuar rastet n\u00eb fjal\u00eb. N\u00eb nj\u00eb p\u00ebrgjigje p\u00ebr DW, zyertarja e lart\u00eb tha se nuk I vjen aspak mir\u00eb q\u00eb [&hellip;]<\/p>\n","protected":false,"gt_translate_keys":[{"key":"rendered","format":"html"}]},"author":51,"featured_media":772130,"comment_status":"closed","ping_status":"open","sticky":false,"template":"","format":"standard","meta":{"footnotes":""},"categories":[65],"tags":[],"class_list":["post-772129","post","type-post","status-publish","format-standard","has-post-thumbnail","hentry","category-lajme"],"gt_translate_keys":[{"key":"link","format":"url"}],"_links":{"self":[{"href":"https:\/\/www.hashtag.al\/index.php\/wp-json\/wp\/v2\/posts\/772129","targetHints":{"allow":["GET"]}}],"collection":[{"href":"https:\/\/www.hashtag.al\/index.php\/wp-json\/wp\/v2\/posts"}],"about":[{"href":"https:\/\/www.hashtag.al\/index.php\/wp-json\/wp\/v2\/types\/post"}],"author":[{"embeddable":true,"href":"https:\/\/www.hashtag.al\/index.php\/wp-json\/wp\/v2\/users\/51"}],"replies":[{"embeddable":true,"href":"https:\/\/www.hashtag.al\/index.php\/wp-json\/wp\/v2\/comments?post=772129"}],"version-history":[{"count":99999,"href":"https:\/\/www.hashtag.al\/index.php\/wp-json\/wp\/v2\/posts\/772129\/revisions"}],"predecessor-version":[{"id":772135,"href":"https:\/\/www.hashtag.al\/index.php\/wp-json\/wp\/v2\/posts\/772129\/revisions\/772135"}],"wp:featuredmedia":[{"embeddable":true,"href":"https:\/\/www.hashtag.al\/index.php\/wp-json\/wp\/v2\/media\/772130"}],"wp:attachment":[{"href":"https:\/\/www.hashtag.al\/index.php\/wp-json\/wp\/v2\/media?parent=772129"}],"wp:term":[{"taxonomy":"category","embeddable":true,"href":"https:\/\/www.hashtag.al\/index.php\/wp-json\/wp\/v2\/categories?post=772129"},{"taxonomy":"post_tag","embeddable":true,"href":"https:\/\/www.hashtag.al\/index.php\/wp-json\/wp\/v2\/tags?post=772129"}],"curies":[{"name":"wp","href":"https:\/\/api.w.org\/{rel}","templated":true}]}}