{"id":772081,"date":"2025-11-18T16:46:42","date_gmt":"2025-11-18T15:46:42","guid":{"rendered":"https:\/\/www.hashtag.al\/?p=772081"},"modified":"2025-11-18T16:46:42","modified_gmt":"2025-11-18T15:46:42","slug":"rama-nga-brukseli-92-e-shqiptareve-jane-pro-be-se","status":"publish","type":"post","link":"https:\/\/www.hashtag.al\/index.php\/2025\/11\/18\/rama-nga-brukseli-92-e-shqiptareve-jane-pro-be-se\/","title":{"rendered":"Rama nga Brukseli: 92% e shqiptar\u00ebve jan\u00eb pro BE-s\u00eb","gt_translate_keys":[{"key":"rendered","format":"text"}]},"content":{"rendered":"<p><span style=\"color: #000000;\"><img loading=\"lazy\" decoding=\"async\" class=\"alignnone size-medium wp-image-772082\" src=\"https:\/\/www.hashtag.al\/wp-content\/uploads\/2025\/11\/WhatsApp-Image-2025-11-18-at-16.31.16-300x200.jpeg\" alt=\"\" width=\"300\" height=\"200\" srcset=\"https:\/\/www.hashtag.al\/wp-content\/uploads\/2025\/11\/WhatsApp-Image-2025-11-18-at-16.31.16-300x200.jpeg 300w, https:\/\/www.hashtag.al\/wp-content\/uploads\/2025\/11\/WhatsApp-Image-2025-11-18-at-16.31.16-1024x683.jpeg 1024w, https:\/\/www.hashtag.al\/wp-content\/uploads\/2025\/11\/WhatsApp-Image-2025-11-18-at-16.31.16-768x512.jpeg 768w, https:\/\/www.hashtag.al\/wp-content\/uploads\/2025\/11\/WhatsApp-Image-2025-11-18-at-16.31.16.jpeg 1280w\" sizes=\"auto, (max-width: 300px) 100vw, 300px\" \/><\/span><\/p>\n<p><span style=\"color: #000000;\"><!--StartFragment --><\/span><\/p>\n<p><span style=\"color: #000000;\">Kryeministri Edi Rama, gjat\u00eb fjal\u00ebs s\u00eb tij n\u00eb Forumin p\u00ebr Zgjerimin e Bashkimit Evropian n\u00eb Komisionin Evropian, theksoi mb\u00ebshtetjen e gjer\u00eb t\u00eb qytetar\u00ebve shqiptar\u00eb p\u00ebr integrimin n\u00eb BE, duke e cil\u00ebsuar k\u00ebt\u00eb si nj\u00eb aspirat\u00eb t\u00eb thell\u00eb komb\u00ebtare.<\/span><\/p>\n<p><span style=\"color: #000000;\"><em>\u201c92% e qytetar\u00ebve tan\u00eb jan\u00eb besnik\u00eb t\u00eb BE-s\u00eb, sipas nj\u00eb ankete,\u201d<\/em> deklaroi Rama, duke shtuar me ironi se pjesa tjet\u00ebr prej 8% q\u00eb jan\u00eb shprehur kund\u00ebr, ndoshta kan\u00eb qen\u00eb n\u00eb kushte t\u00eb pazakonta kur jan\u00eb pyetur: <em>\u201cPas ndonj\u00eb grindje me bashk\u00ebshorten, n\u00eb mes t\u00eb trafikut t\u00eb Tiran\u00ebs, ose pak minuta para ndeshjes Shqip\u00ebri\u2013Serbi.\u201d<\/em><\/span><\/p>\n<p><span style=\"color: #000000;\">Ai theksoi se mb\u00ebshtetja p\u00ebr BE-n\u00eb \u00ebsht\u00eb thuajse unanime dhe se \u00e7do devijim nga kjo prirje \u00ebsht\u00eb i p\u00ebrkohsh\u00ebm dhe emocional.<\/span><\/p>\n<p><span style=\"color: #000000;\"> Kryeministri e cil\u00ebsoi vendimin e shqiptar\u00ebve p\u00ebr t\u00eb qen\u00eb pjes\u00eb e \u201csht\u00ebpis\u00eb s\u00eb madhe europiane\u201d si t\u00eb pal\u00ebkundur dhe t\u00eb rr\u00ebnjosur thell\u00eb n\u00eb nd\u00ebrgjegjen komb\u00ebtare.<\/span><\/p>\n<p><!--EndFragment --><\/p>\n","protected":false,"gt_translate_keys":[{"key":"rendered","format":"html"}]},"excerpt":{"rendered":"<p>Kryeministri Edi Rama, gjat\u00eb fjal\u00ebs s\u00eb tij n\u00eb Forumin p\u00ebr Zgjerimin e Bashkimit Evropian n\u00eb Komisionin Evropian, theksoi mb\u00ebshtetjen e gjer\u00eb t\u00eb qytetar\u00ebve shqiptar\u00eb p\u00ebr integrimin n\u00eb BE, duke e cil\u00ebsuar k\u00ebt\u00eb si nj\u00eb aspirat\u00eb t\u00eb thell\u00eb komb\u00ebtare. \u201c92% e qytetar\u00ebve tan\u00eb jan\u00eb besnik\u00eb t\u00eb BE-s\u00eb, sipas nj\u00eb ankete,\u201d deklaroi Rama, duke shtuar me ironi [&hellip;]<\/p>\n","protected":false,"gt_translate_keys":[{"key":"rendered","format":"html"}]},"author":32,"featured_media":772082,"comment_status":"closed","ping_status":"open","sticky":false,"template":"","format":"standard","meta":{"footnotes":""},"categories":[65],"tags":[],"class_list":["post-772081","post","type-post","status-publish","format-standard","has-post-thumbnail","hentry","category-lajme"],"gt_translate_keys":[{"key":"link","format":"url"}],"_links":{"self":[{"href":"https:\/\/www.hashtag.al\/index.php\/wp-json\/wp\/v2\/posts\/772081","targetHints":{"allow":["GET"]}}],"collection":[{"href":"https:\/\/www.hashtag.al\/index.php\/wp-json\/wp\/v2\/posts"}],"about":[{"href":"https:\/\/www.hashtag.al\/index.php\/wp-json\/wp\/v2\/types\/post"}],"author":[{"embeddable":true,"href":"https:\/\/www.hashtag.al\/index.php\/wp-json\/wp\/v2\/users\/32"}],"replies":[{"embeddable":true,"href":"https:\/\/www.hashtag.al\/index.php\/wp-json\/wp\/v2\/comments?post=772081"}],"version-history":[{"count":99999,"href":"https:\/\/www.hashtag.al\/index.php\/wp-json\/wp\/v2\/posts\/772081\/revisions"}],"predecessor-version":[{"id":772083,"href":"https:\/\/www.hashtag.al\/index.php\/wp-json\/wp\/v2\/posts\/772081\/revisions\/772083"}],"wp:featuredmedia":[{"embeddable":true,"href":"https:\/\/www.hashtag.al\/index.php\/wp-json\/wp\/v2\/media\/772082"}],"wp:attachment":[{"href":"https:\/\/www.hashtag.al\/index.php\/wp-json\/wp\/v2\/media?parent=772081"}],"wp:term":[{"taxonomy":"category","embeddable":true,"href":"https:\/\/www.hashtag.al\/index.php\/wp-json\/wp\/v2\/categories?post=772081"},{"taxonomy":"post_tag","embeddable":true,"href":"https:\/\/www.hashtag.al\/index.php\/wp-json\/wp\/v2\/tags?post=772081"}],"curies":[{"name":"wp","href":"https:\/\/api.w.org\/{rel}","templated":true}]}}