{"id":772078,"date":"2025-11-18T16:20:36","date_gmt":"2025-11-18T15:20:36","guid":{"rendered":"https:\/\/www.hashtag.al\/?p=772078"},"modified":"2025-11-18T16:20:36","modified_gmt":"2025-11-18T15:20:36","slug":"forumi-per-zgjerimin-ne-be-rama-shqiperia-do-te-sjelle-ne-tryeze-shpirtin-e-madh-te-dikurshem-te-europes","status":"publish","type":"post","link":"https:\/\/www.hashtag.al\/index.php\/2025\/11\/18\/forumi-per-zgjerimin-ne-be-rama-shqiperia-do-te-sjelle-ne-tryeze-shpirtin-e-madh-te-dikurshem-te-europes\/","title":{"rendered":"Forumi p\u00ebr Zgjerimin n\u00eb BE, Rama: Shqip\u00ebria do t\u00eb sjell\u00eb n\u00eb tryez\u00eb shpirtin e madh t\u00eb dikursh\u00ebm t\u00eb Europ\u00ebs","gt_translate_keys":[{"key":"rendered","format":"text"}]},"content":{"rendered":"<p><img loading=\"lazy\" decoding=\"async\" class=\"alignnone size-medium wp-image-772079\" src=\"https:\/\/www.hashtag.al\/wp-content\/uploads\/2025\/11\/Screenshot_151-300x177.jpg\" alt=\"\" width=\"300\" height=\"177\" srcset=\"https:\/\/www.hashtag.al\/wp-content\/uploads\/2025\/11\/Screenshot_151-300x177.jpg 300w, https:\/\/www.hashtag.al\/wp-content\/uploads\/2025\/11\/Screenshot_151.jpg 669w\" sizes=\"auto, (max-width: 300px) 100vw, 300px\" \/><\/p>\n<p><span style=\"color: #000000;\">Kryeministri Edi Rama, mbajti sot nj\u00eb fjalim n\u00eb Forumin p\u00ebr Zgjerimin n\u00eb BE i cili po mbahet n\u00eb Bruksel.<\/span><\/p>\n<p><span style=\"color: #000000;\">Gjat\u00eb fjal\u00ebs s\u00eb tij Rama tha se me an\u00ebtar\u00ebsimin n\u00eb BE, Shqip\u00ebria do ti sjell\u00eb Bashkimit Evropian burime, pozicion, energji, pasuri, asete p\u00ebr BE dhe n\u00eb fund sipas tij \u201cpor jo m\u00eb pak nga r\u00ebnd\u00ebsia buz\u00ebqeshje n\u00eb fytyr\u00ebn shum\u00eb shpesh t\u00eb zymt\u00eb t\u00eb BE.\u201d<\/span><\/p>\n<p><span style=\"color: #000000;\"><em>\u201cShqip\u00ebria sjell n\u00eb tryez\u00eb shpirtin e madh t\u00eb dikursh\u00ebm t\u00eb Europ\u00ebs dhe i shton kuror\u00ebs s\u00eb saj edhe nj\u00eb gurt tjet\u00ebr t\u00eb \u00e7muar. Kemi treguar rezultate me reformat, ne po investojm\u00eb te e ardhmja jon\u00eb. Nuk k\u00ebkrojm\u00eb asgj\u00eb tjet\u00ebr p\u00ebrve\u00e7 se mund\u00ebsis\u00eb q\u00eb ti sh\u00ebrbejm\u00eb eurp\u00ebs ashtu si\u00e7 Europa i sh\u00ebrben paqes\u201d,<\/em> tha kreu i qeveris\u00eb.<\/span><\/p>\n<p><span style=\"color: #000000;\">Edi Rama: Ribashkimi sjell prosperitet, por zgjerimi nuk \u00ebsht\u00eb vet\u00ebm politik \u00ebsht\u00eb edhe ekonomik. Shqip\u00ebria dhe Mali Zi nuk jan\u00eb barr\u00eb aspak, p\u00ebrkundrazi ne sjellim burime pozicion, energji, pasuri, asete p\u00ebr BE dhe n\u00eb fund por jo m\u00eb pak nga r\u00ebnd\u00ebsia sjellim buz\u00ebqeshjeje n\u00eb fytyr\u00ebn shum\u00eb shpesh t\u00eb zymt\u00eb t\u00eb BE.<\/span><\/p>\n<p><span style=\"color: #000000;\">Imagjino nj\u00eb BE q\u00eb buz\u00ebqesh \u00e7do m\u00ebngjes. Zgjerimi funksionon, sa her\u00eb BE ka ftuar an\u00ebtar\u00eb t\u00eb rinj p\u00ebrfitimet kan\u00eb kaluar frik\u00ebs.<\/span><\/p>\n<p><span style=\"color: #000000;\">Sa m\u00eb shpejt t\u00eb ndodh aq m\u00eb mir\u00eb do jet\u00eb p\u00ebr BE. Na duhet p\u00ebrgjigja p\u00ebr t\u00eb gjith\u00eb ata q\u00eb thon\u00eb nuk funksionon p\u00ebr 27 e si do funksionoje me 29, 31, a 35. Por ne mund ta b\u00ebjm\u00eb t\u00eb funksionoj\u00eb n\u00ebse v\u00ebm\u00eb t\u00eb par\u00ebn BE, pa veto ka komisioner\u00eb dhe n\u00ebse l\u00ebm\u00eb egon m\u00ebnjan\u00eb.<\/span><\/p>\n<p><span style=\"color: #000000;\">T\u00eb mendosh se gj\u00ebrat do t\u2019i kthehet realiteti t\u00eb vjet\u00ebr \u00ebsht\u00eb nj\u00eb iluzion i rreziksh\u00ebm. Ribashkimi nuk \u00ebsht\u00eb favor q\u00eb an\u00ebtar\u00ebt e vjet\u00ebr i b\u00ebjn\u00eb t\u00eb rinjve, \u00ebsht\u00eb nj\u00eb barr\u00eb e p\u00ebrbashk\u00ebt. Ndonj\u00ebher\u00eb duhet ti p\u00ebrgjigjem ndonj\u00eb pyetje jo fort\u00eb t\u00eb leht\u00eb, pse BE ka interes q\u00eb ta kete Shqip\u00ebrin\u00eb n\u00eb tryez\u00ebn e saj t\u00eb rrumbullak\u00ebt?<\/span><\/p>\n<p><span style=\"color: #000000;\">Shqip\u00ebria sjell n\u00eb tryez\u00eb shpirtin e madh t\u00eb dikursh\u00ebm t\u00eb Europ\u00ebs dhe i shton kuror\u00ebs s\u00eb saj edhe nj\u00eb gur tjet\u00ebr t\u00eb \u00e7muar.<\/span><\/p>\n<p><span style=\"color: #000000;\">Kemi treguar rezultate me reformat, ne po investojm\u00eb te e ardhmja jon\u00eb. Nuk k\u00ebrkojm\u00eb asgj\u00eb tjet\u00ebr p\u00ebrve\u00e7 se mund\u00ebsis\u00eb q\u00eb ti sh\u00ebrbejm\u00eb europ\u00ebs ashtu si\u00e7 Europa i sh\u00ebrben paqes.<\/span><\/p>\n","protected":false,"gt_translate_keys":[{"key":"rendered","format":"html"}]},"excerpt":{"rendered":"<p>Kryeministri Edi Rama, mbajti sot nj\u00eb fjalim n\u00eb Forumin p\u00ebr Zgjerimin n\u00eb BE i cili po mbahet n\u00eb Bruksel. Gjat\u00eb fjal\u00ebs s\u00eb tij Rama tha se me an\u00ebtar\u00ebsimin n\u00eb BE, Shqip\u00ebria do ti sjell\u00eb Bashkimit Evropian burime, pozicion, energji, pasuri, asete p\u00ebr BE dhe n\u00eb fund sipas tij \u201cpor jo m\u00eb pak nga r\u00ebnd\u00ebsia buz\u00ebqeshje [&hellip;]<\/p>\n","protected":false,"gt_translate_keys":[{"key":"rendered","format":"html"}]},"author":32,"featured_media":772079,"comment_status":"closed","ping_status":"open","sticky":false,"template":"","format":"standard","meta":{"footnotes":""},"categories":[65],"tags":[],"class_list":["post-772078","post","type-post","status-publish","format-standard","has-post-thumbnail","hentry","category-lajme"],"gt_translate_keys":[{"key":"link","format":"url"}],"_links":{"self":[{"href":"https:\/\/www.hashtag.al\/index.php\/wp-json\/wp\/v2\/posts\/772078","targetHints":{"allow":["GET"]}}],"collection":[{"href":"https:\/\/www.hashtag.al\/index.php\/wp-json\/wp\/v2\/posts"}],"about":[{"href":"https:\/\/www.hashtag.al\/index.php\/wp-json\/wp\/v2\/types\/post"}],"author":[{"embeddable":true,"href":"https:\/\/www.hashtag.al\/index.php\/wp-json\/wp\/v2\/users\/32"}],"replies":[{"embeddable":true,"href":"https:\/\/www.hashtag.al\/index.php\/wp-json\/wp\/v2\/comments?post=772078"}],"version-history":[{"count":99999,"href":"https:\/\/www.hashtag.al\/index.php\/wp-json\/wp\/v2\/posts\/772078\/revisions"}],"predecessor-version":[{"id":772080,"href":"https:\/\/www.hashtag.al\/index.php\/wp-json\/wp\/v2\/posts\/772078\/revisions\/772080"}],"wp:featuredmedia":[{"embeddable":true,"href":"https:\/\/www.hashtag.al\/index.php\/wp-json\/wp\/v2\/media\/772079"}],"wp:attachment":[{"href":"https:\/\/www.hashtag.al\/index.php\/wp-json\/wp\/v2\/media?parent=772078"}],"wp:term":[{"taxonomy":"category","embeddable":true,"href":"https:\/\/www.hashtag.al\/index.php\/wp-json\/wp\/v2\/categories?post=772078"},{"taxonomy":"post_tag","embeddable":true,"href":"https:\/\/www.hashtag.al\/index.php\/wp-json\/wp\/v2\/tags?post=772078"}],"curies":[{"name":"wp","href":"https:\/\/api.w.org\/{rel}","templated":true}]}}