{"id":772073,"date":"2025-11-18T15:59:52","date_gmt":"2025-11-18T14:59:52","guid":{"rendered":"https:\/\/www.hashtag.al\/?p=772073"},"modified":"2025-11-18T16:00:44","modified_gmt":"2025-11-18T15:00:44","slug":"berisha-per-permbytjet-ne-vend-qytetaret-te-braktisur-qeveria-ne-narkoze-perballe-katastrofes","status":"publish","type":"post","link":"https:\/\/www.hashtag.al\/index.php\/2025\/11\/18\/berisha-per-permbytjet-ne-vend-qytetaret-te-braktisur-qeveria-ne-narkoze-perballe-katastrofes\/","title":{"rendered":"Berisha p\u00ebr p\u00ebrmbytjet n\u00eb vend: Qytetar\u00ebt t\u00eb braktisur, qeveria n\u00eb \u201cnarkoz\u00eb\u201d p\u00ebrball\u00eb katastrof\u00ebs","gt_translate_keys":[{"key":"rendered","format":"text"}]},"content":{"rendered":"<p><span style=\"color: #000000;\"><img loading=\"lazy\" decoding=\"async\" class=\"alignnone size-medium wp-image-772074\" src=\"https:\/\/www.hashtag.al\/wp-content\/uploads\/2025\/11\/berishaa-4-300x205.jpg\" alt=\"\" width=\"300\" height=\"205\" srcset=\"https:\/\/www.hashtag.al\/wp-content\/uploads\/2025\/11\/berishaa-4-300x205.jpg 300w, https:\/\/www.hashtag.al\/wp-content\/uploads\/2025\/11\/berishaa-4-1024x701.jpg 1024w, https:\/\/www.hashtag.al\/wp-content\/uploads\/2025\/11\/berishaa-4-768x526.jpg 768w, https:\/\/www.hashtag.al\/wp-content\/uploads\/2025\/11\/berishaa-4.jpg 1060w\" sizes=\"auto, (max-width: 300px) 100vw, 300px\" \/><\/span><\/p>\n<p><span style=\"color: #000000;\"><!--StartFragment --><\/span><\/p>\n<p><span style=\"color: #000000;\">Kreu i Partis\u00eb Demokratike, Sali Berisha, ka reaguar ashp\u00ebr ndaj qeveris\u00eb p\u00ebr menaxhimin e situat\u00ebs s\u00eb p\u00ebrmbytjeve q\u00eb kan\u00eb goditur disa zona t\u00eb vendit. <\/span><\/p>\n<p><span style=\"color: #000000;\">N\u00eb nj\u00eb deklarat\u00eb p\u00ebr mediat, ai akuzoi ekzekutivin p\u00ebr braktisje t\u00eb qytetar\u00ebve dhe munges\u00eb totale t\u00eb reagimit institucional.<\/span><\/p>\n<p><span style=\"color: #000000;\"><em>\u201cQindra familje n\u00eb Lezh\u00eb, Kurbin, Mat, Dukagjin e Shkod\u00ebr jan\u00eb n\u00eb m\u00ebshir\u00ebn e fatit. Kan\u00eb p\u00ebrjetuar tmerre nga v\u00ebrshimet, nd\u00ebrsa narkoqeveria \u00ebsht\u00eb n\u00eb narkoz\u00eb. Asnj\u00eb ndihm\u00eb, asnj\u00eb mb\u00ebshtetje,\u201d<\/em> u shpreh Berisha.<\/span><\/p>\n<p><span style=\"color: #000000;\">Ai theksoi se paralajm\u00ebrimet p\u00ebr motin e keq ishin dh\u00ebn\u00eb me koh\u00eb nga stacionet meteorologjike, por autoritetet nuk mor\u00ebn asnj\u00eb mas\u00eb parandaluese. <\/span><\/p>\n<p><span style=\"color: #000000;\">Sipas tij, strukturat e Mbrojtjes Civile jan\u00eb inekzistente dhe deputet\u00ebt e opozit\u00ebs n\u00eb terren nuk kan\u00eb asnj\u00eb mjet tjet\u00ebr p\u00ebrve\u00e7 solidaritetit.<\/span><\/p>\n<p><span style=\"color: #000000;\">Berisha e cil\u00ebsoi situat\u00ebn si pasoj\u00eb t\u00eb nj\u00eb qeverie t\u00eb zhytur n\u00eb skandale dhe t\u00eb p\u00ebrqendruar vet\u00ebm n\u00eb fshehjen e gjurm\u00ebve t\u00eb korrupsionit: <em>\u201cNj\u00eb qeveri e ng\u00ebrthyer nga superskandalet nuk ka asnj\u00eb preokupim tjet\u00ebr p\u00ebrve\u00e7se si t\u00eb fsheh\u00eb krimet dhe vjedhjet q\u00eb ka kryer.\u201d<\/em><\/span><\/p>\n<p><!--EndFragment --><\/p>\n","protected":false,"gt_translate_keys":[{"key":"rendered","format":"html"}]},"excerpt":{"rendered":"<p>Kreu i Partis\u00eb Demokratike, Sali Berisha, ka reaguar ashp\u00ebr ndaj qeveris\u00eb p\u00ebr menaxhimin e situat\u00ebs s\u00eb p\u00ebrmbytjeve q\u00eb kan\u00eb goditur disa zona t\u00eb vendit. N\u00eb nj\u00eb deklarat\u00eb p\u00ebr mediat, ai akuzoi ekzekutivin p\u00ebr braktisje t\u00eb qytetar\u00ebve dhe munges\u00eb totale t\u00eb reagimit institucional. \u201cQindra familje n\u00eb Lezh\u00eb, Kurbin, Mat, Dukagjin e Shkod\u00ebr jan\u00eb n\u00eb m\u00ebshir\u00ebn e [&hellip;]<\/p>\n","protected":false,"gt_translate_keys":[{"key":"rendered","format":"html"}]},"author":32,"featured_media":772074,"comment_status":"closed","ping_status":"open","sticky":false,"template":"","format":"standard","meta":{"footnotes":""},"categories":[65],"tags":[],"class_list":["post-772073","post","type-post","status-publish","format-standard","has-post-thumbnail","hentry","category-lajme"],"gt_translate_keys":[{"key":"link","format":"url"}],"_links":{"self":[{"href":"https:\/\/www.hashtag.al\/index.php\/wp-json\/wp\/v2\/posts\/772073","targetHints":{"allow":["GET"]}}],"collection":[{"href":"https:\/\/www.hashtag.al\/index.php\/wp-json\/wp\/v2\/posts"}],"about":[{"href":"https:\/\/www.hashtag.al\/index.php\/wp-json\/wp\/v2\/types\/post"}],"author":[{"embeddable":true,"href":"https:\/\/www.hashtag.al\/index.php\/wp-json\/wp\/v2\/users\/32"}],"replies":[{"embeddable":true,"href":"https:\/\/www.hashtag.al\/index.php\/wp-json\/wp\/v2\/comments?post=772073"}],"version-history":[{"count":99999,"href":"https:\/\/www.hashtag.al\/index.php\/wp-json\/wp\/v2\/posts\/772073\/revisions"}],"predecessor-version":[{"id":772077,"href":"https:\/\/www.hashtag.al\/index.php\/wp-json\/wp\/v2\/posts\/772073\/revisions\/772077"}],"wp:featuredmedia":[{"embeddable":true,"href":"https:\/\/www.hashtag.al\/index.php\/wp-json\/wp\/v2\/media\/772074"}],"wp:attachment":[{"href":"https:\/\/www.hashtag.al\/index.php\/wp-json\/wp\/v2\/media?parent=772073"}],"wp:term":[{"taxonomy":"category","embeddable":true,"href":"https:\/\/www.hashtag.al\/index.php\/wp-json\/wp\/v2\/categories?post=772073"},{"taxonomy":"post_tag","embeddable":true,"href":"https:\/\/www.hashtag.al\/index.php\/wp-json\/wp\/v2\/tags?post=772073"}],"curies":[{"name":"wp","href":"https:\/\/api.w.org\/{rel}","templated":true}]}}